{"id":189755,"date":"2019-08-03T12:01:35","date_gmt":"2019-08-03T09:01:35","guid":{"rendered":"http:\/\/www.tvturk.com\/index.php\/hong-kongda-hukumet-karsitlari-sokaga-dokuldu\/"},"modified":"2019-08-03T12:01:35","modified_gmt":"2019-08-03T09:01:35","slug":"hong-kongda-hukumet-karsitlari-sokaga-dokuldu","status":"publish","type":"post","link":"http:\/\/www.tvturk.com\/index.php\/hong-kongda-hukumet-karsitlari-sokaga-dokuldu\/","title":{"rendered":"Hong Kong\u2019da h\u00fckumet kar\u015f\u0131tlar\u0131 soka\u011fa d\u00f6k\u00fcld\u00fc"},"content":{"rendered":"<p>Hong Kong\u2019da su\u00e7lular\u0131n \u00c7in\u2019e iade edilmesinin \u00f6n\u00fcn\u00fc a\u00e7an yasa tasar\u0131s\u0131na kar\u015f\u0131 \u00e7\u0131kan binlerce h\u00fckumet kar\u015f\u0131t\u0131 yeniden sokaklara d\u00f6k\u00fcld\u00fc.<\/p>\n<p>Hong Kong\u2019da su\u00e7lular\u0131n \u00c7in\u2019e iadesi yasa tasar\u0131s\u0131 \u00fczerine ba\u015flayan protesto g\u00f6sterileri devam ediyor. Son haftalarda \u015fehirde \u015fiddet olaylar\u0131n\u0131n artmas\u0131 ve \u00e7etelerin h\u00fckumet kar\u015f\u0131tlar\u0131na sald\u0131rmas\u0131, su\u00e7 oran\u0131, d\u00fcnyan\u0131n bir\u00e7ok b\u00f6lgesine nazaran, d\u00fc\u015f\u00fck olan \u015fehirde kar\u0131\u015f\u0131kl\u0131\u011fa neden oldu. Haftalard\u0131r d\u00fczenlenen g\u00f6steriler bug\u00fcn ise \u015fehrin Mong Kok il\u00e7esine s\u0131\u00e7rad\u0131. Toplanan binlerce ki\u015fi \u015fehrin daha \u00f6zg\u00fcr olmas\u0131 ve h\u00fckumetin istifa etmesi i\u00e7in slogan att\u0131.<\/p>\n<p>\u015eehirde ya\u015fayan yabanc\u0131 \u00f6\u011frenci 20 ya\u015f\u0131ndaki Ivan, \u201cPolis g\u00fcc\u00fcn\u00fcn g\u00f6stericilere \u015fiddet i\u00e7eren y\u00f6ntemler uygulay\u0131p uygulayamayaca\u011f\u0131ndan biraz endi\u015fe duyuyorum \u00e7\u00fcnk\u00fc g\u00f6sterinin rotas\u0131 biraz dar ve ayr\u0131lmak istiyorsak polisten uzakla\u015fmak zor olabilir. G\u00f6sterilerin en az\u0131ndan 2019\u2019un sonuna kadar devam edece\u011fini d\u00fc\u015f\u00fcn\u00fcyorum\u201d diye konu\u015ftu.<\/p>\n<p>Causeway Bay b\u00f6lgesinde toplanan h\u00fckumet destek\u00e7ileri ise muhaliflerin 2 ayd\u0131r yapt\u0131\u011f\u0131 g\u00f6sterilere son vermeleri \u00e7a\u011fr\u0131s\u0131nda bulunarak, \u015fehirde \u015fiddetin sona ermesi gerekti\u011fini dile getiriyor. H\u00fckumet yanda\u015flar\u0131, \u015fehirdeki \u015fiddet olaylar\u0131ndan ve g\u00fcnl\u00fck hayat\u0131n aksamas\u0131ndan \u015fik\u00e2yet ediyor.  G\u00f6sterilere kat\u0131lan yabanc\u0131 uyruklu bir banka g\u00f6revlisi olan ve zamanla polis destek\u00e7isi olan Evan, \u201cHong Kong\u2019da her g\u00fcn artan \u015fiddeti g\u00f6rmekten ger\u00e7ekten \u00fcz\u00fcnt\u00fc duyuyorum. Protestocular art\u0131k h\u00fckumeti ve polisi dinlemiyor\u201d dedi.<\/p>\n<p>H\u00fckumet kar\u015f\u0131t\u0131 gruplar Pazar g\u00fcn\u00fc tekrar soka\u011fa \u00e7\u0131kacaklar\u0131n\u0131 ve Pazartesi g\u00fcn\u00fc toplu greve gideceklerini duyurdu.<\/p>\n","protected":false},"excerpt":{"rendered":"<p>HONG KONG&#8217;DA SU\u00c7LULARIN \u00c7\u0130N\u2019E \u0130ADE ED\u0130LMES\u0130N\u0130N \u00d6N\u00dcN\u00dc A\u00c7AN YASA TASARISINA KAR\u015eI \u00c7IKAN B\u0130NLERCE H\u00dcKUMET KAR\u015eITI YEN\u0130DEN SOKAKLARA D\u00d6K\u00dcLD\u00dc.<\/p>\n","protected":false},"author":1,"featured_media":189756,"comment_status":"closed","ping_status":"open","sticky":false,"template":"","format":"standard","meta":{"jetpack_post_was_ever_published":false,"_jetpack_newsletter_access":"","_jetpack_dont_email_post_to_subs":false,"_jetpack_newsletter_tier_id":0,"_jetpack_memberships_contains_paywalled_content":false,"_jetpack_memberships_contains_paid_content":false,"footnotes":"","jetpack_publicize_message":"","jetpack_publicize_feature_enabled":true,"jetpack_social_post_already_shared":true,"jetpack_social_options":{"image_generator_settings":{"template":"highway","default_image_id":0,"font":"","enabled":false},"version":2}},"categories":[10],"tags":[8109,13822,3563,47365,25751,893],"class_list":["post-189755","post","type-post","status-publish","format-standard","has-post-thumbnail","hentry","category-dunya","tag-dokuldu","tag-hong","tag-hukumet","tag-karsitlari","tag-kongda","tag-sokaga"],"jetpack_publicize_connections":[],"jetpack_featured_media_url":"https:\/\/i0.wp.com\/www.tvturk.com\/wp-content\/uploads\/2019\/08\/hong-kongda-hukumet-karsitlari-sokaga-dokuldu_7275be9.jpg?fit=1000%2C666","jetpack_sharing_enabled":true,"jetpack_shortlink":"https:\/\/wp.me\/paKIfm-Nmz","_links":{"self":[{"href":"http:\/\/www.tvturk.com\/index.php\/wp-json\/wp\/v2\/posts\/189755","targetHints":{"allow":["GET"]}}],"collection":[{"href":"http:\/\/www.tvturk.com\/index.php\/wp-json\/wp\/v2\/posts"}],"about":[{"href":"http:\/\/www.tvturk.com\/index.php\/wp-json\/wp\/v2\/types\/post"}],"author":[{"embeddable":true,"href":"http:\/\/www.tvturk.com\/index.php\/wp-json\/wp\/v2\/users\/1"}],"replies":[{"embeddable":true,"href":"http:\/\/www.tvturk.com\/index.php\/wp-json\/wp\/v2\/comments?post=189755"}],"version-history":[{"count":0,"href":"http:\/\/www.tvturk.com\/index.php\/wp-json\/wp\/v2\/posts\/189755\/revisions"}],"wp:featuredmedia":[{"embeddable":true,"href":"http:\/\/www.tvturk.com\/index.php\/wp-json\/wp\/v2\/media\/189756"}],"wp:attachment":[{"href":"http:\/\/www.tvturk.com\/index.php\/wp-json\/wp\/v2\/media?parent=189755"}],"wp:term":[{"taxonomy":"category","embeddable":true,"href":"http:\/\/www.tvturk.com\/index.php\/wp-json\/wp\/v2\/categories?post=189755"},{"taxonomy":"post_tag","embeddable":true,"href":"http:\/\/www.tvturk.com\/index.php\/wp-json\/wp\/v2\/tags?post=189755"}],"curies":[{"name":"wp","href":"https:\/\/api.w.org\/{rel}","templated":true}]}}