{"id":189831,"date":"2019-08-03T15:02:00","date_gmt":"2019-08-03T12:02:00","guid":{"rendered":"http:\/\/www.tvturk.com\/index.php\/34uncu-uluslararasi-mengen-ascilik-ve-turizm-festivali-basladi\/"},"modified":"2019-08-03T15:02:00","modified_gmt":"2019-08-03T12:02:00","slug":"34uncu-uluslararasi-mengen-ascilik-ve-turizm-festivali-basladi","status":"publish","type":"post","link":"http:\/\/www.tvturk.com\/index.php\/34uncu-uluslararasi-mengen-ascilik-ve-turizm-festivali-basladi\/","title":{"rendered":"34\u2019\u00fcnc\u00fc Uluslararas\u0131 Mengen A\u015f\u00e7\u0131l\u0131k ve Turizm Festivali ba\u015flad\u0131"},"content":{"rendered":"<p>Bolu\u2019nun Mengen il\u00e7esinde d\u00fczenlenen 34\u2019\u00fcnc\u00fc Uluslararas\u0131 Mengen A\u015f\u00e7\u0131l\u0131k ve Turizm Festivali\u2019nde, Guinness rekorlar kitab\u0131na girebilmek i\u00e7i 2 ton tavukla \u201cMangalda tavuk \u00e7evirme\u201d rekor denemesi yap\u0131ld\u0131.<\/p>\n<p>Bolu\u2019nun Mengen il\u00e7esinde 1981 y\u0131l\u0131ndan beridir geleneksel olarak d\u00fczenlenen Uluslararas\u0131 Mengen A\u015f\u00e7\u0131l\u0131k ve Turizm Festivali\u2019nin 34\u2019\u00fcnc\u00fcs\u00fc bug\u00fcn ba\u015flad\u0131. \u00c7e\u015fitli etkinliklerin yer ald\u0131\u011f\u0131 ve T\u00fcrkiye\u2019nin pek \u00e7ok ilinden gelen y\u00f6resel \u00fcr\u00fcnlerin tan\u0131t\u0131ld\u0131\u011f\u0131 festival, \u015fark\u0131c\u0131 Ziynet Sali ve Onur Ak\u0131n\u2019\u0131n da konserleriyle 2 g\u00fcn boyunca devam edecek.<\/p>\n<p>Festivalin a\u00e7\u0131l\u0131\u015f t\u00f6reninde konu\u015fan Mengen Belediye Ba\u015fkan\u0131 Turhan Bulut, \u201cBug\u00fcn Mengen\u2019de 34\u2019\u00fcnc\u00fc festivalimizin ba\u015flang\u0131c\u0131 da herzaman sonsuza dek ya\u015fataca\u011f\u0131m\u0131z, Gazi Mustafa Kemal Atat\u00fcrk\u2019\u00fcm\u00fcz\u00fcn do\u011fum y\u0131l\u0131n\u0131n 100\u2019\u00fcnc\u00fc y\u0131l\u0131na tekab\u00fcl eden 1981 y\u0131l\u0131nda Mengen\u2019in en g\u00fczel k\u00f6ylerinden Konak k\u00f6y\u00fcnde ilk festivalimiz d\u00fczenlendi. Mengen\u2019de ve T\u00fcrkiye\u2019de her\u015feyin \u00e7ok g\u00fczel olmas\u0131n\u0131 diliyorum\u201d dedi.<\/p>\n<p>Rekor denemesi yap\u0131ld\u0131<\/p>\n<p>D\u00fczenlenen a\u015f\u00e7\u0131l\u0131k festivalinde, kurulan 111 metrelik mangalda 2 ton tavuk kullan\u0131larak rekor denemesi ger\u00e7ekle\u015ftirildi. Sabah saatlerinde yak\u0131lan mangallarda \u015fi\u015flere ge\u00e7irilmi\u015f yakla\u015f\u0131k 2 bin tavuk pi\u015firilerek festivale kat\u0131lanlara ikram edildi.<\/p>\n<p>Ulusal A\u015f\u00e7\u0131l\u0131k Federasyon Ba\u015fkan\u0131 Melik Altunda\u011f, \u201c111 metrelik bir rekor denememiz var. Bug\u00fcn de bunu ger\u00e7ekle\u015ftirdik. Guinness\u2019e ba\u015fvurular\u0131m\u0131z haz\u0131rlan\u0131yor\u201d dedi.<\/p>\n","protected":false},"excerpt":{"rendered":"<p>BOLU\u2019NUN MENGEN \u0130L\u00c7ES\u0130NDE D\u00dcZENLENEN 34\u2019\u00dcNC\u00dc ULUSLARARASI MENGEN A\u015e\u00c7ILIK VE TUR\u0130ZM FEST\u0130VAL\u0130\u2019NDE, GU\u0130NNES REKORLAR K\u0130TABINA G\u0130REB\u0130LMEK \u0130\u00c7\u0130 2 TON TAVUKLA \u201cMANGALDA TAVUK \u00c7EV\u0130RME\u201d REKOR DENEMES\u0130 YAPILDI.<\/p>\n","protected":false},"author":1,"featured_media":189832,"comment_status":"closed","ping_status":"open","sticky":false,"template":"","format":"standard","meta":{"jetpack_post_was_ever_published":false,"_jetpack_newsletter_access":"","_jetpack_dont_email_post_to_subs":false,"_jetpack_newsletter_tier_id":0,"_jetpack_memberships_contains_paywalled_content":false,"_jetpack_memberships_contains_paid_content":false,"footnotes":"","jetpack_publicize_message":"","jetpack_publicize_feature_enabled":true,"jetpack_social_post_already_shared":true,"jetpack_social_options":{"image_generator_settings":{"template":"highway","default_image_id":0,"font":"","enabled":false},"version":2}},"categories":[1],"tags":[4839,38478,9502,55,3400,47392,2184],"class_list":["post-189831","post","type-post","status-publish","format-standard","has-post-thumbnail","hentry","category-genel","tag-uluslararasi","tag-34uncu","tag-ascilik","tag-basladi","tag-festivali","tag-mengen","tag-turizm"],"jetpack_publicize_connections":[],"jetpack_featured_media_url":"https:\/\/i0.wp.com\/www.tvturk.com\/wp-content\/uploads\/2019\/08\/34uncu-uluslararasi-mengen-ascilik-ve-turizm-festivali-basladi_6132350.jpg?fit=1000%2C666","jetpack_sharing_enabled":true,"jetpack_shortlink":"https:\/\/wp.me\/paKIfm-NnN","_links":{"self":[{"href":"http:\/\/www.tvturk.com\/index.php\/wp-json\/wp\/v2\/posts\/189831","targetHints":{"allow":["GET"]}}],"collection":[{"href":"http:\/\/www.tvturk.com\/index.php\/wp-json\/wp\/v2\/posts"}],"about":[{"href":"http:\/\/www.tvturk.com\/index.php\/wp-json\/wp\/v2\/types\/post"}],"author":[{"embeddable":true,"href":"http:\/\/www.tvturk.com\/index.php\/wp-json\/wp\/v2\/users\/1"}],"replies":[{"embeddable":true,"href":"http:\/\/www.tvturk.com\/index.php\/wp-json\/wp\/v2\/comments?post=189831"}],"version-history":[{"count":0,"href":"http:\/\/www.tvturk.com\/index.php\/wp-json\/wp\/v2\/posts\/189831\/revisions"}],"wp:featuredmedia":[{"embeddable":true,"href":"http:\/\/www.tvturk.com\/index.php\/wp-json\/wp\/v2\/media\/189832"}],"wp:attachment":[{"href":"http:\/\/www.tvturk.com\/index.php\/wp-json\/wp\/v2\/media?parent=189831"}],"wp:term":[{"taxonomy":"category","embeddable":true,"href":"http:\/\/www.tvturk.com\/index.php\/wp-json\/wp\/v2\/categories?post=189831"},{"taxonomy":"post_tag","embeddable":true,"href":"http:\/\/www.tvturk.com\/index.php\/wp-json\/wp\/v2\/tags?post=189831"}],"curies":[{"name":"wp","href":"https:\/\/api.w.org\/{rel}","templated":true}]}}