{"id":189849,"date":"2019-08-03T15:32:31","date_gmt":"2019-08-03T12:32:31","guid":{"rendered":"http:\/\/www.tvturk.com\/index.php\/antalyaspordan-akaryakit-istasyonu-aciklamasi\/"},"modified":"2019-08-03T15:32:31","modified_gmt":"2019-08-03T12:32:31","slug":"antalyaspordan-akaryakit-istasyonu-aciklamasi","status":"publish","type":"post","link":"http:\/\/www.tvturk.com\/index.php\/antalyaspordan-akaryakit-istasyonu-aciklamasi\/","title":{"rendered":"Antalyaspor\u2019dan akaryak\u0131t istasyonu a\u00e7\u0131klamas\u0131"},"content":{"rendered":"<p>Antalyaspor Kul\u00fcb\u00fc Derne\u011fi ve Antalyaspor Vakf\u0131 2. Ba\u015fkan\u0131 Mustafa Y\u0131lmaz, &#8220;Akaryak\u0131t ve servis istasyonu d\u0131\u015f\u0131ndaki di\u011fer \u00fcniteler \u00f6n\u00fcm\u00fczdeki g\u00fcnlerde teklif al\u0131narak yeni i\u015fleticileri ile bulu\u015fturulacak, yeni gelirler sa\u011flanacakt\u0131r&#8221; dedi.<\/p>\n<p>Antalyaspor Kul\u00fcb\u00fc Derne\u011fi ve Antalyaspor Vakf\u0131 2. Ba\u015fkan\u0131 Mustafa Y\u0131lmaz, Antalyaspor Akaryak\u0131t \u0130stasyonu kiralama ihalesine y\u00f6nelik baz\u0131 a\u00e7\u0131klamalarda bulundu. Y\u0131lmaz, Antalyaspor Kul\u00fcb\u00fc Derne\u011fi\u2019nin m\u00fclkiyetinde olan ta\u015f\u0131nmaz \u00fczerinde kurulan akaryak\u0131t istasyonunun  5 y\u0131l s\u00fcre ile kiralanmas\u0131na ili\u015fkin ihalenin, 1 A\u011fustos 2019 Per\u015fembe g\u00fcn\u00fc ger\u00e7ekle\u015ftirildi\u011fini an\u0131msatt\u0131.<\/p>\n<p>Y\u0131lmaz, ihale sonucuna g\u00f6re kul\u00fcb\u00fcn 5 y\u0131l i\u00e7in 9 milyon 966 bin TL\u2019nin yan\u0131 s\u0131ra, g\u00fcnl\u00fck 20 bin litrenin \u00fczerindeki akaryak\u0131t sat\u0131\u015f\u0131ndan y\u00fczde 2, g\u00fcnl\u00fck 8 bin TL\u2019nin \u00fczerindeki market cirosundan da y\u00fczde 5 pay almak \u00fczere, \u00f6nemli bir sabit gelir kayna\u011f\u0131na sahip oldu\u011funa dikkat \u00e7ekti.<\/p>\n<p>&#8220;Noter ve bas\u0131n \u00f6n\u00fcnde yap\u0131ld\u0131&#8221;<\/p>\n<p>Bu alan\u0131n kul\u00fcbe akaryak\u0131t istasyonu olarak kazand\u0131r\u0131lmas\u0131nda katk\u0131 veren eski B\u00fcy\u00fck\u015fehir Belediye Ba\u015fkan\u0131 Menderes T\u00fcrel\u2019e, s\u00fcrecin devam\u0131ndaki katk\u0131lar\u0131 sebebiyle B\u00fcy\u00fck\u015fehir Belediye Ba\u015fkan\u0131 Muhittin B\u00f6cek ve Muratpa\u015fa Belediye Ba\u015fkan\u0131  \u00dcmit Uysal\u2019a te\u015fekk\u00fcr eden Mustafa Y\u0131lmaz, &#8220;\u0130halemize T\u00fcrkiye\u2019nin \u00f6nde gelen 5 b\u00fcy\u00fck akaryak\u0131t da\u011f\u0131t\u0131m \u015firketinin davet edilmesi \u00f6ng\u00f6r\u00fclm\u00fc\u015f ve bu ba\u011flamda, Petrol Ofisi, Opet, Shell, BP ve Total firmalar\u0131 ihalemize davet edildi. Derne\u011fimizin haz\u0131rlad\u0131\u011f\u0131 ihale \u015fartnamesine g\u00f6re 5 y\u0131ll\u0131k asgari rakam 5 milyon TL olarak belirlenmi\u015f ve tekliflerin art\u0131rma suretiyle al\u0131naca\u011f\u0131 ilan edildi. Yasal mevzuat gerektirmedi\u011fi halde, \u015feffafl\u0131k ilkesini benimseyen y\u00f6netimimiz ihaleyi noter ve bas\u0131n \u00f6n\u00fcnde ger\u00e7ekle\u015ftirmi\u015ftir. \u0130halemize 5 da\u011f\u0131t\u0131m \u015firketinden sadece Opet Petrolc\u00fcl\u00fck kat\u0131l\u0131m g\u00f6stermi\u015f ve teklif sunmu\u015ftur. \u0130hale komisyonunun ricas\u0131, kat\u0131l\u0131mc\u0131 firmas\u0131n Antalyasporumuza katk\u0131 ve destek iste\u011fi sonucu teklif revize edilmi\u015f ve 5 y\u0131l i\u00e7in net 9 milyon 966 bin TL rakam\u0131na ula\u015f\u0131lm\u0131\u015ft\u0131r. Ayr\u0131ca, ihale bedeline ilaveten g\u00fcnl\u00fck 20 bin litre akaryak\u0131t sat\u0131\u015f\u0131n\u0131n \u00fczerindeki sat\u0131\u015ftan y\u00fczde 2, g\u00fcnl\u00fck 8 bin TL\u2019nin \u00fczerindeki market sat\u0131\u015f\u0131ndan y\u00fczde 5 pay kul\u00fcb\u00fcm\u00fcze \u00f6denecektir&#8221; ifadelerine yer verdi.<\/p>\n<p>&#8220;Di\u011fer alanlar i\u015fletmelere verilecek&#8221;<\/p>\n<p>Ta\u015f\u0131nmaz\u0131n \u00fczerinde olu\u015fturulan alanlar\u0131n mevcut ihale d\u0131\u015f\u0131nda oldu\u011funu vurgulayan Mustafa Y\u0131lmaz, &#8220;Akaryak\u0131t ve servis istasyonu d\u0131\u015f\u0131ndaki di\u011fer \u00fcniteler \u00f6n\u00fcm\u00fczdeki g\u00fcnlerde teklif al\u0131narak yeni i\u015fleticileri ile bulu\u015fturulacak, yeni gelirler sa\u011flanacakt\u0131r. Bu vesile ile \u00f6nceki d\u00f6nem dernek, vak\u0131f ve anonim \u015firketi y\u00f6neticilerimize kul\u00fcb\u00fcm\u00fcze kazand\u0131rd\u0131klar\u0131 i\u00e7in te\u015fekk\u00fcr eder, tesisin Antalyasporumuza hay\u0131rl\u0131 olmas\u0131n\u0131 dileriz&#8221; dedi.<\/p>\n","protected":false},"excerpt":{"rendered":"<p>ANTALYASPOR KUL\u00dcB\u00dc DERNE\u011e\u0130 VE ANTALYASPOR VAKFI 2. BA\u015eKANI MUSTAFA YILMAZ, &#8220;AKARYAKIT VE SERV\u0130S \u0130STASYONU DI\u015eINDAK\u0130 D\u0130\u011eER \u00dcN\u0130TELER \u00d6N\u00dcM\u00dcZDEK\u0130 G\u00dcNLERDE TEKL\u0130F ALINARAK YEN\u0130 \u0130\u015eLET\u0130C\u0130LER\u0130 \u0130LE BULU\u015eTURULACAK, YEN\u0130 GEL\u0130RLER SA\u011eLANACAKTIR.&#8221;DED\u0130.<\/p>\n","protected":false},"author":1,"featured_media":189850,"comment_status":"closed","ping_status":"open","sticky":false,"template":"","format":"standard","meta":{"jetpack_post_was_ever_published":false,"_jetpack_newsletter_access":"","_jetpack_dont_email_post_to_subs":false,"_jetpack_newsletter_tier_id":0,"_jetpack_memberships_contains_paywalled_content":false,"_jetpack_memberships_contains_paid_content":false,"footnotes":"","jetpack_publicize_message":"","jetpack_publicize_feature_enabled":true,"jetpack_social_post_already_shared":true,"jetpack_social_options":{"image_generator_settings":{"template":"highway","default_image_id":0,"font":"","enabled":false},"version":2}},"categories":[657],"tags":[1072,2423,34946,9498],"class_list":["post-189849","post","type-post","status-publish","format-standard","has-post-thumbnail","hentry","category-spor","tag-aciklamasi","tag-akaryakit","tag-antalyaspordan","tag-istasyonu"],"jetpack_publicize_connections":[],"jetpack_featured_media_url":"https:\/\/i0.wp.com\/www.tvturk.com\/wp-content\/uploads\/2019\/08\/antalyaspordan-akaryakit-istasyonu-aciklamasi_2a0880a.jpg?fit=1000%2C886","jetpack_sharing_enabled":true,"jetpack_shortlink":"https:\/\/wp.me\/paKIfm-No5","_links":{"self":[{"href":"http:\/\/www.tvturk.com\/index.php\/wp-json\/wp\/v2\/posts\/189849","targetHints":{"allow":["GET"]}}],"collection":[{"href":"http:\/\/www.tvturk.com\/index.php\/wp-json\/wp\/v2\/posts"}],"about":[{"href":"http:\/\/www.tvturk.com\/index.php\/wp-json\/wp\/v2\/types\/post"}],"author":[{"embeddable":true,"href":"http:\/\/www.tvturk.com\/index.php\/wp-json\/wp\/v2\/users\/1"}],"replies":[{"embeddable":true,"href":"http:\/\/www.tvturk.com\/index.php\/wp-json\/wp\/v2\/comments?post=189849"}],"version-history":[{"count":0,"href":"http:\/\/www.tvturk.com\/index.php\/wp-json\/wp\/v2\/posts\/189849\/revisions"}],"wp:featuredmedia":[{"embeddable":true,"href":"http:\/\/www.tvturk.com\/index.php\/wp-json\/wp\/v2\/media\/189850"}],"wp:attachment":[{"href":"http:\/\/www.tvturk.com\/index.php\/wp-json\/wp\/v2\/media?parent=189849"}],"wp:term":[{"taxonomy":"category","embeddable":true,"href":"http:\/\/www.tvturk.com\/index.php\/wp-json\/wp\/v2\/categories?post=189849"},{"taxonomy":"post_tag","embeddable":true,"href":"http:\/\/www.tvturk.com\/index.php\/wp-json\/wp\/v2\/tags?post=189849"}],"curies":[{"name":"wp","href":"https:\/\/api.w.org\/{rel}","templated":true}]}}