{"id":189881,"date":"2019-08-03T18:17:16","date_gmt":"2019-08-03T15:17:16","guid":{"rendered":"http:\/\/www.tvturk.com\/index.php\/iau-voleybol-kadin-takimi-avrupada-ikinci-oldu-2\/"},"modified":"2019-08-03T18:17:16","modified_gmt":"2019-08-03T15:17:16","slug":"iau-voleybol-kadin-takimi-avrupada-ikinci-oldu-2","status":"publish","type":"post","link":"http:\/\/www.tvturk.com\/index.php\/iau-voleybol-kadin-takimi-avrupada-ikinci-oldu-2\/","title":{"rendered":"\u0130A\u00dc Voleybol Kad\u0131n Tak\u0131m\u0131 Avrupa\u2019da ikinci oldu"},"content":{"rendered":"<p>\u0130stanbul Ayd\u0131n \u00dcniversitesi Voleybol Kad\u0131n Tak\u0131m\u0131 Avrupa \u00dcniversite Sporlar\u0131 Birli\u011fi\u2019nin (EUSA) d\u00fczenlendi\u011fi \u015fampiyonada 2. oldu.<\/p>\n<p>Polonya\u2019n\u0131n Lodz kentinde d\u00fczenlenen Avrupa \u00dcniversite Sporlar\u0131 Birli\u011fi\u2019nin (EUSA) d\u00fczenledi\u011fi 2019 Avrupa \u00dcniversiteler Voleybol \u015eampiyonas\u0131 final ma\u00e7\u0131nda \u0130talya\u2019n\u0131n Bologna tak\u0131m\u0131 ile kar\u015f\u0131 kar\u015f\u0131ya gelen \u0130stanbul Ayd\u0131n \u00dcniversitesi Voleybol Kad\u0131n tak\u0131m\u0131 ilk sette kurdu\u011fu \u00fcst\u00fcnl\u00fc\u011f\u00fc sonraki setlerde rakibine kapt\u0131rarak turnuvay\u0131 ikinci olarak bitirdi. \u0130A\u00dc M\u00fctevelli Heyet Ba\u015fkan\u0131 Do\u00e7. Dr. Mustafa Ayd\u0131n, \u201cEUSA \u015fampiyonalar\u0131nda ikinci dereceyi T\u00fcrkiye\u2019ye ta\u015f\u0131yor olmam\u0131z\u0131n mutlulu\u011funu ve k\u0131vanc\u0131n\u0131 ya\u015f\u0131yoruz. T\u00fcrkiye\u2019yi teniste ve voleybolda 2 kez podyuma ta\u015f\u0131mak b\u00fcy\u00fck gurur. K\u0131zlar\u0131m\u0131za ne kadar te\u015fekk\u00fcr etsem azd\u0131r\u201d dedi.<\/p>\n<p>\u201c\u00d6n\u00fcm\u00fczdeki sene birinci olmak istiyoruz&#8221;<\/p>\n<p>\u0130A\u00dc Voleybol Kad\u0131n Tak\u0131m\u0131 antren\u00f6r\u00fc Zafer Atay, yapt\u0131\u011f\u0131 a\u00e7\u0131klamada, &#8220;Bu ekip ile alt\u0131 y\u0131ld\u0131r beraber bug\u00fcnler i\u00e7in \u00e7al\u0131\u015ft\u0131k. Bundan evvel de final turlar\u0131 oynam\u0131\u015ft\u0131k. Bu y\u0131l\u0131 ikinci kapatt\u0131k. \u0130n\u015fallah \u00f6n\u00fcm\u00fczdeki sezonlardan birinde final oynay\u0131p birincili\u011fi elde etmek istiyoruz. Ama bu da \u00fcniversitemiz ve bizim i\u00e7in g\u00fczel bir neticedir&#8221; dedi.<\/p>\n<p>Tak\u0131m kaptan\u0131 M\u00fcge \u00d6rencik ise, &#8220;Turnuva d\u00f6nemi \u00e7ok yo\u011fun ge\u00e7ti. Hemen hemen t\u00fcm \u00fclkelerle oynad\u0131k. Rakibimiz \u0130talya oldu. \u0130lk ma\u00e7ta onlar\u0131 yenmi\u015ftik. \u0130kinci ma\u00e7a onlar daha \u00e7al\u0131\u015fm\u0131\u015f halde geldiler ve maalesef biz de \u015fampiyonluk isterdik. Ama Avrupa ikincili\u011fi ile geri d\u00f6nd\u00fck. Umar\u0131m bu derece ile \u00fcniversitemizi gururland\u0131rm\u0131\u015f\u0131zd\u0131r&#8221; ifadelerini kulland\u0131.<\/p>\n<p>\u0130A\u00dc kad\u0131nlar\u0131n\u0131n ikinci ba\u015far\u0131s\u0131<\/p>\n<p>Merve \u00c7epni, Elif Merve Kap\u0131k\u0131ran, Yasemin \u00d6zel, M\u00fcge \u00d6rencik, Melisa Memi\u015f, Tu\u011fba \u015eeno\u011flu, Buket Y\u0131lmaz, S\u0131la \u00c7al\u0131\u015fkan, Melike Nezihe \u00c7ad\u0131r, G\u00f6k\u00e7e \u00c7i\u00e7ek Aksoylu ve MarijetaRunjic\u2019ten olu\u015fan \u0130A\u00dc Voleybol Kad\u0131n Tak\u0131m\u0131, yar\u0131 finalde Almanya\u2019n\u0131n Munster \u00dcniversitesi tak\u0131m\u0131n\u0131 3-0 yenerek finale \u00e7\u0131kt\u0131. Finalde \u0130talya\u2019n\u0131n Bologna \u00dcniversitesi ile kar\u015f\u0131la\u015fan filenin sultanlar\u0131 \u00fcst\u00fcn ba\u015flad\u0131\u011f\u0131 ma\u00e7\u0131 3-1 kaybederek Avrupa\u2019n\u0131n en iyi ikinci tak\u0131m\u0131 oldu. \u0130A\u00dc Tenis Kad\u0131n Tak\u0131m\u0131 da ge\u00e7ti\u011fimiz hafta Avrupa \u015eampiyonu olarak b\u00fcy\u00fck bir ba\u015far\u0131ya imza atm\u0131\u015ft\u0131. Bu derece de \u0130A\u00dc\u2019l\u00fc kad\u0131n sporcular\u0131n Avrupa\u2019daki ikinci b\u00fcy\u00fck ba\u015far\u0131s\u0131 oldu.<\/p>\n<p>&#8220;Sultanlar\u0131m\u0131z daha \u00e7ok ba\u015far\u0131lar kazanacak&#8221;<\/p>\n<p>\u0130A\u00dc Voleybol Kad\u0131n Tak\u0131m\u0131 antren\u00f6r\u00fc Zafer Atay, \u201cVerdi\u011fimiz t\u00fcm emekler bu turnuvada bize geri d\u00f6nd\u00fc. Sultanlar\u0131m\u0131z daha \u00e7ok ba\u015far\u0131lar kazanacaklar. Onlara inan\u0131yorum\u201d s\u00f6zleriyle Avrupa ikincili\u011fini de\u011ferlendirdi.<\/p>\n","protected":false},"excerpt":{"rendered":"<p>\u0130STANBUL AYDIN \u00dcN\u0130VERS\u0130TES\u0130 VOLEYBOL KADIN TAKIMI AVRUPA \u00dcN\u0130VERS\u0130TE SPORLARI B\u0130RL\u0130\u011e\u0130\u2019N\u0130N (EUSA) D\u00dcZENLEND\u0130\u011e\u0130 \u015eAMP\u0130YONADA 2. OLDU.<\/p>\n","protected":false},"author":1,"featured_media":189882,"comment_status":"closed","ping_status":"open","sticky":false,"template":"","format":"standard","meta":{"jetpack_post_was_ever_published":false,"_jetpack_newsletter_access":"","_jetpack_dont_email_post_to_subs":false,"_jetpack_newsletter_tier_id":0,"_jetpack_memberships_contains_paywalled_content":false,"_jetpack_memberships_contains_paid_content":false,"footnotes":"","jetpack_publicize_message":"","jetpack_publicize_feature_enabled":true,"jetpack_social_post_already_shared":true,"jetpack_social_options":{"image_generator_settings":{"template":"highway","default_image_id":0,"font":"","enabled":false},"version":2}},"categories":[657],"tags":[3454,30713,2087,108,77,1462,4366],"class_list":["post-189881","post","type-post","status-publish","format-standard","has-post-thumbnail","hentry","category-spor","tag-avrupada","tag-iau","tag-ikinci","tag-kadin","tag-oldu","tag-takimi","tag-voleybol"],"jetpack_publicize_connections":[],"jetpack_featured_media_url":"https:\/\/i0.wp.com\/www.tvturk.com\/wp-content\/uploads\/2019\/08\/iau-voleybol-kadin-takimi-avrupada-ikinci-oldu_249ffc0.jpg?fit=1000%2C612","jetpack_sharing_enabled":true,"jetpack_shortlink":"https:\/\/wp.me\/paKIfm-NoB","_links":{"self":[{"href":"http:\/\/www.tvturk.com\/index.php\/wp-json\/wp\/v2\/posts\/189881","targetHints":{"allow":["GET"]}}],"collection":[{"href":"http:\/\/www.tvturk.com\/index.php\/wp-json\/wp\/v2\/posts"}],"about":[{"href":"http:\/\/www.tvturk.com\/index.php\/wp-json\/wp\/v2\/types\/post"}],"author":[{"embeddable":true,"href":"http:\/\/www.tvturk.com\/index.php\/wp-json\/wp\/v2\/users\/1"}],"replies":[{"embeddable":true,"href":"http:\/\/www.tvturk.com\/index.php\/wp-json\/wp\/v2\/comments?post=189881"}],"version-history":[{"count":0,"href":"http:\/\/www.tvturk.com\/index.php\/wp-json\/wp\/v2\/posts\/189881\/revisions"}],"wp:featuredmedia":[{"embeddable":true,"href":"http:\/\/www.tvturk.com\/index.php\/wp-json\/wp\/v2\/media\/189882"}],"wp:attachment":[{"href":"http:\/\/www.tvturk.com\/index.php\/wp-json\/wp\/v2\/media?parent=189881"}],"wp:term":[{"taxonomy":"category","embeddable":true,"href":"http:\/\/www.tvturk.com\/index.php\/wp-json\/wp\/v2\/categories?post=189881"},{"taxonomy":"post_tag","embeddable":true,"href":"http:\/\/www.tvturk.com\/index.php\/wp-json\/wp\/v2\/tags?post=189881"}],"curies":[{"name":"wp","href":"https:\/\/api.w.org\/{rel}","templated":true}]}}