{"id":189887,"date":"2019-08-03T18:46:33","date_gmt":"2019-08-03T15:46:33","guid":{"rendered":"http:\/\/www.tvturk.com\/index.php\/canakkaledeki-yangin-kontrol-altina-alindi\/"},"modified":"2019-08-03T18:46:33","modified_gmt":"2019-08-03T15:46:33","slug":"canakkaledeki-yangin-kontrol-altina-alindi","status":"publish","type":"post","link":"http:\/\/www.tvturk.com\/index.php\/canakkaledeki-yangin-kontrol-altina-alindi\/","title":{"rendered":"\u00c7anakkale\u2019deki yang\u0131n kontrol alt\u0131na al\u0131nd\u0131"},"content":{"rendered":"<p>\u00c7anakkale\u2019nin \u00c7an il\u00e7esine ba\u011fl\u0131 \u00c7ak\u0131lk\u00f6y\u2019de bir dam\u0131n samanl\u0131\u011f\u0131nda \u00e7\u0131kan yang\u0131n itfaiye ekiplerinin saatlerce s\u00fcren \u00e7al\u0131\u015fmas\u0131 sonucu kontrol alt\u0131na al\u0131nd\u0131.<\/p>\n<p>\u00d6\u011fle saatlerinde \u00c7ak\u0131lk\u00f6y Muhtar\u0131 Turgay \u015eahin\u2019e ait oldu\u011fu \u00f6\u011frenilen dam\u0131n samanl\u0131\u011f\u0131nda bulunan 5 bin adet saman balyas\u0131 hen\u00fcz belirlenemeyen bir sebeple yanmaya ba\u015flay\u0131nca b\u00f6lgede korku dolu anlar ya\u015fand\u0131. \u00c7\u0131kan yang\u0131nda \u015fans eseri damda bulunan y\u00fczlerce hayvandan hi\u00e7biri telef olmad\u0131. B\u00f6lgede bulunan itfaiye ekiplerinin saatlerce s\u00fcren \u00e7al\u0131\u015fmas\u0131 sonras\u0131 yang\u0131n kontrol alt\u0131na al\u0131nd\u0131. B\u00f6lgede so\u011futma \u00e7al\u0131\u015fmalar\u0131 devam ediyor.<\/p>\n","protected":false},"excerpt":{"rendered":"<p>\u00c7ANAKKALE\u2019N\u0130N \u00c7AN \u0130L\u00c7ES\u0130NE BA\u011eLI \u00c7AKILK\u00d6Y\u2019DE B\u0130R DAMIN SAMANLI\u011eINDA \u00c7IKAN YANGIN \u0130TFA\u0130YE EK\u0130PLER\u0130N\u0130N SAATLERCE S\u00dcREN \u00c7ALI\u015eMASI SONUCU KONTROL ALTINA ALINDI.<\/p>\n","protected":false},"author":1,"featured_media":189888,"comment_status":"closed","ping_status":"open","sticky":false,"template":"","format":"standard","meta":{"jetpack_post_was_ever_published":false,"_jetpack_newsletter_access":"","_jetpack_dont_email_post_to_subs":false,"_jetpack_newsletter_tier_id":0,"_jetpack_memberships_contains_paywalled_content":false,"_jetpack_memberships_contains_paid_content":false,"footnotes":"","jetpack_publicize_message":"","jetpack_publicize_feature_enabled":true,"jetpack_social_post_already_shared":true,"jetpack_social_options":{"image_generator_settings":{"template":"highway","default_image_id":0,"font":"","enabled":false},"version":2}},"categories":[1],"tags":[1014,1186,17207,868,1617],"class_list":["post-189887","post","type-post","status-publish","format-standard","has-post-thumbnail","hentry","category-genel","tag-alindi","tag-altina","tag-canakkaledeki","tag-kontrol","tag-yangin"],"jetpack_publicize_connections":[],"jetpack_featured_media_url":"https:\/\/i0.wp.com\/www.tvturk.com\/wp-content\/uploads\/2019\/08\/canakkaledeki-yangin-kontrol-altina-alindi_793a140.jpg?fit=1000%2C480","jetpack_sharing_enabled":true,"jetpack_shortlink":"https:\/\/wp.me\/paKIfm-NoH","_links":{"self":[{"href":"http:\/\/www.tvturk.com\/index.php\/wp-json\/wp\/v2\/posts\/189887","targetHints":{"allow":["GET"]}}],"collection":[{"href":"http:\/\/www.tvturk.com\/index.php\/wp-json\/wp\/v2\/posts"}],"about":[{"href":"http:\/\/www.tvturk.com\/index.php\/wp-json\/wp\/v2\/types\/post"}],"author":[{"embeddable":true,"href":"http:\/\/www.tvturk.com\/index.php\/wp-json\/wp\/v2\/users\/1"}],"replies":[{"embeddable":true,"href":"http:\/\/www.tvturk.com\/index.php\/wp-json\/wp\/v2\/comments?post=189887"}],"version-history":[{"count":0,"href":"http:\/\/www.tvturk.com\/index.php\/wp-json\/wp\/v2\/posts\/189887\/revisions"}],"wp:featuredmedia":[{"embeddable":true,"href":"http:\/\/www.tvturk.com\/index.php\/wp-json\/wp\/v2\/media\/189888"}],"wp:attachment":[{"href":"http:\/\/www.tvturk.com\/index.php\/wp-json\/wp\/v2\/media?parent=189887"}],"wp:term":[{"taxonomy":"category","embeddable":true,"href":"http:\/\/www.tvturk.com\/index.php\/wp-json\/wp\/v2\/categories?post=189887"},{"taxonomy":"post_tag","embeddable":true,"href":"http:\/\/www.tvturk.com\/index.php\/wp-json\/wp\/v2\/tags?post=189887"}],"curies":[{"name":"wp","href":"https:\/\/api.w.org\/{rel}","templated":true}]}}