{"id":189893,"date":"2019-08-03T19:17:16","date_gmt":"2019-08-03T16:17:16","guid":{"rendered":"http:\/\/www.tvturk.com\/index.php\/sultanahmet-meydaninda-motosiklet-sov\/"},"modified":"2019-08-03T19:17:16","modified_gmt":"2019-08-03T16:17:16","slug":"sultanahmet-meydaninda-motosiklet-sov","status":"publish","type":"post","link":"http:\/\/www.tvturk.com\/index.php\/sultanahmet-meydaninda-motosiklet-sov\/","title":{"rendered":"Sultanahmet Meydan\u0131\u2019nda motosiklet \u015fov"},"content":{"rendered":"<p>Afyon\u2019da d\u00fczenlenecek olan D\u00fcnya Motokros \u015eampiyonas\u0131\u2019n\u0131n tan\u0131t\u0131m\u0131 \u0130stanbul Sultanahmet Meydan\u0131\u2019nda yap\u0131ld\u0131. Organizasyonda d\u00fcnya \u015fampiyonu motokros sporcusu Rafal Pasierbek g\u00f6steri ger\u00e7ekle\u015ftirdi.<\/p>\n<p>Afyonkarahisar\u2019da 7-8 Eyl\u00fcl tarihlerinde Cumhurba\u015fkanl\u0131\u011f\u0131 himayelerinde organize edilecek D\u00fcnya Motokros \u015eampiyonas\u0131 \u00f6ncesi \u2018Spor, Turizmin Gelece\u011fidir\u2019 kapsam\u0131nda K\u00fclt\u00fcr ve Turizm Bakanl\u0131\u011f\u0131 ile Gen\u00e7lik ve Spor Bakanl\u0131\u011f\u0131\u2019n\u0131n destekledi\u011fi \u015fampiyonan\u0131n tan\u0131t\u0131m\u0131 \u0130stanbul Sultanahmet Meydan\u0131\u2019nda ger\u00e7ekle\u015ftirildi. Burada D\u00fcnya \u015fampiyonu Polonyal\u0131 sporcu Rafal Pasierbek da g\u00f6steri \u015fov yapt\u0131. Meydanda bulanlar da ilgiyle g\u00f6sterileri takip etti.<\/p>\n<p>Kenan Sofuo\u011flu: \u201cMilyonlarca insan\u0131n takip etti\u011fi bir \u015fampiyonay\u0131 \u00fclkemize getirmek \u00f6nemli bir ad\u0131m\u201d<\/p>\n<p>G\u00f6steriler \u00f6ncesinde bas\u0131n mensuplar\u0131na a\u00e7\u0131klamalarda bulunan eski motorsiklet\u00e7i ve Sakarya Milletvekili Kenan Sofuo\u011flu, \u201cGe\u00e7en y\u0131l ilk defa D\u00fcnya Motokros \u015eampiyonas\u0131\u2019n\u0131 uzun y\u0131llar sonra T\u00fcrkiye\u2019ye getirme f\u0131rsat\u0131 bulduk. Afyon belediyesi bu anlamda b\u00fcy\u00fck bir yat\u0131r\u0131m yapt\u0131. D\u00fcnyan\u0131n en g\u00fczel parkurlar\u0131ndan birini oraya federasyonumuzun \u00e7al\u0131\u015fanlar\u0131 sa\u011f olsun emek vererek yapt\u0131lar. Ge\u00e7en sene eksiklerimiz vard\u0131 tam olarak haz\u0131r de\u011fildik bas\u0131 noktalarda \u00f6zellikle yabanc\u0131 sporcular\u0131n T\u00fcrkiye\u2019ye gelmelerinde onlar\u0131 kar\u015f\u0131lama a\u00e7\u0131s\u0131ndan eksikler ya\u015fam\u0131\u015ft\u0131k ama bu y\u0131l tamamen farkl\u0131 bir \u015fekilde haz\u0131rlan\u0131yoruz. \u00d6zellikle b\u00fct\u00e7elerin tamamlanmas\u0131yla alakal\u0131. \u00d6te yandan hem g\u00fcmr\u00fcklerle alakal\u0131 hem de sporcular geldi\u011fi zaman daha rahat etsin diye \u00e7ok farkl\u0131 ad\u0131mlar at\u0131ld\u0131. Bu sene Cumhurba\u015fkanl\u0131\u011f\u0131 himayesine al\u0131nd\u0131 \u015fampiyona. Tabii bunun avantaj\u0131n\u0131 ya\u015f\u0131yoruz. \u0130n\u015fallah o yar\u0131\u015f\u0131 da Cumhurba\u015fkan\u0131m\u0131zla berber orada canl\u0131 izlemek istiyoruz. T\u00fcrkiye\u2019de motor sporlar\u0131 yeteri kadar bilinmedi\u011fi i\u00e7in ge\u00e7en sene T\u00fcrkiye\u2019deki \u015fampiyonan\u0131n de\u011ferini tam olarak anlayamam\u0131\u015ft\u0131lar. Ben bu \u015fampiyonan\u0131n \u00fclkemize gelece\u011fine inanmazd\u0131m ama federasyonumuz iyi \u00e7al\u0131\u015ft\u0131. Bakanl\u0131k destek olmu\u015ftu, bir\u00e7ok sponsor bulmu\u015ftu. Gecen y\u0131l ben \u00e7ok eksik g\u00f6rm\u00fc\u015ft\u00fcm ama bir daha olursa d\u00fczeltece\u011fiz demi\u015ftim. T\u00fcrkiye\u2019yi daha iyi tan\u0131tmak i\u00e7in elimizden geleni yapaca\u011f\u0131z demi\u015ftik. Cumhurba\u015fkanl\u0131\u011f\u0131 himayesine al\u0131nmas\u0131yla beraber i\u015fimiz kolayla\u015ft\u0131. \u0130nan\u0131yorum \u00fclkemizin tan\u0131t\u0131m\u0131na katk\u0131 sa\u011flamak i\u00e7in \u00e7ok g\u00fczel bir ad\u0131m at\u0131yoruz. Milyonlarca insan\u0131n takip etti\u011fi bir \u015fampiyonay\u0131 \u00fclkemize getirmek \u00f6nemli bir ad\u0131m\u201d diye konu\u015ftu.<\/p>\n<p>Ge\u00e7ti\u011fimiz sene yap\u0131lan yar\u0131\u015flarda sporcular\u0131n g\u00fcmr\u00fck kap\u0131lar\u0131nda s\u0131k\u0131nt\u0131 ya\u015fad\u0131\u011f\u0131n\u0131 belirten Sofuo\u011flu, \u201cBu sene buna g\u00fczel \u00f6nlem ald\u0131k. Ge\u00e7en sene yar\u0131\u015fa gelmeyen bir\u00e7ok ki\u015fi bu sene yar\u0131\u015fa geliyorlar \u00e7\u00fcnk\u00fc T\u00fcrkiye\u2019yi \u00f6\u011frendiler. Bu sene \u00fczerimize d\u00fc\u015feni yapaca\u011f\u0131z in\u015fallah \u00e7ok g\u00fczel bir organizasyon yapaca\u011f\u0131z\u201d \u015feklinde konu\u015ftu.<\/p>\n<p>\u201cMotokros yar\u0131\u015flar\u0131na yeteri kadar sporcumuz yok\u201d<\/p>\n<p>T\u00fcrkiye\u2019deki sporcular\u0131n pistlerde daha ba\u015far\u0131l\u0131 oldu\u011funu belirten Kenan Sofuo\u011flu, \u201cEn yetenekli g\u00f6rd\u00fc\u011f\u00fcm\u00fcz sporcular\u0131 pist yar\u0131\u015flar\u0131na \u00e7ekmemizden \u00f6t\u00fcr\u00fc motokros yar\u0131\u015flar\u0131na yeteri kadar sporcumuz yok. Organizasyon ge\u00e7en sene yard\u0131m istemi\u015fti bu konuda benden. \u0130n\u015fallah motokros \u015fampiyonas\u0131n\u0131n burada olmas\u0131 sporcular yeti\u015ftirmemiz i\u00e7inde f\u0131rsat olu\u015fturacak\u201d a\u00e7\u0131klamas\u0131nda bulundu.<\/p>\n<p>Pasierbek: \u201cBurada olmak benim i\u00e7in b\u00fcy\u00fck bir heyecan\u201d<\/p>\n<p>D\u00fcnya \u015fampiyonu sporcu Rafal Pasierbek da T\u00fcrkiye\u2019ye daha \u00f6nce turist olarak geldi\u011fini belirterek, \u201c\u015eu anda burada \u00e7ok \u00f6nemli bir yerde bir \u015fov i\u00e7in bulunuyorum. Burada olmak benim i\u00e7in ger\u00e7ekten b\u00fcy\u00fck bir heyecan. Bu tarihi alanda olmak benim i\u00e7in \u00e7ok \u00f6nemli. Umar\u0131m burada iyi bir \u015fov sahneye koymak istiyorum. Seyirciyi e\u011flendirecek, onlar\u0131 mutlu edecek bir \u015fov yapmay\u0131 planl\u0131yorum. D\u00fcnya \u00fczerindeki her yerde neredeyse \u015fov yapt\u0131m. Benim hayat\u0131m insanlar\u0131 mutlu etmek, insanlar\u0131 mutlu etmeyi seviyorum\u201d dedi.<\/p>\n","protected":false},"excerpt":{"rendered":"<p>AFYON\u2019DA D\u00dcZENLENECEK OLAN D\u00dcNYA MOTOKROS \u015eAMP\u0130YONASI\u2019NIN TANITIMI \u0130STANBUL SULTANAHMET MEYDANI\u2019NDA YAPILDI.<\/p>\n","protected":false},"author":1,"featured_media":189894,"comment_status":"closed","ping_status":"open","sticky":false,"template":"","format":"standard","meta":{"jetpack_post_was_ever_published":false,"_jetpack_newsletter_access":"","_jetpack_dont_email_post_to_subs":false,"_jetpack_newsletter_tier_id":0,"_jetpack_memberships_contains_paywalled_content":false,"_jetpack_memberships_contains_paid_content":false,"footnotes":"","jetpack_publicize_message":"","jetpack_publicize_feature_enabled":true,"jetpack_social_post_already_shared":true,"jetpack_social_options":{"image_generator_settings":{"template":"highway","default_image_id":0,"font":"","enabled":false},"version":2}},"categories":[657],"tags":[10775,1003,3662,22539],"class_list":["post-189893","post","type-post","status-publish","format-standard","has-post-thumbnail","hentry","category-spor","tag-meydaninda","tag-motosiklet","tag-sov","tag-sultanahmet"],"jetpack_publicize_connections":[],"jetpack_featured_media_url":"https:\/\/i0.wp.com\/www.tvturk.com\/wp-content\/uploads\/2019\/08\/sultanahmet-meydaninda-motosiklet-sov_15ad542.jpg?fit=1000%2C696","jetpack_sharing_enabled":true,"jetpack_shortlink":"https:\/\/wp.me\/paKIfm-NoN","_links":{"self":[{"href":"http:\/\/www.tvturk.com\/index.php\/wp-json\/wp\/v2\/posts\/189893","targetHints":{"allow":["GET"]}}],"collection":[{"href":"http:\/\/www.tvturk.com\/index.php\/wp-json\/wp\/v2\/posts"}],"about":[{"href":"http:\/\/www.tvturk.com\/index.php\/wp-json\/wp\/v2\/types\/post"}],"author":[{"embeddable":true,"href":"http:\/\/www.tvturk.com\/index.php\/wp-json\/wp\/v2\/users\/1"}],"replies":[{"embeddable":true,"href":"http:\/\/www.tvturk.com\/index.php\/wp-json\/wp\/v2\/comments?post=189893"}],"version-history":[{"count":0,"href":"http:\/\/www.tvturk.com\/index.php\/wp-json\/wp\/v2\/posts\/189893\/revisions"}],"wp:featuredmedia":[{"embeddable":true,"href":"http:\/\/www.tvturk.com\/index.php\/wp-json\/wp\/v2\/media\/189894"}],"wp:attachment":[{"href":"http:\/\/www.tvturk.com\/index.php\/wp-json\/wp\/v2\/media?parent=189893"}],"wp:term":[{"taxonomy":"category","embeddable":true,"href":"http:\/\/www.tvturk.com\/index.php\/wp-json\/wp\/v2\/categories?post=189893"},{"taxonomy":"post_tag","embeddable":true,"href":"http:\/\/www.tvturk.com\/index.php\/wp-json\/wp\/v2\/tags?post=189893"}],"curies":[{"name":"wp","href":"https:\/\/api.w.org\/{rel}","templated":true}]}}