{"id":189899,"date":"2019-08-03T20:17:18","date_gmt":"2019-08-03T17:17:18","guid":{"rendered":"http:\/\/www.tvturk.com\/index.php\/hikmet-karaman-lig-baslamadan-ozellikle-eksik-bolgelerdeki-oyunculari-tamamlayip-takimin-icerisinde-adapte-etmek-zorundayiz\/"},"modified":"2019-08-03T20:17:18","modified_gmt":"2019-08-03T17:17:18","slug":"hikmet-karaman-lig-baslamadan-ozellikle-eksik-bolgelerdeki-oyunculari-tamamlayip-takimin-icerisinde-adapte-etmek-zorundayiz","status":"publish","type":"post","link":"http:\/\/www.tvturk.com\/index.php\/hikmet-karaman-lig-baslamadan-ozellikle-eksik-bolgelerdeki-oyunculari-tamamlayip-takimin-icerisinde-adapte-etmek-zorundayiz\/","title":{"rendered":"Hikmet Karaman: \u201cLig ba\u015flamadan \u00f6zellikle eksik b\u00f6lgelerdeki oyuncular\u0131 tamamlay\u0131p tak\u0131m\u0131n i\u00e7erisinde adapte etmek zorunday\u0131z\u201d"},"content":{"rendered":"<p>\u0130stikbal Mobilya Kayserispor Teknik Direkt\u00f6r\u00fc Hikmet Karaman, \u201cLig ba\u015flamadan \u00f6zellikle eksik b\u00f6lgelerdeki oyuncular\u0131 tamamlay\u0131p tak\u0131m\u0131n i\u00e7erisinde adapte etmek zorunday\u0131z\u201d dedi.<\/p>\n<p>Spor Toto S\u00fcper Lig ekiplerinden \u0130stikbal Mobilya Kayserispor, Avusturya kamp\u0131n\u0131n ard\u0131ndan kul\u00fcp tesislerinde ilk antrenman\u0131na \u00e7\u0131kt\u0131. Teknik Direkt\u00f6r Hikmet Karaman y\u00f6netiminde antrenman yapan futbolcular, d\u00fcz ko\u015funun ard\u0131ndan \u0131s\u0131nma hareketleri yapt\u0131.<\/p>\n<p>Hikmet Karaman: \u201c\u0130nan\u0131lmaz \u015fekilde \u00e7ok \u00e7al\u0131\u015fmak zorunday\u0131z\u201d<\/p>\n<p>Antrenman \u00f6ncesinde gazetecilerin sorular\u0131n\u0131 yan\u0131tlayan \u0130stikbal Mobilya Kayserispor Teknik Direkt\u00f6r\u00fc Hikmet Karaman, \u201cTemmuz\u2019un 5\u2019inde burada ba\u015flay\u0131p, 16\u2019s\u0131nda da Avusturya kamp\u0131 olarak d\u00fc\u015f\u00fcnd\u00fck. Yap\u0131lan program ve projeler T\u00fcrkiye\u2019de hep birbirine ba\u011flant\u0131l\u0131. Y\u00f6netim kurulu se\u00e7imi 29\u2019una sark\u0131nca her \u015fey sark\u0131yor. Kuruldan sonra her ne kadar Erol bey devam etse dahi o s\u00fcre\u00e7 i\u00e7erisinde bir belirsizlik vard\u0131. Dolay\u0131s\u0131yla alelacele hem oyuncu transferleri hem ekonominin dizayn edilmesi gibi Kayseri\u2019de ba\u015flay\u0131p Avusturya kamp\u0131nda devam etti\u011fimiz bir d\u00f6nem var. Sonrada buraya geldik. Lig i\u00e7in haz\u0131rlanacak s\u00fcre\u00e7 bizim a\u00e7\u0131m\u0131zdan biraz s\u0131k\u0131nt\u0131l\u0131 ge\u00e7ti. Maalesef bu konuda T\u00fcrkiye olarak plan proje konusunda bir t\u00fcrl\u00fc istedi\u011fimiz \u015feyi alam\u0131yoruz. Yurtd\u0131\u015f\u0131na bakt\u0131\u011f\u0131m\u0131zda adamlar 1 senelik ma\u00e7 program\u0131n\u0131 \u00e7\u0131karm\u0131\u015flar. \u00dclkemizde planl\u0131 ve projeli hareket edemedi\u011fimizi g\u00f6r\u00fcyoruz. Bu arada da tak\u0131mdan gidenler oluyor, gelenler oluyor, gelen oyuncular\u0131n kat\u0131l\u0131m\u0131 ge\u00e7 oluyor. Ay\u0131n 16\u2019s\u0131nda ilk ma\u00e7\u0131m\u0131z\u0131 oynayaca\u011f\u0131z. B\u00fct\u00fcn bu s\u00fcre\u00e7te hem gidenlerin yerlerini dolduraca\u011f\u0131z hem tak\u0131m\u0131 haz\u0131rlayaca\u011f\u0131z hem de i\u00e7 sahada 3 puan\u0131 almak i\u00e7in her \u015feyi yapmak zorunda kalaca\u011f\u0131z. \u0130\u015fimiz kolay de\u011fil. \u0130nan\u0131lmaz \u015fekilde \u00e7ok \u00e7al\u0131\u015fmak zorunday\u0131z. Herkes fedakarl\u0131k yapmak zorunda. Ekonomik olarak T\u00fcrkiye\u2019deki futbol tak\u0131mlar\u0131n\u0131n durumlar\u0131 ortada. \u0130nan\u0131lmaz derecede zorluk \u00e7ekti\u011fimizde ortada. B\u00fct\u00fcn bunlar\u0131n \u00fcstesinden gelmek kolay de\u011fil\u201d dedi.<\/p>\n<p>K\u0131sa s\u00fcre i\u00e7erisinde eksik b\u00f6lgelerdeki oyuncular\u0131 tamamlamak istediklerini kaydeden Karaman, \u201cYo\u011fun \u00e7al\u0131\u015fma tempomuz devam ediyor. Ba\u015fkan\u0131m\u0131z, y\u00f6netim kurulu ve biz teknik heyet olarak biran \u00f6nce lig ba\u015flamadan \u00f6zellikle eksik b\u00f6lgelerdeki oyuncular\u0131 tamamlay\u0131p tak\u0131m\u0131n i\u00e7erisinde adapte etmek zorunday\u0131z. Bu adaptasyonda 1-2 haftada olmuyor\u201d ifadelerini kulland\u0131.<\/p>\n","protected":false},"excerpt":{"rendered":"<p>\u0130ST\u0130KBAL MOB\u0130LYA KAYSER\u0130SPOR TEKN\u0130K D\u0130REKT\u00d6R\u00dc H\u0130KMET KARAMAN, \u201cL\u0130G BA\u015eLAMADAN \u00d6ZELL\u0130KLE EKS\u0130K B\u00d6LGELERDEK\u0130 OYUNCULARI TAMAMLAYIP TAKIMIN \u0130\u00c7ER\u0130S\u0130NDE ADAPTE ETMEK ZORUNDAYIZ\u201d DED\u0130.<\/p>\n","protected":false},"author":1,"featured_media":189900,"comment_status":"closed","ping_status":"open","sticky":false,"template":"","format":"standard","meta":{"jetpack_post_was_ever_published":false,"_jetpack_newsletter_access":"","_jetpack_dont_email_post_to_subs":false,"_jetpack_newsletter_tier_id":0,"_jetpack_memberships_contains_paywalled_content":false,"_jetpack_memberships_contains_paid_content":false,"footnotes":"","jetpack_publicize_message":"","jetpack_publicize_feature_enabled":true,"jetpack_social_post_already_shared":true,"jetpack_social_options":{"image_generator_settings":{"template":"highway","default_image_id":0,"font":"","enabled":false},"version":2}},"categories":[657],"tags":[4342,47419,12983,47417,5542,1737,7848,6950,3774,905,7898,16806,47418,3382],"class_list":["post-189899","post","type-post","status-publish","format-standard","has-post-thumbnail","hentry","category-spor","tag-ozellikle","tag-adapte","tag-baslamadan","tag-bolgelerdeki","tag-eksik","tag-etmek","tag-hikmet","tag-icerisinde","tag-karaman","tag-lig","tag-oyunculari","tag-takimin","tag-tamamlayip","tag-zorundayiz"],"jetpack_publicize_connections":[],"jetpack_featured_media_url":"https:\/\/i0.wp.com\/www.tvturk.com\/wp-content\/uploads\/2019\/08\/hikmet-karaman-lig-baslamadan-ozellikle-eksik-bolgelerdeki-oyunculari-tamamlayip-takimin-icerisinde-adapte-etmek-zorundayiz_3c5a5bf.jpg?fit=1000%2C666","jetpack_sharing_enabled":true,"jetpack_shortlink":"https:\/\/wp.me\/paKIfm-NoT","_links":{"self":[{"href":"http:\/\/www.tvturk.com\/index.php\/wp-json\/wp\/v2\/posts\/189899","targetHints":{"allow":["GET"]}}],"collection":[{"href":"http:\/\/www.tvturk.com\/index.php\/wp-json\/wp\/v2\/posts"}],"about":[{"href":"http:\/\/www.tvturk.com\/index.php\/wp-json\/wp\/v2\/types\/post"}],"author":[{"embeddable":true,"href":"http:\/\/www.tvturk.com\/index.php\/wp-json\/wp\/v2\/users\/1"}],"replies":[{"embeddable":true,"href":"http:\/\/www.tvturk.com\/index.php\/wp-json\/wp\/v2\/comments?post=189899"}],"version-history":[{"count":0,"href":"http:\/\/www.tvturk.com\/index.php\/wp-json\/wp\/v2\/posts\/189899\/revisions"}],"wp:featuredmedia":[{"embeddable":true,"href":"http:\/\/www.tvturk.com\/index.php\/wp-json\/wp\/v2\/media\/189900"}],"wp:attachment":[{"href":"http:\/\/www.tvturk.com\/index.php\/wp-json\/wp\/v2\/media?parent=189899"}],"wp:term":[{"taxonomy":"category","embeddable":true,"href":"http:\/\/www.tvturk.com\/index.php\/wp-json\/wp\/v2\/categories?post=189899"},{"taxonomy":"post_tag","embeddable":true,"href":"http:\/\/www.tvturk.com\/index.php\/wp-json\/wp\/v2\/tags?post=189899"}],"curies":[{"name":"wp","href":"https:\/\/api.w.org\/{rel}","templated":true}]}}