{"id":189909,"date":"2019-08-03T22:17:16","date_gmt":"2019-08-03T19:17:16","guid":{"rendered":"http:\/\/www.tvturk.com\/index.php\/trabzonsporlu-ugurcan-cakir-dunya-evine-girdi\/"},"modified":"2019-08-03T22:17:16","modified_gmt":"2019-08-03T19:17:16","slug":"trabzonsporlu-ugurcan-cakir-dunya-evine-girdi","status":"publish","type":"post","link":"http:\/\/www.tvturk.com\/index.php\/trabzonsporlu-ugurcan-cakir-dunya-evine-girdi\/","title":{"rendered":"Trabzonsporlu U\u011furcan \u00c7ak\u0131r d\u00fcnya evine girdi"},"content":{"rendered":"<p>Trabzonsporlu futbolcu U\u011furcan \u00c7ak\u0131r, K\u00fcbra Y\u0131ld\u0131z ile \u0130svi\u00e7re\u2019de yapt\u0131\u011f\u0131 d\u00fc\u011f\u00fcn sonras\u0131 Trabzon\u2019da da d\u00fc\u011f\u00fcn yapt\u0131.<\/p>\n<p>Trabzon\u2019da bir otelde d\u00fczenlenen nikah t\u00f6renini Ortahisar Belediye Ba\u015fkan\u0131 Ahmet Metin Gen\u00e7 k\u0131yd\u0131.  \u00c7iftin \u015fahitliklerini ise Trabzonspor Kul\u00fcp Ba\u015fkan\u0131 Ahmet A\u011fao\u011flu, Asba\u015fkan Mehmet Yi\u011fit Alp, Teknik Direkt\u00f6r \u00dcnal Karaman ve Yusuf Yaz\u0131c\u0131 yapt\u0131.<\/p>\n<p>Nikah t\u00f6reni sonras\u0131nda Sinan Y\u0131lmaz\u2019\u0131n s\u00f6yledi\u011fi \u015fark\u0131lar e\u015fli\u011finde davetliler g\u00f6n\u00fcllerince e\u011flenirken, tak\u0131m arkada\u015flar\u0131 ise ba\u015far\u0131l\u0131 oyuncuyu yaln\u0131z b\u0131rakmad\u0131.<\/p>\n","protected":false},"excerpt":{"rendered":"<p>TRABZONSPOR&#8217;LU  FUTBOLCU U\u011eURCAN \u00c7AKIR, K\u00dcBRA YILDIZ \u0130LE \u0130SV\u0130\u00c7RE&#8217;DE YAPTI\u011eI D\u00dc\u011e\u00dcN SONRASI TRABZON&#8217;DA DA D\u00dc\u011e\u00dcN YAPTI.<\/p>\n","protected":false},"author":1,"featured_media":189910,"comment_status":"closed","ping_status":"open","sticky":false,"template":"","format":"standard","meta":{"jetpack_post_was_ever_published":false,"_jetpack_newsletter_access":"","_jetpack_dont_email_post_to_subs":false,"_jetpack_newsletter_tier_id":0,"_jetpack_memberships_contains_paywalled_content":false,"_jetpack_memberships_contains_paid_content":false,"footnotes":"","jetpack_publicize_message":"","jetpack_publicize_feature_enabled":true,"jetpack_social_post_already_shared":true,"jetpack_social_options":{"image_generator_settings":{"template":"highway","default_image_id":0,"font":"","enabled":false},"version":2}},"categories":[657],"tags":[349,368,2558,3896,6376,26033],"class_list":["post-189909","post","type-post","status-publish","format-standard","has-post-thumbnail","hentry","category-spor","tag-dunya","tag-cakir","tag-evine","tag-girdi","tag-trabzonsporlu","tag-ugurcan"],"jetpack_publicize_connections":[],"jetpack_featured_media_url":"https:\/\/i0.wp.com\/www.tvturk.com\/wp-content\/uploads\/2019\/08\/trabzonsporlu-ugurcan-cakir-dunya-evine-girdi_3930a7b.jpg?fit=1000%2C562","jetpack_sharing_enabled":true,"jetpack_shortlink":"https:\/\/wp.me\/paKIfm-Np3","_links":{"self":[{"href":"http:\/\/www.tvturk.com\/index.php\/wp-json\/wp\/v2\/posts\/189909","targetHints":{"allow":["GET"]}}],"collection":[{"href":"http:\/\/www.tvturk.com\/index.php\/wp-json\/wp\/v2\/posts"}],"about":[{"href":"http:\/\/www.tvturk.com\/index.php\/wp-json\/wp\/v2\/types\/post"}],"author":[{"embeddable":true,"href":"http:\/\/www.tvturk.com\/index.php\/wp-json\/wp\/v2\/users\/1"}],"replies":[{"embeddable":true,"href":"http:\/\/www.tvturk.com\/index.php\/wp-json\/wp\/v2\/comments?post=189909"}],"version-history":[{"count":0,"href":"http:\/\/www.tvturk.com\/index.php\/wp-json\/wp\/v2\/posts\/189909\/revisions"}],"wp:featuredmedia":[{"embeddable":true,"href":"http:\/\/www.tvturk.com\/index.php\/wp-json\/wp\/v2\/media\/189910"}],"wp:attachment":[{"href":"http:\/\/www.tvturk.com\/index.php\/wp-json\/wp\/v2\/media?parent=189909"}],"wp:term":[{"taxonomy":"category","embeddable":true,"href":"http:\/\/www.tvturk.com\/index.php\/wp-json\/wp\/v2\/categories?post=189909"},{"taxonomy":"post_tag","embeddable":true,"href":"http:\/\/www.tvturk.com\/index.php\/wp-json\/wp\/v2\/tags?post=189909"}],"curies":[{"name":"wp","href":"https:\/\/api.w.org\/{rel}","templated":true}]}}