{"id":189953,"date":"2019-08-04T09:46:23","date_gmt":"2019-08-04T06:46:23","guid":{"rendered":"http:\/\/www.tvturk.com\/index.php\/zeytinburnunda-kurbanlik-satislari-basladi\/"},"modified":"2019-08-04T09:46:23","modified_gmt":"2019-08-04T06:46:23","slug":"zeytinburnunda-kurbanlik-satislari-basladi","status":"publish","type":"post","link":"http:\/\/www.tvturk.com\/index.php\/zeytinburnunda-kurbanlik-satislari-basladi\/","title":{"rendered":"Zeytinburnu\u2019nda kurbanl\u0131k sat\u0131\u015flar\u0131 ba\u015flad\u0131"},"content":{"rendered":"<p>Kurban Bayram\u0131\u2019na say\u0131l\u0131 g\u00fcnler kala yurdun d\u00f6rt bir yan\u0131ndan getirilen b\u00fcy\u00fckba\u015f ve k\u00fc\u00e7\u00fckba\u015f kurbanl\u0131klar, Zeytinburnu kurban pazar\u0131nda sat\u0131\u015fa \u00e7\u0131kt\u0131. El s\u0131k\u0131\u015farak yap\u0131lan s\u0131k\u0131 pazarl\u0131klarla kurbanl\u0131klar sat\u0131lmaya ba\u015fland\u0131.<\/p>\n<p>Zeytinburnu Belediyesi taraf\u0131ndan Maltepe Mahallesi\u2019nde kurulan kurban sat\u0131\u015f ve kesim pazar\u0131nda haz\u0131rl\u0131klar tamamland\u0131. T\u00fcrkiye\u2019nin \u00e7e\u015fitli illerinden gelen sat\u0131c\u0131lar hayvanlar\u0131n\u0131 g\u00f6r\u00fcc\u00fcye \u00e7\u0131kard\u0131. Sat\u0131\u015flar\u0131n ba\u015flamas\u0131yla vatanda\u015flar, hayvan pazar\u0131na gelerek \u00e7ad\u0131rlar\u0131 gezmeye ba\u015flad\u0131. Onlarca \u00e7ad\u0131r\u0131 gezen vatanda\u015flar hayvanlar hakk\u0131nda bilgi ald\u0131. El s\u0131k\u0131\u015farak yap\u0131lan s\u0131k\u0131 pazarl\u0131klarla kurbanl\u0131klar sat\u0131lmaya ba\u015fland\u0131. Kimi vatanda\u015flar fiyatlar\u0131n y\u00fcksekli\u011finden \u015fikayet ederken, kimi vatanda\u015flar ise fiyatlar\u0131n ge\u00e7en y\u0131llara oranla normal oldu\u011funu s\u00f6yledi.<\/p>\n<p>\u201c12 bin liraya anla\u015ft\u0131k\u201d<\/p>\n<p>Fiyatlar\u0131n y\u00fcksek olmas\u0131ndan yak\u0131nan al\u0131c\u0131 Durmu\u015f Demircio\u011flu, \u201cGe\u00e7en seneye oranla fiyatlar y\u00fcksek, 27 senedir ayn\u0131 ki\u015fiden al\u0131yorum. Biz geldi\u011fimizde eskiden burada 3-5 tane kurban kal\u0131yordu. En son 12 bin liraya anla\u015ft\u0131k\u201d dedi.<\/p>\n<p>\u201cKurbanl\u0131klar\u0131n y\u00fczde 60\u2019\u0131 bitti\u201d<\/p>\n<p>Bir \u00f6nceki seneye oranla kurbanl\u0131klar\u0131n yar\u0131 yar\u0131ya oldu\u011funu belirten Metin Kap\u0131c\u0131o\u011flu, \u201cBizim memleketten 7 bin \u00fczerinde mal \u00e7\u0131kard\u0131, bu sene 2 bin hayvan geldi. Buradaki orana da bakarsak, y\u00fczde 60\u2019\u0131 bitti. Herkes kurbanl\u0131\u011f\u0131n\u0131 bir an \u00f6nce als\u0131n. Fiyat aral\u0131\u011f\u0131 ortalama her yerde ayn\u0131. Ben 80 hayvanla geldim 45 civar\u0131nda satt\u0131m. 35 tane hayvan\u0131m kald\u0131\u201d \u015feklinde konu\u015ftu.<\/p>\n<p>\u201cKurbanl\u0131k fiyatlar\u0131 uygun\u201d<\/p>\n<p>Kurbanl\u0131k fiyatlar\u0131n\u0131n uygun oldu\u011funu s\u00f6yleyen Bahad\u0131r \u00c7ehre, \u201cZeytinburnu pazar\u0131 iyi, fiyatlar\u0131 da uygun. M\u00fc\u015fteriye yard\u0131mc\u0131 da oluyorlar. Bakmaya geldik. Ortaklar\u0131m\u0131zla beraber alaca\u011f\u0131z. Ge\u00e7en seneye oranla ara da tabi ki fark var\u201d dedi.<\/p>\n<p>\u201cGe\u00e7en y\u0131la g\u00f6re fiyatlar normal\u201d<\/p>\n<p>B\u00fct\u00e7eye uygun kurbanl\u0131klar\u0131n oldu\u011funu anlatan Oktay Yaltap, \u201cArkada\u015flar\u0131m\u0131z hayvanlar\u0131 getirmi\u015fler, bizler de kurbanl\u0131k almaya geldik. Do\u011fu\u2019nun hayvanlar\u0131 daha leziz ve daha g\u00fczel tercih edilir. Burada her b\u00fct\u00e7eye uygun hayvan var. \u015eu an 17 bin liraya anla\u015ft\u0131k. Ge\u00e7en y\u0131la g\u00f6re fiyatlar normal. \u0130nsanlar\u0131m\u0131z et konusunda her t\u00fcrl\u00fc hilebazl\u0131\u011f\u0131 yap\u0131yor ama burada canl\u0131 g\u00f6r\u00fcp ald\u0131\u011f\u0131m\u0131z zaman daha makbul ve daha memnun oluyoruz. Do\u011fru hayvan\u0131 se\u00e7ip almak laz\u0131m\u201d diye konu\u015ftu.<\/p>\n<p>\u201cKesemize uygun bir \u015feyler bakaca\u011f\u0131z\u201d<\/p>\n<p>Keselerine uygun kurbanl\u0131k bakamaya geldiklerini s\u00f6yleyen Emel Ba\u015fo\u011flu, \u201c\u0130lk defa buraya geldik, geziyoruz daha bakaca\u011f\u0131z bakal\u0131m. Ge\u00e7en seneye nazaran fiyatlar da art\u0131\u015f yok. Az bir art\u0131\u015f olmu\u015f. Kesemize uygun bir \u015feyler bakaca\u011f\u0131z\u201d dedi.<\/p>\n<p>\u201cBu sene sat\u0131\u015flar iyi\u201d<\/p>\n<p>Daha \u00e7ok b\u00fcy\u00fckba\u015f hayvan satt\u0131\u011f\u0131n\u0131 s\u00f6yleyen Ahmet Yaltap, \u201c\u015eu anda fiyatlarda pek fark yok. Bu sene sat\u0131\u015flar da iyi. 23 tane hayvan\u0131m vard\u0131, 13 tanesini satt\u0131m. 10 tane kurbanl\u0131k m\u00fc\u015fterilerini bekliyor. B\u00fcy\u00fckba\u015f hayvanlar\u0131 daha \u00e7ok satt\u0131k\u201d ifadelerinde bulundu.<\/p>\n","protected":false},"excerpt":{"rendered":"<p>KURBAN BAYRAMI&#8217;NA SAYILI G\u00dcNLER KALA YURDUN D\u00d6RT B\u0130R YANINDAN GET\u0130R\u0130LEN B\u00dcY\u00dcKBA\u015e VE K\u00dc\u00c7\u00dcKBA\u015e KURBANLIKLAR, ZEYT\u0130NBURNU KURBAN PAZARINDA SATI\u015eA \u00c7IKTI. EL SIKI\u015eARAK YAPILAN SIKI PAZARLIKLARLA KURBANLIKLAR SATILMAYA BA\u015eLANDI.<\/p>\n","protected":false},"author":1,"featured_media":189954,"comment_status":"closed","ping_status":"open","sticky":false,"template":"","format":"standard","meta":{"jetpack_post_was_ever_published":false,"_jetpack_newsletter_access":"","_jetpack_dont_email_post_to_subs":false,"_jetpack_newsletter_tier_id":0,"_jetpack_memberships_contains_paywalled_content":false,"_jetpack_memberships_contains_paid_content":false,"footnotes":"","jetpack_publicize_message":"","jetpack_publicize_feature_enabled":true,"jetpack_social_post_already_shared":true,"jetpack_social_options":{"image_generator_settings":{"template":"highway","default_image_id":0,"font":"","enabled":false},"version":2}},"categories":[1],"tags":[55,42357,6301,18054],"class_list":["post-189953","post","type-post","status-publish","format-standard","has-post-thumbnail","hentry","category-genel","tag-basladi","tag-kurbanlik","tag-satislari","tag-zeytinburnunda"],"jetpack_publicize_connections":[],"jetpack_featured_media_url":"https:\/\/i0.wp.com\/www.tvturk.com\/wp-content\/uploads\/2019\/08\/zeytinburnunda-kurbanlik-satislari-basladi_3b7fbbc.jpg?fit=1000%2C666","jetpack_sharing_enabled":true,"jetpack_shortlink":"https:\/\/wp.me\/paKIfm-NpL","_links":{"self":[{"href":"http:\/\/www.tvturk.com\/index.php\/wp-json\/wp\/v2\/posts\/189953","targetHints":{"allow":["GET"]}}],"collection":[{"href":"http:\/\/www.tvturk.com\/index.php\/wp-json\/wp\/v2\/posts"}],"about":[{"href":"http:\/\/www.tvturk.com\/index.php\/wp-json\/wp\/v2\/types\/post"}],"author":[{"embeddable":true,"href":"http:\/\/www.tvturk.com\/index.php\/wp-json\/wp\/v2\/users\/1"}],"replies":[{"embeddable":true,"href":"http:\/\/www.tvturk.com\/index.php\/wp-json\/wp\/v2\/comments?post=189953"}],"version-history":[{"count":0,"href":"http:\/\/www.tvturk.com\/index.php\/wp-json\/wp\/v2\/posts\/189953\/revisions"}],"wp:featuredmedia":[{"embeddable":true,"href":"http:\/\/www.tvturk.com\/index.php\/wp-json\/wp\/v2\/media\/189954"}],"wp:attachment":[{"href":"http:\/\/www.tvturk.com\/index.php\/wp-json\/wp\/v2\/media?parent=189953"}],"wp:term":[{"taxonomy":"category","embeddable":true,"href":"http:\/\/www.tvturk.com\/index.php\/wp-json\/wp\/v2\/categories?post=189953"},{"taxonomy":"post_tag","embeddable":true,"href":"http:\/\/www.tvturk.com\/index.php\/wp-json\/wp\/v2\/tags?post=189953"}],"curies":[{"name":"wp","href":"https:\/\/api.w.org\/{rel}","templated":true}]}}