{"id":189961,"date":"2019-08-04T10:02:01","date_gmt":"2019-08-04T07:02:01","guid":{"rendered":"http:\/\/www.tvturk.com\/index.php\/kadikoyluler-sampiyon-boksor-gulsum-tatar-esliginde-spor-yapti\/"},"modified":"2019-08-04T10:02:01","modified_gmt":"2019-08-04T07:02:01","slug":"kadikoyluler-sampiyon-boksor-gulsum-tatar-esliginde-spor-yapti","status":"publish","type":"post","link":"http:\/\/www.tvturk.com\/index.php\/kadikoyluler-sampiyon-boksor-gulsum-tatar-esliginde-spor-yapti\/","title":{"rendered":"Kad\u0131k\u00f6yl\u00fcler \u015fampiyon boks\u00f6r G\u00fcls\u00fcm Tatar e\u015fli\u011finde spor yapt\u0131"},"content":{"rendered":"<p>D\u00fcnya ve Avrupa \u015fampiyonu milli boks\u00f6r G\u00fcls\u00fcm Tatar, vatanda\u015flarla Caddebostan Sahili\u2019nde bir araya gelerek sabah sporu yapt\u0131. Kad\u0131k\u00f6y Belediyesi\u2019nin \u2018Daha \u00e7ok spor, daha \u00e7ok Kad\u0131k\u00f6y\u2019 slogan\u0131yla ba\u015flatt\u0131\u011f\u0131 etkinli\u011fe ak\u0131n eden vatanda\u015flar, Tatar\u2019\u0131n hocal\u0131\u011f\u0131nda g\u00fcne ba\u015flaman\u0131n keyfini ya\u015fad\u0131. \u015eampiyon sporcu, ba\u015far\u0131lar\u0131na yenilerini ekleyerek daha iyi yerlere gelmeyi hedefledi\u011fini s\u00f6yledi.<\/p>\n<p>Kad\u0131k\u00f6y Belediyesi, sporu te\u015fvik etmek amac\u0131yla ve \u2018Daha \u00e7ok spor, daha \u00e7ok Kad\u0131k\u00f6y\u2019 slogan\u0131yla, her hafta alan\u0131nda uzman bir sporcuyu Caddebostan Sahili\u2019nde vatanda\u015flarla bulu\u015fturuyor. Bu kapsamda d\u00fczenlenen etkinliklerin ilki, D\u00fcnya ve Avrupa \u015fampiyonu milli boks\u00f6r G\u00fcls\u00fcm Tatar\u2019\u0131n kat\u0131l\u0131m\u0131yla d\u00fczenlendi. Caddebostan Sahili\u2019ndeki spor etkinli\u011fine kat\u0131lan ve g\u00fcne G\u00fcls\u00fcm Tatar\u2019\u0131n hocal\u0131\u011f\u0131nda spor yaparak ba\u015flayan vatanda\u015flar renkli g\u00f6r\u00fcnt\u00fcler olu\u015fturdu. Etkinli\u011fe kat\u0131lan vatanda\u015flara bokstaki temel hareketleri bazen d\u00fc\u015f\u00fck, bazen y\u00fcksek tempoyla g\u00f6steren milli boks\u00f6r de keyifli anlar ya\u015fad\u0131.<\/p>\n<p>\u0130HA\u2019ya konu\u015fan \u015fampiyon boks\u00f6r G\u00fcls\u00fcm Tatar, \u201cBurada bulunmak benim i\u00e7in inan\u0131lmaz keyifli bir olay oldu. Ba\u015far\u0131 kazand\u0131\u011f\u0131m boks bran\u015f\u0131n\u0131 insanlarla payla\u015ft\u0131m. Onlara ufak da olsa bir \u015feyler g\u00f6stermeye, boksu \u00f6\u011fretmeye \u00e7al\u0131\u015ft\u0131m. \u0130nan\u0131lmaz keyif ald\u0131m ve eminim ki onlar da \u00e7ok keyif ald\u0131. \u0130nsanlara boksu tan\u0131tmak ve boks bran\u015f\u0131nda etkinlikler yapmak inan\u0131lmaz keyifli oldu. \u0130n\u015fallah bundan sonra da devam\u0131 olur\u201d diye konu\u015ftu.<\/p>\n<p>\u0130lerleyen s\u00fcre\u00e7teki hedefleriyle ilgili a\u00e7\u0131klamalarda bulunan ba\u015far\u0131l\u0131 sporcu, \u201c\u015eu anda profesyonel boks yap\u0131yorum, amat\u00f6r\u00fc b\u0131rakt\u0131m. Profesyonel boksta da kademe kademe ilerleme oluyor. Bu sebeple antrenmanlar\u0131ma devam ediyorum. \u00d6n\u00fcm\u00fczdeki birka\u00e7 ay i\u00e7erisinde ma\u00e7lar\u0131m ba\u015flayacak. Yo\u011fun bir \u00e7al\u0131\u015fma s\u00fcreci i\u00e7indeyim. K\u0131smet. \u0130n\u015fallah ba\u015far\u0131lar\u0131ma her zaman daha yenilerini ekleyip daha da iyi yerlere gelmeyi hedefliyorum. \u0130n\u015fallah hay\u0131rl\u0131s\u0131 olur\u201d dedi.<\/p>\n<p>\u00d6te yandan, Caddebostan Sahili\u2019nde devam edecek olan etkinliklerin bir sonrakinin 18 A\u011fustos Pazar sabah\u0131 saat 08.00\u2019da eski milli futbolcu Metin Tekin\u2019in kat\u0131l\u0131m\u0131yla ger\u00e7ekle\u015ftirilece\u011fi ifade edildi.<\/p>\n","protected":false},"excerpt":{"rendered":"<p>D\u00dcNYA VE AVRUPA \u015eAMP\u0130YONU M\u0130LL\u0130 BOKS\u00d6R G\u00dcLS\u00dcM TATAR, VATANDA\u015eLARLA CADDEBOSTAN SAH\u0130L\u0130&#8217;NDE B\u0130R ARAYA GELEREK SABAH SPORU YAPTI.<\/p>\n","protected":false},"author":1,"featured_media":189962,"comment_status":"closed","ping_status":"open","sticky":false,"template":"","format":"standard","meta":{"jetpack_post_was_ever_published":false,"_jetpack_newsletter_access":"","_jetpack_dont_email_post_to_subs":false,"_jetpack_newsletter_tier_id":0,"_jetpack_memberships_contains_paywalled_content":false,"_jetpack_memberships_contains_paid_content":false,"footnotes":"","jetpack_publicize_message":"","jetpack_publicize_feature_enabled":true,"jetpack_social_post_already_shared":true,"jetpack_social_options":{"image_generator_settings":{"template":"highway","default_image_id":0,"font":"","enabled":false},"version":2}},"categories":[657],"tags":[19900,143,26597,42451,2024,1619,30456,292],"class_list":["post-189961","post","type-post","status-publish","format-standard","has-post-thumbnail","hentry","category-spor","tag-boksor","tag-esliginde","tag-gulsum","tag-kadikoyluler","tag-sampiyon","tag-spor","tag-tatar","tag-yapti"],"jetpack_publicize_connections":[],"jetpack_featured_media_url":"https:\/\/i0.wp.com\/www.tvturk.com\/wp-content\/uploads\/2019\/08\/kadikoyluler-sampiyon-boksor-gulsum-tatar-esliginde-spor-yapti_c4b2d13.jpg?fit=1000%2C750","jetpack_sharing_enabled":true,"jetpack_shortlink":"https:\/\/wp.me\/paKIfm-NpT","_links":{"self":[{"href":"http:\/\/www.tvturk.com\/index.php\/wp-json\/wp\/v2\/posts\/189961","targetHints":{"allow":["GET"]}}],"collection":[{"href":"http:\/\/www.tvturk.com\/index.php\/wp-json\/wp\/v2\/posts"}],"about":[{"href":"http:\/\/www.tvturk.com\/index.php\/wp-json\/wp\/v2\/types\/post"}],"author":[{"embeddable":true,"href":"http:\/\/www.tvturk.com\/index.php\/wp-json\/wp\/v2\/users\/1"}],"replies":[{"embeddable":true,"href":"http:\/\/www.tvturk.com\/index.php\/wp-json\/wp\/v2\/comments?post=189961"}],"version-history":[{"count":0,"href":"http:\/\/www.tvturk.com\/index.php\/wp-json\/wp\/v2\/posts\/189961\/revisions"}],"wp:featuredmedia":[{"embeddable":true,"href":"http:\/\/www.tvturk.com\/index.php\/wp-json\/wp\/v2\/media\/189962"}],"wp:attachment":[{"href":"http:\/\/www.tvturk.com\/index.php\/wp-json\/wp\/v2\/media?parent=189961"}],"wp:term":[{"taxonomy":"category","embeddable":true,"href":"http:\/\/www.tvturk.com\/index.php\/wp-json\/wp\/v2\/categories?post=189961"},{"taxonomy":"post_tag","embeddable":true,"href":"http:\/\/www.tvturk.com\/index.php\/wp-json\/wp\/v2\/tags?post=189961"}],"curies":[{"name":"wp","href":"https:\/\/api.w.org\/{rel}","templated":true}]}}