{"id":189963,"date":"2019-08-04T10:16:15","date_gmt":"2019-08-04T07:16:15","guid":{"rendered":"http:\/\/www.tvturk.com\/index.php\/moskova-protestolarinda-gozalti-sayisi-600e-yukseldi\/"},"modified":"2019-08-04T10:16:15","modified_gmt":"2019-08-04T07:16:15","slug":"moskova-protestolarinda-gozalti-sayisi-600e-yukseldi","status":"publish","type":"post","link":"http:\/\/www.tvturk.com\/index.php\/moskova-protestolarinda-gozalti-sayisi-600e-yukseldi\/","title":{"rendered":"Moskova protestolar\u0131nda g\u00f6zalt\u0131 say\u0131s\u0131 600\u2019e y\u00fckseldi"},"content":{"rendered":"<p>Rusya\u2019n\u0131n ba\u015fkenti Moskova\u2019da ge\u00e7ti\u011fimiz ay ba\u015flayan protestolar hala devam ediyor. Protestolar\u0131n d\u00fcnk\u00fc aya\u011f\u0131nda polisle g\u00f6stericiler aras\u0131nda arbede ya\u015fan\u0131rken, polis taraf\u0131ndan 600 ki\u015finin g\u00f6zalt\u0131na al\u0131nd\u0131\u011f\u0131 a\u00e7\u0131kland\u0131.<\/p>\n<p>Moskova\u2019da ba\u011f\u0131ms\u0131z aday olan muhaliflerin belediye se\u00e7imleri i\u00e7in adayl\u0131k kay\u0131tlar\u0131n\u0131n silinmesi ve se\u00e7imlere kat\u0131lmalar\u0131n\u0131n engellenmesi nedeniyle ge\u00e7ti\u011fimiz ay ba\u015flayan protestolar St. Petersburg\u2019a da s\u0131\u00e7rayarak aral\u0131ks\u0131z olarak devam ediyor. Hafta sonunun gelmesiyle birlikte d\u00fcn yeniden sokaklara \u00e7\u0131kan g\u00f6stericiler polisle \u00e7at\u0131\u015ft\u0131. G\u00f6stericiler, g\u00fcvenlik g\u00fc\u00e7lerinin sert m\u00fcdahalesine ra\u011fmen protestolara devam etti. Ya\u015fanan arbede devam ederken, polis direnen protestocular\u0131 g\u00f6zalt\u0131na almaya ba\u015flad\u0131. Moskova\u2019daki g\u00f6steriler gece yar\u0131s\u0131 da devam ederken polisler taksileri dahi durdurarak protestocu olmas\u0131ndan \u015f\u00fcphelendi\u011fi ki\u015fileri g\u00f6zalt\u0131na almaya devam etti.<\/p>\n<p>Saat 23.00 s\u0131ralar\u0131nda Rusya \u0130\u00e7i\u015fleri Bakanl\u0131\u011f\u0131ndan yap\u0131lan resmi a\u00e7\u0131klamada, polise direni\u015f g\u00f6steren toplam 600 g\u00f6stericinin g\u00f6zalt\u0131na al\u0131nd\u0131\u011f\u0131 duyurulurken, g\u00f6sterilere yaln\u0131zca bin 500 ki\u015finin kat\u0131ld\u0131\u011f\u0131 belirtildi.<\/p>\n<p>Muhaliflerin gece yar\u0131s\u0131ndan sonra sosyal medya \u00fczerinden yapt\u0131\u011f\u0131 a\u00e7\u0131klamada ise resmi g\u00f6zalt\u0131 say\u0131s\u0131n\u0131n ger\u00e7e\u011fi yans\u0131tmad\u0131\u011f\u0131 ve en az bin ki\u015finin g\u00f6zalt\u0131na al\u0131nd\u0131\u011f\u0131 iddia edildi.<\/p>\n<p>Rus polisinin m\u00fcdahalelerde a\u015f\u0131r\u0131 g\u00fc\u00e7 kullanmas\u0131 tepkilere neden oldu.<\/p>\n<p>Kom\u00fcnist lider Zyuganov: \u201cBu protestolar \u2018turuncu c\u00fczzam\u2019d\u0131r\u201d<\/p>\n<p>Rusya\u2019daki kom\u00fcnist liderlerden Gennady Zyuganov, protestolarla ilgili yapt\u0131\u011f\u0131 a\u00e7\u0131klamayla dikkat \u00e7ekti. Kom\u00fcnistlerin ve bat\u0131 yanl\u0131lar\u0131n\u0131n protesto g\u00f6sterileri d\u00fczenledi\u011fi ak\u015fam saatlerinde Rus ajanslar\u0131na a\u00e7\u0131klama yapan Zyuganov, \u201cMoskova\u2019daki protestolara gen\u00e7lerin kat\u0131lmamas\u0131n\u0131 tavsiye ediyorum. Bu protestolar \u2018turuncu c\u00fczzam\u2019d\u0131r\u201d ifadeleriyle ele\u015ftirdi\u011fi g\u00f6sterileri, Ukrayna\u2019da 2004\u2019te ger\u00e7ekle\u015ftirilen Turuncu Devrim\u2019e benzetti.<\/p>\n<p>Protestolara kat\u0131lan \u00f6\u011frenciler \u00fcniversiteden at\u0131lacak<\/p>\n<p>Protestolar devam ederken bir a\u00e7\u0131klama da Moskova Pedagoji Devlet \u00dcniversitesi Rekt\u00f6r\u00fc Aleksey Lubkov\u2019dan geldi. Lubkov, Rus bas\u0131n\u0131na yapt\u0131\u011f\u0131 a\u00e7\u0131klamada, \u201cMoskova\u2019da izinsiz ger\u00e7ekle\u015ftirilen protestolara kat\u0131lan ve polis taraf\u0131ndan g\u00f6zalt\u0131na al\u0131nan \u00f6\u011frencilerin \u00f6\u011frencilik hakk\u0131 sona erecektir\u201d ifadelerini kulland\u0131.<\/p>\n<p>Rus sosyal medya kullan\u0131c\u0131lar\u0131, a\u00e7\u0131klaman\u0131n ard\u0131ndan Moskova Pedagoji Devlet \u00dcniversitesi rekt\u00f6r\u00fcn\u00fcn \u00f6\u011frencilerin protesto haklar\u0131n\u0131 \u015fantajla ellerinden almak istedi\u011fini \u00f6ne s\u00fcrd\u00fc ve rekt\u00f6re istifa \u00e7a\u011fr\u0131s\u0131nda bulundu.<\/p>\n<p>Ukrayna isyan\u0131n\u0131 bast\u0131ran general protestolara m\u00fcdahale etti<\/p>\n<p>Ukrayna\u2019daki 2014 Maidan Olaylar\u0131\u2019n\u0131 bast\u0131ran Kiev Berkut Alay\u0131 eski Komutan Yard\u0131mc\u0131s\u0131 Albay Sergey Kusyuk, bug\u00fcn Moskova\u2019daki mitingde polis kuvvetlerini y\u00f6netirken g\u00f6r\u00fcnt\u00fclendi.<\/p>\n<p>Muhalefetin, 2014 y\u0131l\u0131nda Ukrayna Meclisi\u2019ni i\u00e7ten ve d\u0131\u015ftan ku\u015fatmas\u0131 sonras\u0131 Devlet Ba\u015fkan\u0131 Victor Yanukovi\u00e7, Maidan\u2019\u0131 bo\u015faltma emri vermi\u015fti. Yanukovi\u00e7\u2019in emrinin ard\u0131ndan Albay Kusyuk, operasyon emri vermi\u015fti ve ya\u015fanan olaylarda 30\u2019a yak\u0131n ki\u015fi hayat\u0131n\u0131 kaybetmi\u015fti. Bu olaylar, muhaliflerin de silahlanmas\u0131na ve Ukrayna\u2019da adeta bir i\u00e7 sava\u015f \u00e7\u0131kmas\u0131na neden olmu\u015ftu.<\/p>\n","protected":false},"excerpt":{"rendered":"<p>MOSKOVA PROTESTOLARINDA G\u00d6ZALTI SAYISI 600\u2019E Y\u00dcKSELD\u0130<\/p>\n","protected":false},"author":1,"featured_media":189964,"comment_status":"closed","ping_status":"open","sticky":false,"template":"","format":"standard","meta":{"jetpack_post_was_ever_published":false,"_jetpack_newsletter_access":"","_jetpack_dont_email_post_to_subs":false,"_jetpack_newsletter_tier_id":0,"_jetpack_memberships_contains_paywalled_content":false,"_jetpack_memberships_contains_paid_content":false,"footnotes":"","jetpack_publicize_message":"","jetpack_publicize_feature_enabled":true,"jetpack_social_post_already_shared":true,"jetpack_social_options":{"image_generator_settings":{"template":"highway","default_image_id":0,"font":"","enabled":false},"version":2}},"categories":[10],"tags":[47439,3447,24257,32658,611,1681],"class_list":["post-189963","post","type-post","status-publish","format-standard","has-post-thumbnail","hentry","category-dunya","tag-600e","tag-gozalti","tag-moskova","tag-protestolarinda","tag-sayisi","tag-yukseldi"],"jetpack_publicize_connections":[],"jetpack_featured_media_url":"https:\/\/i0.wp.com\/www.tvturk.com\/wp-content\/uploads\/2019\/08\/moskova-protestolarinda-gozalti-sayisi-600e-yukseldi_9449784.jpg?fit=960%2C651","jetpack_sharing_enabled":true,"jetpack_shortlink":"https:\/\/wp.me\/paKIfm-NpV","_links":{"self":[{"href":"http:\/\/www.tvturk.com\/index.php\/wp-json\/wp\/v2\/posts\/189963","targetHints":{"allow":["GET"]}}],"collection":[{"href":"http:\/\/www.tvturk.com\/index.php\/wp-json\/wp\/v2\/posts"}],"about":[{"href":"http:\/\/www.tvturk.com\/index.php\/wp-json\/wp\/v2\/types\/post"}],"author":[{"embeddable":true,"href":"http:\/\/www.tvturk.com\/index.php\/wp-json\/wp\/v2\/users\/1"}],"replies":[{"embeddable":true,"href":"http:\/\/www.tvturk.com\/index.php\/wp-json\/wp\/v2\/comments?post=189963"}],"version-history":[{"count":0,"href":"http:\/\/www.tvturk.com\/index.php\/wp-json\/wp\/v2\/posts\/189963\/revisions"}],"wp:featuredmedia":[{"embeddable":true,"href":"http:\/\/www.tvturk.com\/index.php\/wp-json\/wp\/v2\/media\/189964"}],"wp:attachment":[{"href":"http:\/\/www.tvturk.com\/index.php\/wp-json\/wp\/v2\/media?parent=189963"}],"wp:term":[{"taxonomy":"category","embeddable":true,"href":"http:\/\/www.tvturk.com\/index.php\/wp-json\/wp\/v2\/categories?post=189963"},{"taxonomy":"post_tag","embeddable":true,"href":"http:\/\/www.tvturk.com\/index.php\/wp-json\/wp\/v2\/tags?post=189963"}],"curies":[{"name":"wp","href":"https:\/\/api.w.org\/{rel}","templated":true}]}}