{"id":189967,"date":"2019-08-04T10:16:26","date_gmt":"2019-08-04T07:16:26","guid":{"rendered":"http:\/\/www.tvturk.com\/index.php\/izmir-kurban-bayramina-hazir\/"},"modified":"2019-08-04T10:16:26","modified_gmt":"2019-08-04T07:16:26","slug":"izmir-kurban-bayramina-hazir","status":"publish","type":"post","link":"http:\/\/www.tvturk.com\/index.php\/izmir-kurban-bayramina-hazir\/","title":{"rendered":"\u0130zmir, Kurban Bayram\u0131\u2019na haz\u0131r"},"content":{"rendered":"<p>Vatanda\u015flar\u0131n sa\u011fl\u0131kl\u0131 bir bayram ge\u00e7irmesi i\u00e7in \u00e7al\u0131\u015fmalar\u0131n\u0131 s\u00fcrd\u00fcren \u0130zmir B\u00fcy\u00fck\u015fehir Belediyesi, 7 adet ta\u015f\u0131nabilir kurban konteyneri ile Alia\u011fa, Bay\u0131nd\u0131r, Bergama, Kiraz, \u00d6demi\u015f, Sel\u00e7uk ve Urla mezbahalar\u0131nda kesim hizmeti verecek. Kesimler i\u00e7in ayr\u0131ca 15 \u00e7ad\u0131r kurulacak. Kurban sat\u0131\u015f ve kesim yerlerinde bayram s\u00fcresince ve sonras\u0131nda ila\u00e7lama ve dezenfeksiyon \u00e7al\u0131\u015fmalar\u0131 yap\u0131lacak. Belirlenmi\u015f yerler d\u0131\u015f\u0131nda kesim yapan ya da at\u0131klar\u0131n\u0131 geli\u015fig\u00fczel atanlara 105 TL ceza kesilecek.<\/p>\n<p>\u0130zmir B\u00fcy\u00fck\u015fehir Belediyesi, vatanda\u015flar\u0131n sa\u011fl\u0131kl\u0131 ve huzurlu bir bayram ge\u00e7irmesi i\u00e7in gerekli \u00f6nlemleri ald\u0131. \u0130zmir \u0130l Kurban Hizmetleri Komisyonu, \u0130zmir genelinde 235 sat\u0131\u015f yeri ile 281 kesim yeri belirledi. Kurban kesimleri i\u00e7in 15 \u00e7ad\u0131r ve yedi konteyner kurmaya haz\u0131rlanan B\u00fcy\u00fck\u015fehir ekipleri, halk\u0131n hijyenik ortamda kesim yapabilmesi i\u00e7in bu alanlarda \u00e7ad\u0131r, su, havaland\u0131rma tesisatlar\u0131 kuracak ve portatif tuvalet yerle\u015ftirecek. \u0130zmir B\u00fcy\u00fck\u015fehir Belediyesi, sat\u0131\u015f ve kesim yerlerinde kurulan \u00e7ad\u0131rlar i\u00e7in zemin betonu, \u00e7\u00f6p konteyneri, hayvan ba\u011flama yeri, vidanj\u00f6r ve su tesisat\u0131 haz\u0131rlad\u0131; foseptik \u00e7ukuru ve kompres\u00f6r ba\u011flant\u0131lar\u0131n\u0131 da tamamland\u0131.<\/p>\n<p>\u00dc\u00e7 noktada gezici kesim \u00fcnitesi var<\/p>\n<p>\u0130zmir B\u00fcy\u00fck\u015fehir Belediyesi, vatanda\u015flardan olumlu tepkiler alan \u201cgezici kurban kesim \u00fcnitelerini\u201d bu y\u0131l da hizmete sunacak. Bayrakl\u0131\u2019da Do\u011fan\u00e7ay Mezarl\u0131\u011f\u0131 yan\u0131nda (iki adet b\u00fcy\u00fckba\u015f), Bornova I\u015f\u0131kkent Kurban Sat\u0131\u015f Alan\u0131\u2019nda (iki adet b\u00fcy\u00fckba\u015f, bir adet k\u00fc\u00e7\u00fckba\u015f), Konak Kocakap\u0131 Mahallesi Ye\u015fildere semtinde (iki adet b\u00fcy\u00fckba\u015f) olmak \u00fczere alt\u0131 adet b\u00fcy\u00fckba\u015f, 11 adet k\u00fc\u00e7\u00fckba\u015f kesim konteyneri ile hizmet verecek. Konak, Bayrakl\u0131, Gaziemir, Karaba\u011flar, Kar\u015f\u0131yaka il\u00e7elerinde kurulan kesim \u00e7ad\u0131rlar\u0131 ise il\u00e7e kurban hizmetlerine kesim yap\u0131lmas\u0131 amac\u0131yla devredilecek.<\/p>\n<p>Kesim s\u0131ras\u0131 5 A\u011fustos\u2019tan itibaren<\/p>\n<p>\u0130zmir B\u00fcy\u00fck\u015fehir Belediyesi taraf\u0131ndan konteynerlerde uygulanacak kesim tarifesi, mezbahalar ile uygulanacak tarife fiyatlar\u0131yla ayn\u0131 olacak. 5 A\u011fustos Pazartesi g\u00fcn\u00fc mesai saatleri i\u00e7erisinde konteyner alanlar\u0131nda bulunan \u0130zmir B\u00fcy\u00fck\u015fehir Belediyesi tahsildarlar\u0131ndan \u00fccret kar\u015f\u0131l\u0131\u011f\u0131nda tahsilat makbuzu al\u0131nabilecek. B\u00fcy\u00fck\u015fehir Belediyesi taraf\u0131ndan i\u015fletilen Alia\u011fa, Bay\u0131nd\u0131r, Bergama, Kiraz, \u00d6demi\u015f, Sel\u00e7uk ve Urla mezbahalar\u0131nda \u00f6nceki y\u0131llarda oldu\u011fu gibi yine kurban kesimi ger\u00e7ekle\u015ftirilecek.<\/p>\n<p>Dezenfeksiyon yap\u0131l\u0131yor<\/p>\n<p>\u0130zmir B\u00fcy\u00fck\u015fehir Belediyesi Ha\u015fere M\u00fccadele ekipleri taraf\u0131ndan ba\u015flat\u0131lan ila\u00e7lama ve dezenfeksiyon \u00e7al\u0131\u015fmalar\u0131n\u0131n, hem kurban sat\u0131\u015f yerlerinde hem kurban kesim yerlerinde bayram s\u00fcresince ve sonras\u0131nda devam edece\u011fi bildirildi. Hayvan sat\u0131\u015f alanlar\u0131nda \u00e7ad\u0131r i\u00e7lerindeki ve toplama alanlar\u0131ndaki hayvan d\u0131\u015fk\u0131lar\u0131na karasinek \u00fcremesini \u00f6nlemek amac\u0131yla larvasit uygulamas\u0131, toplama alanlar\u0131ndaki d\u0131\u015fk\u0131lar\u0131n \u00fczerine toz kire\u00e7 uygulamas\u0131 her g\u00fcn yap\u0131l\u0131yor. Ayr\u0131ca ergin karasinek m\u00fccadelesi i\u00e7in alan genelinde s\u0131rt ULV cihaz\u0131 ile insektisit uygulamas\u0131 d\u00fczenli olarak ger\u00e7ekle\u015ftiriliyor. Kurban sat\u0131\u015f alanlar\u0131nda hayvan d\u0131\u015fk\u0131lar\u0131n\u0131n belli bir yerde toplanmas\u0131 ve g\u00fcnl\u00fck olarak uzakla\u015ft\u0131r\u0131lmas\u0131 i\u015fi ise il\u00e7e belediyelerinin sorumlulu\u011funda.<\/p>\n<p>Yasak yerde kesimin cezas\u0131 105 TL<\/p>\n<p>Cadde, sokak, apartman aral\u0131\u011f\u0131, park, otopark, yol ve otoyol kenarlar\u0131, spor ve \u00e7ocuk oyun alanlar\u0131 gibi yerlerde kesinlikle kurban kesimi yap\u0131lmayacak. Belirlenen yerler d\u0131\u015f\u0131nda kurban kesen veya kesilen kurban at\u0131klar\u0131n\u0131 soka\u011fa ve kamuya ait alanlara b\u0131rakanlara, Kabahatler Kanunu\u2019nun 41\/3. maddesi gere\u011fi i\u015flem yap\u0131lacak ve belediye zab\u0131ta g\u00f6revlileri taraf\u0131ndan 105 TL  para cezas\u0131 uygulanacak. \u0130zmir B\u00fcy\u00fck\u015fehir Belediye Zab\u0131ta Daire Ba\u015fkanl\u0131\u011f\u0131 ekipleri, kent genelinde uygunsuz kurban kesimlerini \u00f6nlemek i\u00e7in denetimlerini s\u00fcrd\u00fcrecek.<\/p>\n<p>Kesim \u00fccretleri belli oldu<\/p>\n<p>\u0130zmir B\u00fcy\u00fck\u015fehir Belediyesine ait mezbahalarda ve mobil kesim \u00fcnitelerinde b\u00fcy\u00fckba\u015f kurban\u0131 g\u00f6revli kasaba kestirmek isteyenlerden bayram\u0131n birinci g\u00fcn\u00fc 300 TL, ikinci ve di\u011fer g\u00fcnlerde ise y\u0131\u011f\u0131lmalar\u0131 engellemek i\u00e7in 45 TL indirimle 255 TL \u00fccret al\u0131nacak. K\u00fc\u00e7\u00fckba\u015f hayvanlar i\u00e7in ise bayram\u0131n birinci g\u00fcn\u00fc 100 TL, di\u011fer g\u00fcnler 75 TL\u2019lik kesim tarifesi uygulanacak. Vatanda\u015flar, B\u00fcy\u00fck\u015fehir Belediyesi mezbahalar\u0131n\u0131n bulundu\u011fu il\u00e7elerdeki yerel hizmetler binalar\u0131ndan kesim s\u0131ras\u0131 alabiliyor. Kesimde vatanda\u015flara, g\u00f6revli personel taraf\u0131ndan ayr\u0131ca &#8220;g\u0131daya uygun et ta\u015f\u0131ma po\u015feti&#8221; da\u011f\u0131t\u0131lacak.<\/p>\n<p>Vatanda\u015flar kurban kesim ve sat\u0131\u015f yerlerine ili\u015fkin bilgiye \u0130zmir B\u00fcy\u00fck\u015fehir Belediyesinin www.izmir.bel.tr adresindeki duyurular b\u00f6l\u00fcm\u00fcnden ula\u015fabilir.<\/p>\n","protected":false},"excerpt":{"rendered":"<p>\u0130ZM\u0130R B\u00dcY\u00dcK\u015eEH\u0130R BELED\u0130YES\u0130, 7 ADET TA\u015eINAB\u0130L\u0130R KURBAN KONTEYNER\u0130 \u0130LE AL\u0130A\u011eA, BAYINDIR, BERGAMA, K\u0130RAZ, \u00d6DEM\u0130\u015e, SEL\u00c7UK VE URLA MEZBAHALARINDA KES\u0130M H\u0130ZMET\u0130 VERECEK.<\/p>\n","protected":false},"author":1,"featured_media":189968,"comment_status":"closed","ping_status":"open","sticky":false,"template":"","format":"standard","meta":{"jetpack_post_was_ever_published":false,"_jetpack_newsletter_access":"","_jetpack_dont_email_post_to_subs":false,"_jetpack_newsletter_tier_id":0,"_jetpack_memberships_contains_paywalled_content":false,"_jetpack_memberships_contains_paid_content":false,"footnotes":"","jetpack_publicize_message":"","jetpack_publicize_feature_enabled":true,"jetpack_social_post_already_shared":true,"jetpack_social_options":{"image_generator_settings":{"template":"highway","default_image_id":0,"font":"","enabled":false},"version":2}},"categories":[1],"tags":[32766,4013,2702,20956],"class_list":["post-189967","post","type-post","status-publish","format-standard","has-post-thumbnail","hentry","category-genel","tag-bayramina","tag-hazir","tag-izmir","tag-kurban"],"jetpack_publicize_connections":[],"jetpack_featured_media_url":"https:\/\/i0.wp.com\/www.tvturk.com\/wp-content\/uploads\/2019\/08\/izmir-kurban-bayramina-hazir_2a2b272.jpg?fit=1000%2C666","jetpack_sharing_enabled":true,"jetpack_shortlink":"https:\/\/wp.me\/paKIfm-NpZ","_links":{"self":[{"href":"http:\/\/www.tvturk.com\/index.php\/wp-json\/wp\/v2\/posts\/189967","targetHints":{"allow":["GET"]}}],"collection":[{"href":"http:\/\/www.tvturk.com\/index.php\/wp-json\/wp\/v2\/posts"}],"about":[{"href":"http:\/\/www.tvturk.com\/index.php\/wp-json\/wp\/v2\/types\/post"}],"author":[{"embeddable":true,"href":"http:\/\/www.tvturk.com\/index.php\/wp-json\/wp\/v2\/users\/1"}],"replies":[{"embeddable":true,"href":"http:\/\/www.tvturk.com\/index.php\/wp-json\/wp\/v2\/comments?post=189967"}],"version-history":[{"count":0,"href":"http:\/\/www.tvturk.com\/index.php\/wp-json\/wp\/v2\/posts\/189967\/revisions"}],"wp:featuredmedia":[{"embeddable":true,"href":"http:\/\/www.tvturk.com\/index.php\/wp-json\/wp\/v2\/media\/189968"}],"wp:attachment":[{"href":"http:\/\/www.tvturk.com\/index.php\/wp-json\/wp\/v2\/media?parent=189967"}],"wp:term":[{"taxonomy":"category","embeddable":true,"href":"http:\/\/www.tvturk.com\/index.php\/wp-json\/wp\/v2\/categories?post=189967"},{"taxonomy":"post_tag","embeddable":true,"href":"http:\/\/www.tvturk.com\/index.php\/wp-json\/wp\/v2\/tags?post=189967"}],"curies":[{"name":"wp","href":"https:\/\/api.w.org\/{rel}","templated":true}]}}