{"id":189977,"date":"2019-08-04T10:46:29","date_gmt":"2019-08-04T07:46:29","guid":{"rendered":"http:\/\/www.tvturk.com\/index.php\/ozel-beyaz-isimli-katir-mahalleleri-bembeyaz-yapmak-icin-calisiyor\/"},"modified":"2019-08-04T10:46:29","modified_gmt":"2019-08-04T07:46:29","slug":"ozel-beyaz-isimli-katir-mahalleleri-bembeyaz-yapmak-icin-calisiyor","status":"publish","type":"post","link":"http:\/\/www.tvturk.com\/index.php\/ozel-beyaz-isimli-katir-mahalleleri-bembeyaz-yapmak-icin-calisiyor\/","title":{"rendered":"(\u00d6zel) \u2019Beyaz\u2019 isimli kat\u0131r mahalleleri bembeyaz yapmak i\u00e7in \u00e7al\u0131\u015f\u0131yor"},"content":{"rendered":"<p>Denizli\u2019nin Babada\u011f il\u00e7esinde sokaklar\u0131 \u00e7ok dar oldu\u011fu i\u00e7in \u00e7\u00f6p ara\u00e7lar\u0131n\u0131n giremedi\u011fi 5 mahallenin \u00e7\u00f6pleri belediyenin kadrolu \u2018Beyaz\u2019 isimli kat\u0131r\u0131 ile toplan\u0131yor. Haftan\u0131n 6 g\u00fcn\u00fc \u00e7\u00f6pler Beyaz\u2019\u0131n 5 kilometrelik bir y\u00fcr\u00fcy\u00fc\u015f\u00fc ile toplan\u0131yor. Beyaz, mahalleri ismi gibi bembeyaz yapmak i\u00e7in g\u00fcnde 8 saat \u00e7al\u0131\u015f\u0131rken, inat edip gitmedi\u011fi zamanlarda ise devreye \u015feker ve leblebi giriyor.<\/p>\n<p>Babada\u011f il\u00e7e merkezinde sokaklar\u0131 dar ve engebeli olan 5 mahallenin \u00e7\u00f6pleri kat\u0131r ile toplan\u0131yor. Yemi ve bak\u0131m ihtiya\u00e7lar\u0131 belediye taraf\u0131ndan kar\u015f\u0131lanan ve belediyenin kadrolu kat\u0131r\u0131 olan \u2019Beyaz\u2019, \u00e7\u00f6pleri yakla\u015f\u0131k 12 y\u0131ld\u0131r topluyor. Sokaklar\u0131 kamyon, trakt\u00f6r ya da herhangi ba\u015fka bir motorlu arac\u0131n ge\u00e7i\u015fine uygun olmayan 5 mahallenin \u00e7\u00f6p\u00fc yakla\u015f\u0131k 25 y\u0131ld\u0131r bu y\u00f6ntemle toplan\u0131yor. Beyaz\u2019\u0131n bak\u0131c\u0131s\u0131 ve temizlik i\u015flerinde g\u00f6revli olan Adem Nazl\u0131, \u00e7\u00f6p toplama i\u015fine normal mesai saati olan 08.00\u2019de ba\u015flad\u0131klar\u0131n\u0131 ifade etti. 44 ya\u015f\u0131ndaki temizlik g\u00f6revlisi Adem Nazl\u0131 ve Beyaz\u2019\u0131 g\u00f6ren mahalle sakinleri hemen \u00e7\u00f6plerini d\u0131\u015far\u0131 \u00e7\u0131kar\u0131yor. B\u00f6lge sakinleri y\u0131llardan bu yana \u00e7\u00f6plerin ayn\u0131 \u015fekilde yani kat\u0131rla toplanmas\u0131na al\u0131\u015f\u0131rken, tek \u015fikayet\u00e7i olduklar\u0131 konu ise Beyaz\u2019\u0131n ac\u0131kt\u0131\u011f\u0131nda evlerin \u00f6n\u00fcnde g\u00fcl ba\u015fta olmak \u00fczere \u00e7i\u00e7ekleri yemesi. Mahalle sakinleri bu durumun \u00f6n\u00fcne ge\u00e7mek i\u00e7in ise Beyaz\u2019a \u015feker, \u00e7ikolata ya da tatl\u0131 leblebi veriyor. Dar ve beton olan sokaklarda ayaklar\u0131 kayd\u0131\u011f\u0131ndan dolay\u0131 bazen y\u00fcr\u00fcmekte zorluk \u00e7eken Beyaz\u2019\u0131n yard\u0131m\u0131na ise yine bak\u0131c\u0131s\u0131 Nazl\u0131 yeti\u015fiyor. Beyaz\u2019\u0131 \u00e7ok seven Nazl\u0131 onu \u015feker ve leblebi ile besleyerek adeta kendisine \u00e7ocuk \u015fefkati g\u00f6steriyor.<\/p>\n<p>\u201cLeblebi ile \u015fekere \u00e7ok aldan\u0131yor\u201d<\/p>\n<p>Bir nevi mesai arkada\u015f\u0131 olan Beyaz ile birlikte mahallelerin \u00e7\u00f6plerini toplayan Nazl\u0131, 22 senelik belediyede hizmetinin 15 y\u0131la yak\u0131n\u0131n\u0131 Beyaz ile birlikte ge\u00e7irdi\u011fini s\u00f6yledi. Mahallelinin, \u00f6zellikle de \u00e7ocuklar\u0131n Beyaz\u2019\u0131 \u00e7ok sevdi\u011fini vurgulayan Nazl\u0131, \u201cBu mahallelerin \u00e7\u00f6plerini hep ben topluyorum. Di\u011fer ara\u00e7lar girmedi\u011fi i\u00e7in biz topluyoruz. Zor oluyor ama ben bu i\u015fi 15 y\u0131ld\u0131r yap\u0131yorum. A\u015fa\u011f\u0131 yukar\u0131 15 y\u0131ld\u0131r Beyaz ile birlikteyiz. Ben Beyaz\u2019dan hi\u00e7 ayr\u0131lmam. Ben onsuz o da bensiz olmuyor. Beyaz\u2019\u0131n en sevdi\u011fi \u015fey salatal\u0131k sonra karpuz kabu\u011fu yiyor. Leblebi ile \u015fekere \u00e7ok aldan\u0131yor. \u015eeker vermedin mi huysuzlan\u0131yor yani istiyor. Mahalleliden de istiyor vermediklerinde g\u00fcllerini \u0131s\u0131r\u0131yor\u201d dedi.<\/p>\n<p>Sokaklar\u0131 dar oldu\u011fu i\u00e7in ara\u00e7lar\u0131n giremedi\u011fi 5 mahallede Beyaz\u2019\u0131n daha uzun y\u0131llar \u00e7\u00f6p toplamaya devam edece\u011fini s\u00f6yleyen belediye yetkililerinin, Beyaz\u2019\u0131n t\u00fcm bak\u0131m ihtiya\u00e7lar\u0131 ile yeminin kar\u015f\u0131lanmas\u0131na b\u00fcy\u00fck \u00f6nem g\u00f6sterdikleri belirtildi.<\/p>\n","protected":false},"excerpt":{"rendered":"<p>DEN\u0130ZL\u0130\u2019N\u0130N BABADA\u011e \u0130L\u00c7ES\u0130NDE SOKAKLARI \u00c7OK DAR OLDU\u011eU \u0130\u00c7\u0130N \u00c7\u00d6P ARA\u00c7LARININ G\u0130REMED\u0130\u011e\u0130 5 MAHALLEN\u0130N \u00c7\u00d6PLER\u0130 BELED\u0130YEN\u0130N KADROLU \u2018BEYAZ\u2019 \u0130S\u0130ML\u0130 KATIR \u0130LE TOPLANIYOR. HAFTANIN 6 G\u00dcN\u00dc \u00c7\u00d6PLER BEYAZ\u2019IN 5 K\u0130LOMETREL\u0130K B\u0130R Y\u00dcR\u00dcY\u00dc\u015e\u00dc \u0130LE TOPLANIYOR. BEYAZ MAHALLER\u0130 \u0130SM\u0130 G\u0130B\u0130 BEMBEYAZ YAPMAK \u0130\u00c7\u0130N G\u00dcNDE 8 SAAT \u00c7ALI\u015eIRKEN, \u0130NAT ED\u0130P G\u0130TMED\u0130\u011e\u0130 ZAMANLARDA \u0130SE DEVREYE \u00c7EKER VE LEBLEB\u0130 G\u0130R\u0130YOR.<\/p>\n","protected":false},"author":1,"featured_media":189978,"comment_status":"closed","ping_status":"open","sticky":false,"template":"","format":"standard","meta":{"jetpack_post_was_ever_published":false,"_jetpack_newsletter_access":"","_jetpack_dont_email_post_to_subs":false,"_jetpack_newsletter_tier_id":0,"_jetpack_memberships_contains_paywalled_content":false,"_jetpack_memberships_contains_paid_content":false,"footnotes":"","jetpack_publicize_message":"","jetpack_publicize_feature_enabled":true,"jetpack_social_post_already_shared":true,"jetpack_social_options":{"image_generator_settings":{"template":"highway","default_image_id":0,"font":"","enabled":false},"version":2}},"categories":[1],"tags":[818,1073,4423,1422,44,4043,47444,47445,1483],"class_list":["post-189977","post","type-post","status-publish","format-standard","has-post-thumbnail","hentry","category-genel","tag-beyaz","tag-ozel","tag-bembeyaz","tag-calisiyor","tag-icin","tag-isimli","tag-katir","tag-mahalleleri","tag-yapmak"],"jetpack_publicize_connections":[],"jetpack_featured_media_url":"https:\/\/i0.wp.com\/www.tvturk.com\/wp-content\/uploads\/2019\/08\/ozel-beyaz-isimli-katir-mahalleleri-bembeyaz-yapmak-icin-calisiyor_c35e506.jpg?fit=1000%2C666","jetpack_sharing_enabled":true,"jetpack_shortlink":"https:\/\/wp.me\/paKIfm-Nq9","_links":{"self":[{"href":"http:\/\/www.tvturk.com\/index.php\/wp-json\/wp\/v2\/posts\/189977","targetHints":{"allow":["GET"]}}],"collection":[{"href":"http:\/\/www.tvturk.com\/index.php\/wp-json\/wp\/v2\/posts"}],"about":[{"href":"http:\/\/www.tvturk.com\/index.php\/wp-json\/wp\/v2\/types\/post"}],"author":[{"embeddable":true,"href":"http:\/\/www.tvturk.com\/index.php\/wp-json\/wp\/v2\/users\/1"}],"replies":[{"embeddable":true,"href":"http:\/\/www.tvturk.com\/index.php\/wp-json\/wp\/v2\/comments?post=189977"}],"version-history":[{"count":0,"href":"http:\/\/www.tvturk.com\/index.php\/wp-json\/wp\/v2\/posts\/189977\/revisions"}],"wp:featuredmedia":[{"embeddable":true,"href":"http:\/\/www.tvturk.com\/index.php\/wp-json\/wp\/v2\/media\/189978"}],"wp:attachment":[{"href":"http:\/\/www.tvturk.com\/index.php\/wp-json\/wp\/v2\/media?parent=189977"}],"wp:term":[{"taxonomy":"category","embeddable":true,"href":"http:\/\/www.tvturk.com\/index.php\/wp-json\/wp\/v2\/categories?post=189977"},{"taxonomy":"post_tag","embeddable":true,"href":"http:\/\/www.tvturk.com\/index.php\/wp-json\/wp\/v2\/tags?post=189977"}],"curies":[{"name":"wp","href":"https:\/\/api.w.org\/{rel}","templated":true}]}}