{"id":190003,"date":"2019-08-04T11:31:51","date_gmt":"2019-08-04T08:31:51","guid":{"rendered":"http:\/\/www.tvturk.com\/index.php\/dogunun-gizli-denizi-hazarda-hafta-sonu-yogunlugu\/"},"modified":"2019-08-04T11:31:51","modified_gmt":"2019-08-04T08:31:51","slug":"dogunun-gizli-denizi-hazarda-hafta-sonu-yogunlugu","status":"publish","type":"post","link":"http:\/\/www.tvturk.com\/index.php\/dogunun-gizli-denizi-hazarda-hafta-sonu-yogunlugu\/","title":{"rendered":"Do\u011funun gizli denizi Hazar\u2019da hafta sonu yo\u011funlu\u011fu"},"content":{"rendered":"<p>Son g\u00fcnlerde a\u015f\u0131r\u0131 s\u0131caklardan bunalan vatanda\u015flar, Do\u011fu\u2019nun gizli denizi olarak bilinen Elaz\u0131\u011f\u2019\u0131n Sivrice il\u00e7esinde bulunan Hazar G\u00f6l\u00fc\u2019ne ak\u0131n etti.<\/p>\n<p>T\u00fcrkiye\u2019de derinli\u011fi ile ilk s\u0131rada yer alan, 22 kilometre uzunlu\u011fa ve 6 kilometre geni\u015fli\u011fe sahip Hazar G\u00f6l\u00fc\u2019n\u00fcn k\u0131y\u0131lar\u0131 s\u0131caktan bunalan vatanda\u015flar\u0131n ak\u0131n\u0131na u\u011frad\u0131. \u00d6zellikle Elaz\u0131\u011f d\u0131\u015f\u0131nda Diyarbak\u0131r, Malatya, Bing\u00f6l, Ad\u0131yaman, \u015eanl\u0131urfa, Mardin ba\u015fta olmak \u00fczere denizsiz kentlerde ya\u015fayanlar Hazar G\u00f6l\u00fc\u2019n\u00fc tercih ediyor. \u0130ki ada ve sakl\u0131 kenti bulunan Hazar G\u00f6l\u00fc \u00e7evresi, apart otel, kamp \u00e7ad\u0131r alanlar\u0131yla da tatilciler taraf\u0131ndan tercih ediliyor.  Akdeniz ve Ege sahillerini aratmayan Hazar G\u00f6l\u00fc\u2019nde tatilciler, \u015fezlong, \u015femsiye, deniz bisikleti, tekne turu gibi imkanlardan da faydalanabiliyor.<\/p>\n<p>Diyarbak\u0131r\u2019dan ailesi ile gelen Ercan Ad\u0131yaman, \u201cDiyarbak\u0131r bu sene \u00e7ok s\u0131cak. 3-4 g\u00fcnd\u00fcr son d\u00f6nemlerin en s\u0131cak g\u00fcnleri ya\u015fan\u0131yor. Biz de buraya geldik. Serin g\u00f6l g\u00fczel. Temiz ve g\u00fczel tesis. Ailece e\u011fleniyoruz, geziyoruz, dinleniyoruz ve y\u00fcz\u00fcyoruz\u201d dedi.<\/p>\n<p>Malatya\u2019dan geldiklerini dile getiren Sefa F\u0131rat ise \u201cA\u015f\u0131r\u0131 s\u0131caklardan ka\u00e7t\u0131k. En yak\u0131n deniz neresi Sivrice\u2019de var diye geldik. G\u00fczel be\u011fendik. Yine haftaya gelece\u011fiz. Ailecek geldik. Serinliyoruz. Malatya\u2019da 2 g\u00fcnd\u00fcr a\u015f\u0131r\u0131 s\u0131cak vard\u0131. Televizyonda da bak\u0131yoruz herkes denize gidiyoruz. Yolda  \u00e7ocukla \u00e7ekilmedi\u011fi i\u00e7in Sivrice\u2019ye geldik\u201d diye konu\u015ftu.<\/p>\n<p>Elaz\u0131\u011f\u2019da havan\u0131n bir haftad\u0131r \u00e7ok s\u0131cak oldu\u011funu ifade eden vatanda\u015flar da, \u201cBuraya i\u015f arkada\u015flar\u0131m\u0131zla beraber geldik. G\u00fczel bir imkan. Suya giriyoruz ve serinliyoruz. \u00c7evre illerde gelen arkada\u015flar\u0131m\u0131z da var. Bing\u00f6l, Diyarbak\u0131r ve Malatya\u2019dan gelenler var. Elaz\u0131\u011f i\u00e7in g\u00fczel bir imkan. Biz buraya do\u011funun denizi diyoruz. \u0130zmir\u2019deki, \u0130stanbul\u2019daki neyse bizim i\u00e7in buras\u0131 \u00f6yle. G\u00fcn\u00fcbirlik gelinebilen yer\u201d \u015feklinde konu\u015ftu.<\/p>\n","protected":false},"excerpt":{"rendered":"<p>DO\u011eU VE G\u00dcNEYDO\u011eU ANADOLU\u2019DA YA\u015eANAN A\u015eIRI SICAKLARDAN BUNALAN VATANDA\u015eLAR, ELAZI\u011e\u2019SIN S\u0130VR\u0130CE \u0130L\u00c7ES\u0130NDE BULUNAN HAZAR G\u00d6L\u00dc\u2019NE AKIN ETT\u0130.<\/p>\n","protected":false},"author":1,"featured_media":190004,"comment_status":"closed","ping_status":"open","sticky":false,"template":"","format":"standard","meta":{"jetpack_post_was_ever_published":false,"_jetpack_newsletter_access":"","_jetpack_dont_email_post_to_subs":false,"_jetpack_newsletter_tier_id":0,"_jetpack_memberships_contains_paywalled_content":false,"_jetpack_memberships_contains_paid_content":false,"footnotes":"","jetpack_publicize_message":"","jetpack_publicize_feature_enabled":true,"jetpack_social_post_already_shared":true,"jetpack_social_options":{"image_generator_settings":{"template":"highway","default_image_id":0,"font":"","enabled":false},"version":2}},"categories":[1],"tags":[4640,3683,28971,1178,47460,3535,10277],"class_list":["post-190003","post","type-post","status-publish","format-standard","has-post-thumbnail","hentry","category-genel","tag-gizli","tag-denizi","tag-dogunun","tag-hafta","tag-hazarda","tag-sonu","tag-yogunlugu"],"jetpack_publicize_connections":[],"jetpack_featured_media_url":"https:\/\/i0.wp.com\/www.tvturk.com\/wp-content\/uploads\/2019\/08\/dogunun-gizli-denizi-hazarda-hafta-sonu-yogunlugu_9fc4b0f.jpg?fit=1000%2C562","jetpack_sharing_enabled":true,"jetpack_shortlink":"https:\/\/wp.me\/paKIfm-Nqz","_links":{"self":[{"href":"http:\/\/www.tvturk.com\/index.php\/wp-json\/wp\/v2\/posts\/190003","targetHints":{"allow":["GET"]}}],"collection":[{"href":"http:\/\/www.tvturk.com\/index.php\/wp-json\/wp\/v2\/posts"}],"about":[{"href":"http:\/\/www.tvturk.com\/index.php\/wp-json\/wp\/v2\/types\/post"}],"author":[{"embeddable":true,"href":"http:\/\/www.tvturk.com\/index.php\/wp-json\/wp\/v2\/users\/1"}],"replies":[{"embeddable":true,"href":"http:\/\/www.tvturk.com\/index.php\/wp-json\/wp\/v2\/comments?post=190003"}],"version-history":[{"count":0,"href":"http:\/\/www.tvturk.com\/index.php\/wp-json\/wp\/v2\/posts\/190003\/revisions"}],"wp:featuredmedia":[{"embeddable":true,"href":"http:\/\/www.tvturk.com\/index.php\/wp-json\/wp\/v2\/media\/190004"}],"wp:attachment":[{"href":"http:\/\/www.tvturk.com\/index.php\/wp-json\/wp\/v2\/media?parent=190003"}],"wp:term":[{"taxonomy":"category","embeddable":true,"href":"http:\/\/www.tvturk.com\/index.php\/wp-json\/wp\/v2\/categories?post=190003"},{"taxonomy":"post_tag","embeddable":true,"href":"http:\/\/www.tvturk.com\/index.php\/wp-json\/wp\/v2\/tags?post=190003"}],"curies":[{"name":"wp","href":"https:\/\/api.w.org\/{rel}","templated":true}]}}