{"id":190021,"date":"2019-08-04T11:46:53","date_gmt":"2019-08-04T08:46:53","guid":{"rendered":"http:\/\/www.tvturk.com\/index.php\/simavda-zafer-kupasi-kick-boks-sampiyonasi-heyecani\/"},"modified":"2019-08-04T11:46:53","modified_gmt":"2019-08-04T08:46:53","slug":"simavda-zafer-kupasi-kick-boks-sampiyonasi-heyecani","status":"publish","type":"post","link":"http:\/\/www.tvturk.com\/index.php\/simavda-zafer-kupasi-kick-boks-sampiyonasi-heyecani\/","title":{"rendered":"Simav\u2019da Zafer Kupas\u0131 Kick Boks \u015eampiyonas\u0131 heyecan\u0131"},"content":{"rendered":"<p>K\u00fctahya\u2019n\u0131n termal il\u00e7esi Simav\u2019\u0131n Eynal Kapl\u0131calar\u0131, T\u00fcrkiye Kick Boks Federasyonu\u2019nun heyecan dolu bir organizasyonuna ev sahipli\u011fi yapt\u0131. 11 ilden toplam 250 sporcunun kat\u0131ld\u0131\u011f\u0131, iki g\u00fcn s\u00fcren \u015fampiyonada heyecanl\u0131 anlar ya\u015fand\u0131.<\/p>\n<p>Kick Boks Dan\u0131\u015fma Kurulu \u00dcyesi ve K\u00fctahya \u0130l Temsilcisi Ahmet Arabac\u0131, \u201cBug\u00fcn K\u00fctahya\u2019n\u0131n Simav il\u00e7esi Eynal tesislerindeyiz. Simav, termal bak\u0131mdan d\u00fcnyan\u0131n say\u0131l\u0131 il\u00e7elerinden biri, b\u00f6ylesine g\u00fczel bir yerde, 11 ilden gelen sporcular\u0131m\u0131zla Simavl\u0131lar\u0131 kayna\u015ft\u0131rmak ve tan\u0131t\u0131m i\u00e7in organizasyonu burada yapt\u0131k\u201d dedi.<\/p>\n<p>K\u00fctahya Gen\u00e7lik ve Spor \u0130l M\u00fcd\u00fcr\u00fc Feyzullah Gayret, \u201cKick boks Zafer Kupas\u0131 m\u00fcnasebetiyle K\u00fctahya\u2019n\u0131n g\u00fczide il\u00e7esi Simav\u2019da bulunuyoruz. Simav\u2019\u0131n tan\u0131t\u0131m\u0131na katk\u0131da bulundu\u011fumuzu d\u00fc\u015f\u00fcn\u00fcyoruz, ayr\u0131ca buraya bir hareketlilik getiriyoruz. Her a\u00e7\u0131dan bakt\u0131\u011f\u0131m\u0131zda katma de\u011feri oldu\u011funu \u00f6zellikle belirtmek istiyorum\u201d diye konu\u015ftu.<\/p>\n<p>Simav Gen\u00e7lik ve Spor \u0130l\u00e7e M\u00fcd\u00fcr\u00fc Mustafa Sapmaz, 3-4 A\u011fustos 2019 tarihlerinde, Zafer Kupas\u0131 ad\u0131 alt\u0131nda, 11 ilden 250 sporcunun kat\u0131ld\u0131\u011f\u0131 bir organizasyona ilk defa kat\u0131l\u0131yoruz. Daha \u00f6nce halter, voleybol, basketbol gibi alanlarda T\u00fcrkiye \u015fampiyonalar\u0131na ev sahipli\u011fi yapt\u0131k, bu etkinliklere kick boks organizasyonunu da katt\u0131k. Bir insan yeti\u015ftir, d\u00fcnyay\u0131 de\u011fi\u015ftir slogan\u0131yla, Simav\u2019\u0131n tan\u0131t\u0131m\u0131 ad\u0131na da farkl\u0131 spor etkinlikleri bizleri bekliyor\u201d \u015feklinde konu\u015ftu.<\/p>\n<p>\u015eampiyonaya 7 erkek sporcuyla, bin 700 kilometre uzakl\u0131ktaki A\u011fr\u0131\u2019dan kat\u0131lan Antren\u00f6r Sezer \u00d6zkaya, bir\u00e7ok yere m\u00fcsabaka i\u00e7in gittiklerini ancak Simav\u2019daki s\u0131cak kar\u015f\u0131laman\u0131n \u00e7ok farkl\u0131 oldu\u011funu belirterek, organizasyona katk\u0131da bulunanlara te\u015fekk\u00fcr etti\u011fini ifade etti.<\/p>\n<p>Davut Kaya: &#8220;5 y\u0131ld\u0131r kick boks yap\u0131yorum, 4 kez T\u00fcrkiye \u015fampiyonu oldum&#8221;<\/p>\n<p>19 ya\u015f\u0131ndaki kick boks sporcusu Davut Kaya, Simav il\u00e7esindeki Eynal kapl\u0131calar\u0131nda yap\u0131lan Zafer Kupas\u0131 \u015eampiyonas\u0131\u2019na Burdur\u2019dan kat\u0131ld\u0131\u011f\u0131n\u0131 belirtti. Kaya, \u201c5 y\u0131ldan bu yana kick boks yap\u0131yorum, 4 defa T\u00fcrkiye \u015fampiyonu oldum. Bu y\u0131l ekim ay\u0131nda Bosna Hersek\u2019te yap\u0131lacak olan D\u00fcnya \u015eampiyonas\u0131\u2019na kat\u0131lma hakk\u0131 kazand\u0131m. \u00dclkemi en iyi bir \u015fekilde temsil ederek bayra\u011f\u0131m\u0131za ve \u0130stiklal Mar\u015f\u0131m\u0131za sahip \u00e7\u0131kaca\u011f\u0131m\u201d diye konu\u015ftu.<\/p>\n<p>Burdur Mehmet Akif Ersoy \u00dcniversitesi Beden E\u011fitimi \u00d6\u011fretmenli\u011fi 3. s\u0131n\u0131f \u00f6\u011frencisi Elif Aynur (20), Eynal Kapl\u0131calar\u0131\u2019nda d\u00fczenlenen Zafer Kupas\u0131\u2019nda birinci olmay\u0131 hedefliyorum. Avrupa \u015fampiyonluklar\u0131m\u0131n yan\u0131 s\u0131ra  ge\u00e7en y\u0131l Bel\u00e7ika\u2019da d\u00fczenlenen m\u00fcsabakada 3. oldum. Yap\u0131lacak olan D\u00fcnya \u015eampiyonas\u0131\u2019nda bayra\u011f\u0131m\u0131z\u0131 en \u00fcst seviyede dalgaland\u0131rmak istiyorum\u201d ifadelerini kulland\u0131.<\/p>\n<p>Burdur Tak\u0131m\u0131\u2019n\u0131n Antren\u00f6r\u00fc Deniz S\u00f6g\u00fc Ko\u00e7, ama\u00e7lar\u0131n\u0131n antrenman niteli\u011findeki ma\u00e7larla di\u011fer m\u00fcsabakalara \u00f6n haz\u0131rl\u0131k yapmak oldu\u011funu belirterek, D\u00fcnya \u015eampiyonas\u0131\u2019nda \u015fampiyon \u00e7\u0131karmak oldu\u011funu ifade etti.<\/p>\n<p>Burdur Uygulamal\u0131 Bilimler Y\u00fcksek Okulu 2. s\u0131n\u0131f \u00f6\u011frencisi G\u00f6k\u00e7enur Tarhan (20), Bu y\u0131l \u0130talya\u2019da yap\u0131lan D\u00fcnya \u015eampiyonas\u0131\u2019nda 2\u2019inci oldu\u011funu s\u00f6yleyerek, hedefinin d\u00fcnya \u015fampiyonlu\u011fu oldu\u011funu ifade etti.<\/p>\n<p>A\u011fr\u0131, Ankara, Eski\u015fehir, Bilecik, Bart\u0131n, K\u00fctahya, Bursa, Karab\u00fck,Konya, Kayseri ve Burdur illerinden gelen 250 kick boks sporcusunu kat\u0131ld\u0131\u011f\u0131 Zafer Kupas\u0131 \u015eampiyonas\u0131\u2019n\u0131n, 4 A\u011fustos Pazar g\u00fcn\u00fc yap\u0131lacak seremoni ile sona erece\u011fi bildirildi.<\/p>\n","protected":false},"excerpt":{"rendered":"<p>S\u0130MAV\u2019DA \u0130LK KEZ GER\u00c7EKLE\u015eT\u0130R\u0130LEN, 10 &#8211; 25 YA\u015e ARASI (KIZ-ERKEK) K\u0130CK BOKS M\u00dcSABAKALARINA 11  \u0130LDEN 250 SPORCU KATILDI<\/p>\n","protected":false},"author":1,"featured_media":190022,"comment_status":"closed","ping_status":"open","sticky":false,"template":"","format":"standard","meta":{"jetpack_post_was_ever_published":false,"_jetpack_newsletter_access":"","_jetpack_dont_email_post_to_subs":false,"_jetpack_newsletter_tier_id":0,"_jetpack_memberships_contains_paywalled_content":false,"_jetpack_memberships_contains_paid_content":false,"footnotes":"","jetpack_publicize_message":"","jetpack_publicize_feature_enabled":true,"jetpack_social_post_already_shared":true,"jetpack_social_options":{"image_generator_settings":{"template":"highway","default_image_id":0,"font":"","enabled":false},"version":2}},"categories":[657],"tags":[13404,1179,13403,915,395,2552,1868],"class_list":["post-190021","post","type-post","status-publish","format-standard","has-post-thumbnail","hentry","category-spor","tag-boks","tag-heyecani","tag-kick","tag-kupasi","tag-sampiyonasi","tag-simavda","tag-zafer"],"jetpack_publicize_connections":[],"jetpack_featured_media_url":"https:\/\/i0.wp.com\/www.tvturk.com\/wp-content\/uploads\/2019\/08\/simavda-zafer-kupasi-kick-boks-sampiyonasi-heyecani_d8a1516.jpg?fit=1000%2C664","jetpack_sharing_enabled":true,"jetpack_shortlink":"https:\/\/wp.me\/paKIfm-NqR","_links":{"self":[{"href":"http:\/\/www.tvturk.com\/index.php\/wp-json\/wp\/v2\/posts\/190021","targetHints":{"allow":["GET"]}}],"collection":[{"href":"http:\/\/www.tvturk.com\/index.php\/wp-json\/wp\/v2\/posts"}],"about":[{"href":"http:\/\/www.tvturk.com\/index.php\/wp-json\/wp\/v2\/types\/post"}],"author":[{"embeddable":true,"href":"http:\/\/www.tvturk.com\/index.php\/wp-json\/wp\/v2\/users\/1"}],"replies":[{"embeddable":true,"href":"http:\/\/www.tvturk.com\/index.php\/wp-json\/wp\/v2\/comments?post=190021"}],"version-history":[{"count":0,"href":"http:\/\/www.tvturk.com\/index.php\/wp-json\/wp\/v2\/posts\/190021\/revisions"}],"wp:featuredmedia":[{"embeddable":true,"href":"http:\/\/www.tvturk.com\/index.php\/wp-json\/wp\/v2\/media\/190022"}],"wp:attachment":[{"href":"http:\/\/www.tvturk.com\/index.php\/wp-json\/wp\/v2\/media?parent=190021"}],"wp:term":[{"taxonomy":"category","embeddable":true,"href":"http:\/\/www.tvturk.com\/index.php\/wp-json\/wp\/v2\/categories?post=190021"},{"taxonomy":"post_tag","embeddable":true,"href":"http:\/\/www.tvturk.com\/index.php\/wp-json\/wp\/v2\/tags?post=190021"}],"curies":[{"name":"wp","href":"https:\/\/api.w.org\/{rel}","templated":true}]}}