{"id":190025,"date":"2019-08-04T11:47:00","date_gmt":"2019-08-04T08:47:00","guid":{"rendered":"http:\/\/www.tvturk.com\/index.php\/ozel-haber-turk-kadin-maratoncunun-hedefi-kalahari-colunde-kosmak\/"},"modified":"2019-08-04T11:47:00","modified_gmt":"2019-08-04T08:47:00","slug":"ozel-haber-turk-kadin-maratoncunun-hedefi-kalahari-colunde-kosmak","status":"publish","type":"post","link":"http:\/\/www.tvturk.com\/index.php\/ozel-haber-turk-kadin-maratoncunun-hedefi-kalahari-colunde-kosmak\/","title":{"rendered":"(\u00d6zel Haber) T\u00fcrk kad\u0131n maratoncunun hedefi Kalahari \u00c7\u00f6l\u00fc\u2019nde ko\u015fmak"},"content":{"rendered":"<p>Hayat ko\u015fusuna yetimhanede ba\u015flayan Deniz \u00c7i\u00e7ek, bir emniyet amirinin kendisini ke\u015ffetmesiyle spor d\u00fcnyas\u0131na ilk ad\u0131m\u0131n\u0131 att\u0131. T\u00fcrkiye\u2019de az bilinen bir spora, Ultra Maratona g\u00f6n\u00fcl veren \u00c7i\u00e7ek, hayat ko\u015fusuna parkurlarda devam ediyor. Yar\u0131\u015f esnas\u0131nda kar\u015f\u0131s\u0131na \u00e7\u0131kan ay\u0131 bile \u00c7i\u00e7ek\u2019i yolundan \u00e7eviremedi.<\/p>\n<p>Son olarak Bursa Ultra Maratonunda ko\u015fan Deniz \u00c7i\u00e7ek, yar\u0131\u015ftan kad\u0131nlar baz\u0131nda ikincilikle ayr\u0131ld\u0131. Antrenmanlar\u0131na h\u0131z kesmeden devam eden iki \u00e7ocuk annesi Deniz \u00c7i\u00e7ek\u2019in hedefi G\u00fcney Afrika\u2019n\u0131n Kalahari \u00c7\u00f6l\u00fcnde yap\u0131lan Ultra Maraton ko\u015fusuna kat\u0131lmak ve ba\u015far\u0131 kazanmak. \u0130HA\u2019ya hayallerinden bahseden \u00c7i\u00e7ek, Acun Il\u0131cal\u0131\u2019ya da \u00e7a\u011fr\u0131da bulundu.<\/p>\n<p>\u201cYar\u0131\u015f esnas\u0131nda ay\u0131yla kar\u015f\u0131la\u015ft\u0131m\u201d<\/p>\n<p>Geleneksel Maraton yar\u0131\u015flar\u0131n\u0131n daha uzun mesafede ko\u015fuldu\u011fu Ultra Maraton yar\u0131\u015flar\u0131na kat\u0131lan atlet Deniz \u00c7i\u00e7ek, son olarak 20 Temmuz\u2019da Bursa Ultra Maratonu\u2019na kat\u0131ld\u0131. Bursa ile Uluda\u011f aras\u0131nda yap\u0131lan yar\u0131\u015fta \u00e7ok zorland\u0131\u011f\u0131n\u0131 s\u00f6yleyen \u00c7i\u00e7ek, yar\u0131\u015f\u0131 24 saatte bitirerek kad\u0131nlar klasman\u0131nda ikincilikle ayr\u0131ld\u0131. Pes etmek nedir bilmeyen \u00c7i\u00e7ek, Bursa\u2019daki ko\u015fuda ba\u015f\u0131na gelen korkun\u00e7 olay\u0131 da g\u00fclerek anlatt\u0131. \u00c7i\u00e7ek, \u201cBursa Ultra Maratonu \u00e7ok zorlu bir parkurdu. Uluda\u011f\u2019dan Bursa\u2019ya 3 kere inip \u00e7\u0131kt\u0131k. Yar\u0131\u015f esnas\u0131nda bir ay\u0131yla kar\u015f\u0131la\u015ft\u0131m. \u00d6nce yavru sand\u0131m ama yakla\u015ft\u0131\u011f\u0131mda yavru olmad\u0131\u011f\u0131n\u0131 anlad\u0131m. Ne yapaca\u011f\u0131m\u0131 \u015fa\u015f\u0131rd\u0131m ama yoluma devam ettim. Kendi kendime dedim ki; \u2018Sen yar\u0131\u015f ko\u015fuyorsun, ultra ko\u015fuyorsun hi\u00e7bir \u015feyin seni yolundan \u00e7evirmesine izin verme\u2019 kald\u0131 ki orman\u0131n i\u00e7indeydim ba\u011f\u0131rsam kimse beni duyamayacakt\u0131\u201d dedi.<\/p>\n<p>\u201cEn \u00e7ok \u00e7ocuklar\u0131m fedakarl\u0131k yap\u0131yor\u201d<\/p>\n<p>\u00c7ocuk esirgeme yurdunda b\u00fcy\u00fcyen ve hen\u00fcz 10 ya\u015f\u0131ndayken polis memuru L\u00fctfullah U\u011fur Pekcan taraf\u0131ndan spora yatk\u0131nl\u0131\u011f\u0131 ke\u015ffedilen \u00c7i\u00e7ek, aktif spor ya\u015fant\u0131s\u0131na devam ediyor. \u0130ki \u00e7ocuk annesi olan \u00c7i\u00e7ek, Ultra Maraton yar\u0131\u015flar\u0131na kat\u0131larak hem \u00e7ocuklar\u0131na hem de di\u011fer kad\u0131nlara \u00f6rnek oluyor. Antrenmanlar\u0131n\u0131 aksatmamaya gayret eden \u00c7i\u00e7ek, yapt\u0131\u011f\u0131 sporun fedakarl\u0131k gerektirdi\u011fini ifade ederek en b\u00fcy\u00fck destek\u00e7ilerinin \u00e7ocuklar\u0131 oldu\u011funu s\u00f6yledi. \u00c7i\u00e7ek, \u201c\u00c7ocuklar\u0131m benden daha \u00e7ok fedakarl\u0131k yap\u0131yor. \u00c7\u00fcnk\u00fc onlara ay\u0131raca\u011f\u0131m vakti ben \u00e7o\u011fu zaman antrenmanlara ay\u0131r\u0131yorum. Benim en b\u00fcy\u00fck destek\u00e7ilerim \u00e7ocuklar\u0131m. Ben \u00e7ocuklar\u0131m i\u00e7in, kendim i\u00e7in ve \u00fclkem i\u00e7in ko\u015fuyorum\u201d diye konu\u015ftu. Yar\u0131\u015flara haz\u0131rlanma s\u00fcrecinden de bahseden \u00c7i\u00e7ek, \u201cYar\u0131\u015flara imkanlar\u0131m dahilinde haz\u0131rlan\u0131yorum. A\u00e7\u0131k\u00e7as\u0131 ola\u011fan\u00fcst\u00fc bir haz\u0131rl\u0131k yapam\u0131yorum. \u0130mkanlar\u0131m \u00e7ok k\u0131s\u0131tl\u0131 bir\u00e7ok \u015fey maddiyata dayan\u0131yor\u201d diyerek sponsor ihtiyac\u0131n\u0131 dile getirdi.<\/p>\n<p>\u201cKalahari \u00c7\u00f6l\u00fc\u2019nde \u00fclkemi temsil etmek istiyorum\u201d<\/p>\n<p>Daha \u00f6nce kat\u0131ld\u0131\u011f\u0131 yar\u0131\u015flardan kazand\u0131\u011f\u0131 madalyalar\u0131n \u00f6yk\u00fcs\u00fcn\u00fc de anlatan \u00c7i\u00e7ek, yurt i\u00e7i ve yurt d\u0131\u015f\u0131 yar\u0131\u015flar\u0131na kat\u0131lmaya \u00e7al\u0131\u015ft\u0131\u011f\u0131n\u0131 s\u00f6yledi. Ultra Maraton sporunun bireysel yetenek ve zindelikten ziyade maddiyata da dayand\u0131\u011f\u0131n\u0131 s\u00f6yleyen \u00c7i\u00e7ek, bu konuda sporseverlerden destek istedi. \u00c7o\u011funlukla yurt i\u00e7indeki yar\u0131\u015flara kat\u0131labildi\u011fini ifade eden \u00c7i\u00e7ek, sponsor buldu\u011fu takdirde yurt d\u0131\u015f\u0131ndan da ba\u015far\u0131yla d\u00f6nebilece\u011fini belirtti. T\u00fcrkiye\u2019de en uzun ko\u015fan bayanlardan biri oldu\u011funu iddia eden \u00c7i\u00e7ek, Tuz G\u00f6l\u00fc\u2019nde 30 A\u011fustos &#8211; 1 Eyl\u00fcl tarihleri aras\u0131nda ger\u00e7ekle\u015ftirilecek 100 mil ko\u015fusuna haz\u0131rland\u0131\u011f\u0131n\u0131 s\u00f6yledi. \u201cGarmin Runfire Salt Lake Ultra Trail\u201d olarak bilinen Ultra Maraton ko\u015fusunda spor tutkunlar\u0131n\u0131n s\u0131n\u0131rlar\u0131n\u0131 zorlayaca\u011f\u0131n\u0131 kaydeden \u00c7i\u00e7ek, \u201cMil dedi\u011fimiz bir yar\u0131\u015f t\u00fcr\u00fc var. 160 kilometreden ba\u015fl\u0131yor yar\u0131\u015flar onlar\u0131 ko\u015fuyorum. \u015eu an 30 A\u011fustos\u2019taki Tuz G\u00f6l\u00fc Ultra Maratonuna haz\u0131rlan\u0131yorum\u201d \u015feklinde konu\u015ftu.<\/p>\n<p>G\u00fcney Afrika\u2019da yap\u0131lan Kalahari \u00c7\u00f6l Maratonunda T\u00fcrkiye\u2019yi temsil etmek isteyen \u00c7i\u00e7ek, \u201cSporseverlerin yard\u0131mlar\u0131n\u0131 istiyorum. Ultra Maraton \u015fu an \u00fclkemizde desteklenmiyor ve tamamen bireysel olarak yap\u0131l\u0131yor\u201d dedi.<\/p>\n<p>\u201cSurvivor beni anlat\u0131yor\u201d<\/p>\n<p>Ultra Maraton yar\u0131\u015flar\u0131na haz\u0131rlanman\u0131n zorluklar\u0131ndan bahseden \u00c7i\u00e7ek, Acun Il\u0131cal\u0131\u2019ya seslenerek Survivor\u2019un yeni sezonunda yer almak istedi\u011fini s\u00f6yledi. \u00c7i\u00e7ek, \u201cBuradan Acun Il\u0131cal\u0131\u2019ya sesleniyorum. Beni Survivor\u2019a \u00e7a\u011f\u0131rmas\u0131n\u0131 istiyorum. Survivor \u00f6z\u00fcnde tam olarak beni anlat\u0131yor ve ben oray\u0131 ya\u015famak istiyorum. Survivor\u2019u kazanabilece\u011fime inan\u0131yorum \u00e7\u00fcnk\u00fc ben Ultra Maraton ko\u015fucusuyum\u201d diyerek kat\u0131lmas\u0131 halinde \u015fimdiden rakiplerine de g\u00f6zda\u011f\u0131 verdi.<\/p>\n<p>\u201cD\u00fcnyada ender rastlanan bir kad\u0131n sporcu\u201d<\/p>\n<p>Halihaz\u0131rda Deniz \u00c7i\u00e7ek\u2019in antren\u00f6rl\u00fc\u011f\u00fcn\u00fc yapan Kutluay Koz, \u201cDeniz han\u0131m\u0131 ortalama 7-8 y\u0131ld\u0131r tan\u0131yorum. Sadece \u00fclkemizde de\u011fil d\u00fcnyada ender rastlanan bir kad\u0131n sporcu. \u00d6zelli\u011fi \u015fu; \u00e7ocuklar\u0131 2-3 ya\u015flar\u0131ndayken ko\u015fulara ba\u015flad\u0131. Yar\u0131\u015flara gitti\u011fimiz zamanlarda ben kafile ba\u015fkan\u0131yd\u0131m. Deniz han\u0131m, iki tane \u00e7ocu\u011fuyla inan\u0131n tek koltukta seyahat ederek iki \u00e7ocu\u011fu kuca\u011f\u0131nda yar\u0131\u015flara g\u00f6t\u00fcrd\u00fc. O kadar azimliydi ki d\u00fcnyada Deniz han\u0131m tektir. Ben bir ikinci Deniz han\u0131m\u0131 g\u00f6rmedim. Durumu iyi olan insanlara sesleniyorum; Deniz han\u0131ma yard\u0131mc\u0131 olsunlar. Sabahleyin 4\u2019te 5\u2019te idmana \u00e7\u0131kan bir kad\u0131n tek ba\u015f\u0131na m\u00fccadele veriyor elbette Survivor\u2019da da ba\u015far\u0131l\u0131 olur\u201d ifadelerini kulland\u0131.<\/p>\n","protected":false},"excerpt":{"rendered":"<p>HAYAT KO\u015eUSUNA YET\u0130MHANEDE BA\u015eLAYAN DEN\u0130Z \u00c7\u0130\u00c7EK, B\u0130R EMN\u0130YET AM\u0130R\u0130N\u0130N KEND\u0130S\u0130N\u0130 KE\u015eFETMES\u0130YLE SPOR D\u00dcNYASINA \u0130LK ADIMINI ATTI. T\u00dcRK\u0130YE\u2019DE AZ B\u0130L\u0130NEN B\u0130R SPORA, ULTRA MARATONA G\u00d6N\u00dcL VEREN \u00c7\u0130\u00c7EK, HAYAT KO\u015eUSUNA PARKURLARDA DEVAM ED\u0130YOR. YARI\u015e ESNASINDA KAR\u015eISINA \u00c7IKAN AYI B\u0130LE \u00c7\u0130\u00c7EK&#8217;\u0130 YOLUNDAN \u00c7EV\u0130REMED\u0130.<\/p>\n","protected":false},"author":1,"featured_media":190026,"comment_status":"closed","ping_status":"open","sticky":false,"template":"","format":"standard","meta":{"jetpack_post_was_ever_published":false,"_jetpack_newsletter_access":"","_jetpack_dont_email_post_to_subs":false,"_jetpack_newsletter_tier_id":0,"_jetpack_memberships_contains_paywalled_content":false,"_jetpack_memberships_contains_paid_content":false,"footnotes":"","jetpack_publicize_message":"","jetpack_publicize_feature_enabled":true,"jetpack_social_post_already_shared":true,"jetpack_social_options":{"image_generator_settings":{"template":"highway","default_image_id":0,"font":"","enabled":false},"version":2}},"categories":[657],"tags":[1073,47467,1545,2687,108,47466,31875,47465,957],"class_list":["post-190025","post","type-post","status-publish","format-standard","has-post-thumbnail","hentry","category-spor","tag-ozel","tag-colunde","tag-haber","tag-hedefi","tag-kadin","tag-kalahari","tag-kosmak","tag-maratoncunun","tag-turk"],"jetpack_publicize_connections":[],"jetpack_featured_media_url":"https:\/\/i0.wp.com\/www.tvturk.com\/wp-content\/uploads\/2019\/08\/ozel-haber-turk-kadin-maratoncunun-hedefi-kalahari-colunde-kosmak_83a8416.jpg?fit=1000%2C644","jetpack_sharing_enabled":true,"jetpack_shortlink":"https:\/\/wp.me\/paKIfm-NqV","_links":{"self":[{"href":"http:\/\/www.tvturk.com\/index.php\/wp-json\/wp\/v2\/posts\/190025","targetHints":{"allow":["GET"]}}],"collection":[{"href":"http:\/\/www.tvturk.com\/index.php\/wp-json\/wp\/v2\/posts"}],"about":[{"href":"http:\/\/www.tvturk.com\/index.php\/wp-json\/wp\/v2\/types\/post"}],"author":[{"embeddable":true,"href":"http:\/\/www.tvturk.com\/index.php\/wp-json\/wp\/v2\/users\/1"}],"replies":[{"embeddable":true,"href":"http:\/\/www.tvturk.com\/index.php\/wp-json\/wp\/v2\/comments?post=190025"}],"version-history":[{"count":0,"href":"http:\/\/www.tvturk.com\/index.php\/wp-json\/wp\/v2\/posts\/190025\/revisions"}],"wp:featuredmedia":[{"embeddable":true,"href":"http:\/\/www.tvturk.com\/index.php\/wp-json\/wp\/v2\/media\/190026"}],"wp:attachment":[{"href":"http:\/\/www.tvturk.com\/index.php\/wp-json\/wp\/v2\/media?parent=190025"}],"wp:term":[{"taxonomy":"category","embeddable":true,"href":"http:\/\/www.tvturk.com\/index.php\/wp-json\/wp\/v2\/categories?post=190025"},{"taxonomy":"post_tag","embeddable":true,"href":"http:\/\/www.tvturk.com\/index.php\/wp-json\/wp\/v2\/tags?post=190025"}],"curies":[{"name":"wp","href":"https:\/\/api.w.org\/{rel}","templated":true}]}}