{"id":190029,"date":"2019-08-04T12:01:47","date_gmt":"2019-08-04T09:01:47","guid":{"rendered":"http:\/\/www.tvturk.com\/index.php\/kapadokyada-sicak-hava-balon-turlari-iptal-edildi\/"},"modified":"2019-08-04T12:01:47","modified_gmt":"2019-08-04T09:01:47","slug":"kapadokyada-sicak-hava-balon-turlari-iptal-edildi","status":"publish","type":"post","link":"http:\/\/www.tvturk.com\/index.php\/kapadokyada-sicak-hava-balon-turlari-iptal-edildi\/","title":{"rendered":"Kapadokya\u2019da s\u0131cak hava balon turlar\u0131 iptal edildi"},"content":{"rendered":"<p>T\u00fcrkiye\u2019nin \u00f6nemli turizm merkezlerinden Kapadokya\u2019da s\u0131cak hava balon turlar\u0131 olumsuz hava \u015fartlar\u0131 nedeniyle iptal edildi.<\/p>\n<p>T\u00fcrkiye\u2019nin \u00f6nemli turizm merkezlerinden olan, ayn\u0131 zamanda s\u0131cak hava balon turlar\u0131n\u0131n ba\u015fkenti Kapadokya\u2019da olumsuz hava \u015fartlar\u0131 nedeniyle s\u0131cak hava balon turlar\u0131 yap\u0131lamad\u0131. Sivil Havac\u0131l\u0131k Genel M\u00fcd\u00fcrl\u00fc\u011f\u00fc taraf\u0131ndan yap\u0131lan a\u00e7\u0131klamada, \u201cKapadokya b\u00f6lgesinde olumsuz hava \u015fartlar\u0131 nedeniyle s\u0131cak hava balon turlar\u0131 iptal edilmi\u015ftir\u201d denildi.<\/p>\n","protected":false},"excerpt":{"rendered":"<p>T\u00dcRK\u0130YE\u2019N\u0130N \u00d6NEML\u0130 TUR\u0130ZM MERKEZLER\u0130NDEN KAPADOKYA\u2019DA SICAK HAVA BALON TURLARI OLUMSUZ HAVA \u015eARTLARI NEDEN\u0130YLE \u0130PTAL ED\u0130LD\u0130.<\/p>\n","protected":false},"author":1,"featured_media":190030,"comment_status":"closed","ping_status":"open","sticky":false,"template":"","format":"standard","meta":{"jetpack_post_was_ever_published":false,"_jetpack_newsletter_access":"","_jetpack_dont_email_post_to_subs":false,"_jetpack_newsletter_tier_id":0,"_jetpack_memberships_contains_paywalled_content":false,"_jetpack_memberships_contains_paid_content":false,"footnotes":"","jetpack_publicize_message":"","jetpack_publicize_feature_enabled":true,"jetpack_social_post_already_shared":true,"jetpack_social_options":{"image_generator_settings":{"template":"highway","default_image_id":0,"font":"","enabled":false},"version":2}},"categories":[1],"tags":[17513,857,257,3466,13956,256,13142],"class_list":["post-190029","post","type-post","status-publish","format-standard","has-post-thumbnail","hentry","category-genel","tag-balon","tag-edildi","tag-hava","tag-iptal","tag-kapadokyada","tag-sicak","tag-turlari"],"jetpack_publicize_connections":[],"jetpack_featured_media_url":"https:\/\/i0.wp.com\/www.tvturk.com\/wp-content\/uploads\/2019\/08\/kapadokyada-sicak-hava-balon-turlari-iptal-edildi_3365e6a.jpg?fit=1000%2C666","jetpack_sharing_enabled":true,"jetpack_shortlink":"https:\/\/wp.me\/paKIfm-NqZ","_links":{"self":[{"href":"http:\/\/www.tvturk.com\/index.php\/wp-json\/wp\/v2\/posts\/190029","targetHints":{"allow":["GET"]}}],"collection":[{"href":"http:\/\/www.tvturk.com\/index.php\/wp-json\/wp\/v2\/posts"}],"about":[{"href":"http:\/\/www.tvturk.com\/index.php\/wp-json\/wp\/v2\/types\/post"}],"author":[{"embeddable":true,"href":"http:\/\/www.tvturk.com\/index.php\/wp-json\/wp\/v2\/users\/1"}],"replies":[{"embeddable":true,"href":"http:\/\/www.tvturk.com\/index.php\/wp-json\/wp\/v2\/comments?post=190029"}],"version-history":[{"count":0,"href":"http:\/\/www.tvturk.com\/index.php\/wp-json\/wp\/v2\/posts\/190029\/revisions"}],"wp:featuredmedia":[{"embeddable":true,"href":"http:\/\/www.tvturk.com\/index.php\/wp-json\/wp\/v2\/media\/190030"}],"wp:attachment":[{"href":"http:\/\/www.tvturk.com\/index.php\/wp-json\/wp\/v2\/media?parent=190029"}],"wp:term":[{"taxonomy":"category","embeddable":true,"href":"http:\/\/www.tvturk.com\/index.php\/wp-json\/wp\/v2\/categories?post=190029"},{"taxonomy":"post_tag","embeddable":true,"href":"http:\/\/www.tvturk.com\/index.php\/wp-json\/wp\/v2\/tags?post=190029"}],"curies":[{"name":"wp","href":"https:\/\/api.w.org\/{rel}","templated":true}]}}