{"id":190031,"date":"2019-08-04T12:01:51","date_gmt":"2019-08-04T09:01:51","guid":{"rendered":"http:\/\/www.tvturk.com\/index.php\/nevsehir-saglikli-yasam-icin-pedal-cevirdi\/"},"modified":"2019-08-04T12:01:51","modified_gmt":"2019-08-04T09:01:51","slug":"nevsehir-saglikli-yasam-icin-pedal-cevirdi","status":"publish","type":"post","link":"http:\/\/www.tvturk.com\/index.php\/nevsehir-saglikli-yasam-icin-pedal-cevirdi\/","title":{"rendered":"Nev\u015fehir sa\u011fl\u0131kl\u0131 ya\u015fam i\u00e7in pedal \u00e7evirdi"},"content":{"rendered":"<p>Nev\u015fehir\u2019de, AK Parti Milletvekili Y\u00fccel Menek\u015fe, Belediye Ba\u015fkan\u0131 Rasim Ar\u0131 ile beraberindeki gen\u00e7ler ve vatanda\u015flar \u201cSa\u011fl\u0131kl\u0131 Ya\u015fam \u0130\u00e7in Pedal \u00c7evir\u201d projesi kapsam\u0131nda d\u00fczenlenen bisiklet turunda pedal \u00e7evirdi.<\/p>\n<p>Nev\u015fehir Belediyesi taraf\u0131ndan kentte bisiklet kullan\u0131m\u0131n\u0131 te\u015fvik etmek ve sa\u011fl\u0131kl\u0131 ya\u015fama dikkat \u00e7ekmek i\u00e7in K\u00fclt\u00fcr ve Sosyal \u0130\u015fler M\u00fcd\u00fcrl\u00fc\u011f\u00fc taraf\u0131ndan d\u00fczenlenen ve Doyuran Kav\u015fa\u011f\u0131 \u00f6n\u00fcnden ba\u015flayan bisiklet turu Dirili\u015f Meydan\u0131\u2019nda tamamland\u0131.<\/p>\n<p>Etkinli\u011fe kat\u0131lan AK Parti Nev\u015fehir Milletvekili Y\u00fccel Menek\u015fe, Nev\u015fehir Belediye Ba\u015fkan\u0131 Rasim Ar\u0131, belediye ba\u015fkan yard\u0131mc\u0131lar\u0131 ve sivil toplum kurulu\u015flar\u0131n\u0131n temsilcileri ile vatanda\u015flar pedal \u00e7evirdi.<\/p>\n<p>\u00d6zellikle gen\u00e7lerin ilgi g\u00f6sterdikleri etkinlikte bisikleti olmayan vatanda\u015flar i\u00e7in Nev\u015fehir Belediyesi taraf\u0131ndan emanet bisiklet verildi.<\/p>\n<p>Etkinlik sonunda turun biti\u015f noktas\u0131 olan Dirili\u015f Meydan\u0131\u2019nda kat\u0131l\u0131mc\u0131lara Nev\u015fehir Belediyesi taraf\u0131ndan \u00e7e\u015fitli ikramlarda bulunuldu.<\/p>\n<p>Toplumun daha sa\u011fl\u0131kl\u0131 olmas\u0131 i\u00e7in hareketlili\u011fin gereklili\u011fine inand\u0131klar\u0131n\u0131 ve sporun toplumuda bir k\u00fclt\u00fcr olmas\u0131 i\u00e7in zemin haz\u0131rlad\u0131klar\u0131n\u0131 belirten Belediye Ba\u015fkan\u0131 Rasim Ar\u0131, Nev\u015fehir\u2019de bisiklet kullan\u0131m\u0131n\u0131n yayg\u0131nla\u015fmas\u0131n\u0131 arzu ettiklerini vurgulad\u0131. Ar\u0131, \u201cBunun i\u00e7in de bisiklet yollar\u0131na destek veriyoruz. Bir yandan mevcut bisiklet yollar\u0131m\u0131z\u0131 onararak daha konforlu hale getirmeye \u00e7al\u0131\u015f\u0131rken bir yandan da yeni bisiklet yollar\u0131 olu\u015fturmak i\u00e7in \u00e7al\u0131\u015fmalar yap\u0131yoruz. Halk\u0131m\u0131z Avanos ve \u00dcrg\u00fcp yollar\u0131nda bulunan bisiklet yollar\u0131m\u0131z\u0131n ba\u015flang\u0131\u00e7 ve biti\u015f noktalar\u0131ndaki istasyonlarda haz\u0131r bulunan bisikletleri kart sistemleri ile kullanabiliyor. Nev\u015fehir\u2019in de\u011fi\u015fik b\u00f6lgelerinde yeni bisiklet yollar\u0131 olu\u015fturarak sa\u011fl\u0131kl\u0131 bir nesil yeti\u015ftirme, sa\u011fl\u0131kl\u0131 bir toplum olma konusunda elimizden gelen gayreti g\u00f6sterece\u011fiz\u201d dedi.<\/p>\n<p>AK Parti Nev\u015fehir Milletvekili Y\u00fccel Menek\u015fe ise a\u00e7\u0131klamas\u0131nda, \u201c\u00d6nemli olan y\u00fcr\u00fcy\u00fc\u015f olsun, bisiklet olsun bu gibi sporlar\u0131 ya\u015fam\u0131m\u0131z\u0131n her alan\u0131na sokarsak gelece\u011fimiz olan gen\u00e7lere de sa\u011fl\u0131kl\u0131 ya\u015fam i\u00e7in spor yapmay\u0131 al\u0131\u015ft\u0131rm\u0131\u015f oluruz. Nev\u015fehir\u2019de sa\u011fl\u0131kl\u0131 ya\u015fam i\u00e7in pedal \u00e7eviriyoruz etkinli\u011fi d\u00fczenleyen Belediye Ba\u015fkan\u0131m\u0131z Rasim Ar\u0131\u2019ya te\u015fekk\u00fcr ederim\u201d diye konu\u015ftu.<\/p>\n","protected":false},"excerpt":{"rendered":"<p>NEV\u015eEH\u0130R\u2019DE, AK PART\u0130 M\u0130LLETVEK\u0130L\u0130 Y\u00dcCEL MENEK\u015eE, BELED\u0130YE BA\u015eKANI RAS\u0130M ARI \u0130LE BERABER\u0130NDEK\u0130 GEN\u00c7LER VE VATANDA\u015eLAR \u201cSA\u011eLIKLI YA\u015eAM \u0130\u00c7\u0130N PEDAL \u00c7EV\u0130R\u201d PROJES\u0130 KAPSAMINDA D\u00dcZENLENEN B\u0130S\u0130KLET TURUNDA PEDAL \u00c7EV\u0130RD\u0130.<\/p>\n","protected":false},"author":1,"featured_media":190032,"comment_status":"closed","ping_status":"open","sticky":false,"template":"","format":"standard","meta":{"jetpack_post_was_ever_published":false,"_jetpack_newsletter_access":"","_jetpack_dont_email_post_to_subs":false,"_jetpack_newsletter_tier_id":0,"_jetpack_memberships_contains_paywalled_content":false,"_jetpack_memberships_contains_paid_content":false,"footnotes":"","jetpack_publicize_message":"","jetpack_publicize_feature_enabled":true,"jetpack_social_post_already_shared":true,"jetpack_social_options":{"image_generator_settings":{"template":"highway","default_image_id":0,"font":"","enabled":false},"version":2}},"categories":[1],"tags":[2979,44,2470,8614,1648,294],"class_list":["post-190031","post","type-post","status-publish","format-standard","has-post-thumbnail","hentry","category-genel","tag-cevirdi","tag-icin","tag-nevsehir","tag-pedal","tag-saglikli","tag-yasam"],"jetpack_publicize_connections":[],"jetpack_featured_media_url":"https:\/\/i0.wp.com\/www.tvturk.com\/wp-content\/uploads\/2019\/08\/nevsehir-saglikli-yasam-icin-pedal-cevirdi_ba68236.jpg?fit=1000%2C667","jetpack_sharing_enabled":true,"jetpack_shortlink":"https:\/\/wp.me\/paKIfm-Nr1","_links":{"self":[{"href":"http:\/\/www.tvturk.com\/index.php\/wp-json\/wp\/v2\/posts\/190031","targetHints":{"allow":["GET"]}}],"collection":[{"href":"http:\/\/www.tvturk.com\/index.php\/wp-json\/wp\/v2\/posts"}],"about":[{"href":"http:\/\/www.tvturk.com\/index.php\/wp-json\/wp\/v2\/types\/post"}],"author":[{"embeddable":true,"href":"http:\/\/www.tvturk.com\/index.php\/wp-json\/wp\/v2\/users\/1"}],"replies":[{"embeddable":true,"href":"http:\/\/www.tvturk.com\/index.php\/wp-json\/wp\/v2\/comments?post=190031"}],"version-history":[{"count":0,"href":"http:\/\/www.tvturk.com\/index.php\/wp-json\/wp\/v2\/posts\/190031\/revisions"}],"wp:featuredmedia":[{"embeddable":true,"href":"http:\/\/www.tvturk.com\/index.php\/wp-json\/wp\/v2\/media\/190032"}],"wp:attachment":[{"href":"http:\/\/www.tvturk.com\/index.php\/wp-json\/wp\/v2\/media?parent=190031"}],"wp:term":[{"taxonomy":"category","embeddable":true,"href":"http:\/\/www.tvturk.com\/index.php\/wp-json\/wp\/v2\/categories?post=190031"},{"taxonomy":"post_tag","embeddable":true,"href":"http:\/\/www.tvturk.com\/index.php\/wp-json\/wp\/v2\/tags?post=190031"}],"curies":[{"name":"wp","href":"https:\/\/api.w.org\/{rel}","templated":true}]}}