{"id":190073,"date":"2019-08-04T14:01:30","date_gmt":"2019-08-04T11:01:30","guid":{"rendered":"http:\/\/www.tvturk.com\/index.php\/sudanda-yeni-gecis-konseyi-18-agustosta-kurulacak\/"},"modified":"2019-08-04T14:01:30","modified_gmt":"2019-08-04T11:01:30","slug":"sudanda-yeni-gecis-konseyi-18-agustosta-kurulacak","status":"publish","type":"post","link":"http:\/\/www.tvturk.com\/index.php\/sudanda-yeni-gecis-konseyi-18-agustosta-kurulacak\/","title":{"rendered":"Sudan\u2019da yeni ge\u00e7i\u015f konseyi 18 A\u011fustos\u2019ta kurulacak"},"content":{"rendered":"<p>Sudan\u2019da siyasi krizi \u00e7\u00f6zmek i\u00e7in anla\u015fan askeri cunta ve muhaliflerin kuraca\u011f\u0131 ge\u00e7i\u015f konseyi 18 A\u011fustos\u2019ta duyurulacak.<\/p>\n<p>Sudan\u2019da askeri cunta ve muhaliflerin olu\u015fturdu\u011fu \u00d6zg\u00fcrl\u00fck ve De\u011fi\u015fim Bildirgesi G\u00fc\u00e7leri, ge\u00e7i\u015f h\u00fckumet kurulmas\u0131 konusunda 17 Temmuz\u2019da anla\u015fm\u0131\u015ft\u0131. \u0130ki taraf\u0131n da \u00fczerinde uzla\u015ft\u0131\u011f\u0131 ve ge\u00e7i\u015f d\u00f6nemi h\u00fck\u00fcmetinin nas\u0131l olu\u015faca\u011f\u0131n\u0131 ve yetkilerini belirleyen anayasal metin i\u00e7in nihai imzalar\u0131n 17 A\u011fustos\u2019ta at\u0131laca\u011f\u0131 a\u00e7\u0131kland\u0131. \u00dclkeyi bir sonraki se\u00e7ime kadar y\u00f6netecek 33 ayl\u0131k ge\u00e7i\u015f d\u00f6nemi konseyi 18 A\u011fustos\u2019ta duyurulacak ve Ba\u015fbakan 20 A\u011fustos, kabine 28 A\u011fustos\u2019ta ilan edilecek.<\/p>\n<p>Sudan\u2019da 19 Aral\u0131k 2018\u2019de hayat pahal\u0131l\u0131\u011f\u0131 nedeniyle ba\u015flayan g\u00f6steriler \u00fclke geneline yay\u0131lm\u0131\u015f, ordu 11 Nisan\u2019daki darbe yaparak 30 y\u0131ll\u0131k Devlet Ba\u015fkan\u0131 \u00d6mer el-Be\u015fir\u2019i g\u00f6revden alm\u0131\u015ft\u0131.<\/p>\n","protected":false},"excerpt":{"rendered":"<p>SUDAN\u2019DA S\u0130YAS\u0130 KR\u0130Z\u0130 \u00c7\u00d6ZMEK \u0130\u00c7\u0130N ANLA\u015eAN ASKER\u0130 CUNTA VE MUHAL\u0130FLER\u0130N KURACA\u011eI GE\u00c7\u0130\u015e KONSEY\u0130 18 A\u011eUSTOS\u2019TA DUYURULACAK.<\/p>\n","protected":false},"author":1,"featured_media":190074,"comment_status":"closed","ping_status":"open","sticky":false,"template":"","format":"standard","meta":{"jetpack_post_was_ever_published":false,"_jetpack_newsletter_access":"","_jetpack_dont_email_post_to_subs":false,"_jetpack_newsletter_tier_id":0,"_jetpack_memberships_contains_paywalled_content":false,"_jetpack_memberships_contains_paid_content":false,"footnotes":"","jetpack_publicize_message":"","jetpack_publicize_feature_enabled":true,"jetpack_social_post_already_shared":true,"jetpack_social_options":{"image_generator_settings":{"template":"highway","default_image_id":0,"font":"","enabled":false},"version":2}},"categories":[10],"tags":[34538,2384,3375,6817,27471,87],"class_list":["post-190073","post","type-post","status-publish","format-standard","has-post-thumbnail","hentry","category-dunya","tag-agustosta","tag-gecis","tag-konseyi","tag-kurulacak","tag-sudanda","tag-yeni"],"jetpack_publicize_connections":[],"jetpack_featured_media_url":"https:\/\/i0.wp.com\/www.tvturk.com\/wp-content\/uploads\/2019\/08\/sudanda-yeni-gecis-konseyi-18-agustosta-kurulacak_3b682ec.jpg?fit=1000%2C666","jetpack_sharing_enabled":true,"jetpack_shortlink":"https:\/\/wp.me\/paKIfm-NrH","_links":{"self":[{"href":"http:\/\/www.tvturk.com\/index.php\/wp-json\/wp\/v2\/posts\/190073","targetHints":{"allow":["GET"]}}],"collection":[{"href":"http:\/\/www.tvturk.com\/index.php\/wp-json\/wp\/v2\/posts"}],"about":[{"href":"http:\/\/www.tvturk.com\/index.php\/wp-json\/wp\/v2\/types\/post"}],"author":[{"embeddable":true,"href":"http:\/\/www.tvturk.com\/index.php\/wp-json\/wp\/v2\/users\/1"}],"replies":[{"embeddable":true,"href":"http:\/\/www.tvturk.com\/index.php\/wp-json\/wp\/v2\/comments?post=190073"}],"version-history":[{"count":0,"href":"http:\/\/www.tvturk.com\/index.php\/wp-json\/wp\/v2\/posts\/190073\/revisions"}],"wp:featuredmedia":[{"embeddable":true,"href":"http:\/\/www.tvturk.com\/index.php\/wp-json\/wp\/v2\/media\/190074"}],"wp:attachment":[{"href":"http:\/\/www.tvturk.com\/index.php\/wp-json\/wp\/v2\/media?parent=190073"}],"wp:term":[{"taxonomy":"category","embeddable":true,"href":"http:\/\/www.tvturk.com\/index.php\/wp-json\/wp\/v2\/categories?post=190073"},{"taxonomy":"post_tag","embeddable":true,"href":"http:\/\/www.tvturk.com\/index.php\/wp-json\/wp\/v2\/tags?post=190073"}],"curies":[{"name":"wp","href":"https:\/\/api.w.org\/{rel}","templated":true}]}}