{"id":190079,"date":"2019-08-04T14:02:27","date_gmt":"2019-08-04T11:02:27","guid":{"rendered":"http:\/\/www.tvturk.com\/index.php\/burhaniyeli-muhsine-400-metrede-dunya-sampiyonu\/"},"modified":"2019-08-04T14:02:27","modified_gmt":"2019-08-04T11:02:27","slug":"burhaniyeli-muhsine-400-metrede-dunya-sampiyonu","status":"publish","type":"post","link":"http:\/\/www.tvturk.com\/index.php\/burhaniyeli-muhsine-400-metrede-dunya-sampiyonu\/","title":{"rendered":"Burhaniyeli Muhsine 400 metrede d\u00fcnya \u015fampiyonu"},"content":{"rendered":"<p>Burhaniye il\u00e7esinde, \u00d6zel Sporcu Muhsine Gezer, \u0130svi\u00e7re\u2019de d\u00fczenlenen Uluslararas\u0131 Paralimpik Komitesi (IPC) Para Atletizm Gen\u00e7ler D\u00fcnya \u015eampiyonas\u0131\u2019nda 17 ya\u015f alt\u0131 kategorisi 400 metre yar\u0131\u015f\u0131nda 62.23\u2019l\u00fck derecesiyle alt\u0131n madalyan\u0131n sahibi oldu. Uluslararas\u0131 Paralimpik Komite taraf\u0131ndan \u0130svi\u00e7re\u2019nin Notvil kentinde d\u00fczenlenen 2019 IPC Para Atletizm Gen\u00e7ler U17 D\u00fcnya \u015eampiyonas\u0131\u2019nda, milli sporcu Burhaniye\u2019li Muhsine Gezer, 400 metre yar\u0131\u015f\u0131nda 62,23 derecesi ile t\u00fcm rakiplerini geride b\u0131rak\u0131p, d\u00fcnya \u015fampiyonu oldu.<\/p>\n<p>Bakan Kasapo\u011flu da kutlad\u0131<\/p>\n<p>Bu ba\u015far\u0131s\u0131yla bir kez daha Burhaniye\u2019nin, Bal\u0131kesir\u2019in ve T\u00fcrkiye\u2019nin gururu olan Muhsine Gezer i\u00e7in Gen\u00e7lik ve Spor Bakan\u0131 Dr. Mehmet Muharrem Kasapo\u011flu da tebrik mesaj\u0131 yay\u0131mlad\u0131. Bakan Kasapo\u011flu, mesaj\u0131nda \u015fu ifadelere yer verdi:<\/p>\n<p>\u201c\u0130svi\u00e7re\u2019de d\u00fczenlenen Uluslararas\u0131 Paralimpik Komitesi Para Atletizm Gen\u00e7ler D\u00fcnya \u015eampiyonas\u0131\u2019ndan g\u00fczel haberler gelmeye devam ediyor. 17 ya\u015f alt\u0131 kategorisi 400 metre yar\u0131\u015f\u0131nda 62.23\u2019l\u00fck derecesiyle d\u00fcnya \u015fampiyonu olan Muhsine Gezer\u2019i kutluyorum. Ay-y\u0131ld\u0131zl\u0131 bayra\u011f\u0131m\u0131z\u0131n dalgaland\u0131r\u0131lmas\u0131nda ve \u0130stiklal Mar\u015f\u0131\u2019m\u0131z\u0131n dinletilmesinde eme\u011fi ge\u00e7enlere te\u015fekk\u00fcr ediyorum. Devam eden \u015fampiyonada m\u00fccadele edecek olan t\u00fcm sporcular\u0131m\u0131za ba\u015far\u0131lar diliyorum\u201d<\/p>\n<p>Ba\u015far\u0131lar\u0131n\u0131n artarak devam edece\u011fini anlatan Antren\u00f6r Deniz Ereno\u011flu. Muhsine\u2019nin Bal\u0131kesir\u2019in ve il\u00e7enin gururu oldu\u011funu s\u00f6yledi.<\/p>\n","protected":false},"excerpt":{"rendered":"<p>MUHS\u0130NE GEZER<\/p>\n","protected":false},"author":1,"featured_media":190080,"comment_status":"closed","ping_status":"open","sticky":false,"template":"","format":"standard","meta":{"jetpack_post_was_ever_published":false,"_jetpack_newsletter_access":"","_jetpack_dont_email_post_to_subs":false,"_jetpack_newsletter_tier_id":0,"_jetpack_memberships_contains_paywalled_content":false,"_jetpack_memberships_contains_paid_content":false,"footnotes":"","jetpack_publicize_message":"","jetpack_publicize_feature_enabled":true,"jetpack_social_post_already_shared":true,"jetpack_social_options":{"image_generator_settings":{"template":"highway","default_image_id":0,"font":"","enabled":false},"version":2}},"categories":[657],"tags":[349,6270,2900,19331,47314,2415],"class_list":["post-190079","post","type-post","status-publish","format-standard","has-post-thumbnail","hentry","category-spor","tag-dunya","tag-6270","tag-burhaniyeli","tag-metrede","tag-muhsine","tag-sampiyonu"],"jetpack_publicize_connections":[],"jetpack_featured_media_url":"https:\/\/i0.wp.com\/www.tvturk.com\/wp-content\/uploads\/2019\/08\/burhaniyeli-muhsine-400-metrede-dunya-sampiyonu_e0c5cdc.jpg?fit=710%2C922","jetpack_sharing_enabled":true,"jetpack_shortlink":"https:\/\/wp.me\/paKIfm-NrN","_links":{"self":[{"href":"http:\/\/www.tvturk.com\/index.php\/wp-json\/wp\/v2\/posts\/190079","targetHints":{"allow":["GET"]}}],"collection":[{"href":"http:\/\/www.tvturk.com\/index.php\/wp-json\/wp\/v2\/posts"}],"about":[{"href":"http:\/\/www.tvturk.com\/index.php\/wp-json\/wp\/v2\/types\/post"}],"author":[{"embeddable":true,"href":"http:\/\/www.tvturk.com\/index.php\/wp-json\/wp\/v2\/users\/1"}],"replies":[{"embeddable":true,"href":"http:\/\/www.tvturk.com\/index.php\/wp-json\/wp\/v2\/comments?post=190079"}],"version-history":[{"count":0,"href":"http:\/\/www.tvturk.com\/index.php\/wp-json\/wp\/v2\/posts\/190079\/revisions"}],"wp:featuredmedia":[{"embeddable":true,"href":"http:\/\/www.tvturk.com\/index.php\/wp-json\/wp\/v2\/media\/190080"}],"wp:attachment":[{"href":"http:\/\/www.tvturk.com\/index.php\/wp-json\/wp\/v2\/media?parent=190079"}],"wp:term":[{"taxonomy":"category","embeddable":true,"href":"http:\/\/www.tvturk.com\/index.php\/wp-json\/wp\/v2\/categories?post=190079"},{"taxonomy":"post_tag","embeddable":true,"href":"http:\/\/www.tvturk.com\/index.php\/wp-json\/wp\/v2\/tags?post=190079"}],"curies":[{"name":"wp","href":"https:\/\/api.w.org\/{rel}","templated":true}]}}