{"id":190089,"date":"2019-08-04T14:46:12","date_gmt":"2019-08-04T11:46:12","guid":{"rendered":"http:\/\/www.tvturk.com\/index.php\/japonyada-asiri-sicak-yeni-olumlere-neden-oldu\/"},"modified":"2019-08-04T14:46:12","modified_gmt":"2019-08-04T11:46:12","slug":"japonyada-asiri-sicak-yeni-olumlere-neden-oldu","status":"publish","type":"post","link":"http:\/\/www.tvturk.com\/index.php\/japonyada-asiri-sicak-yeni-olumlere-neden-oldu\/","title":{"rendered":"Japonya\u2019da a\u015f\u0131r\u0131 s\u0131cak yeni \u00f6l\u00fcmlere neden oldu"},"content":{"rendered":"<p>Japonya\u2019da 38 dereceyi bulan hava s\u0131cakl\u0131\u011f\u0131 nedeniyle hafta sonu boyunca en az 7 ki\u015finin hayat\u0131n\u0131 kaybetti\u011fi a\u00e7\u0131kland\u0131. Yetkililer, vatanda\u015flar\u0131 s\u0131ca\u011fa kar\u015f\u0131 dikkatli olmaya \u00e7a\u011f\u0131rd\u0131.<\/p>\n<p>Japonya\u2019da ya\u011f\u0131\u015fl\u0131 mevsimin geride kalmas\u0131yla birlikte son 2 haftad\u0131r etkisini art\u0131ran a\u015f\u0131r\u0131 s\u0131caklar, hafta sonunda 7 ki\u015finin \u00f6l\u00fcm\u00fcne neden oldu. Polis, cuma g\u00fcn\u00fcnden bu yana, aralar\u0131nda bir bebe\u011fin de bulundu\u011fu 7 ki\u015finin s\u0131cak ve s\u0131ca\u011fa ba\u011fl\u0131 nedenlerden hayat\u0131n\u0131 kaybetti\u011fini a\u00e7\u0131klad\u0131. Toyama \u015fehrindeki bir otoparka park edilen ara\u00e7 i\u00e7inde saatlerce kald\u0131\u011f\u0131 belirtilen bebe\u011fin \u00f6l\u00fcm nedeni a\u015f\u0131r\u0131 s\u0131cak olarak belirlenirken, s\u0131cak nedenli di\u011fer \u00f6l\u00fcm vakalar\u0131n\u0131n ise Nagasaki, Miyagi ve Tochigi b\u00f6lgelerinden rapor edildi\u011fi \u00f6\u011frenildi.<\/p>\n<p>38 dereceyi buldu<\/p>\n<p>Japonya Meteoroloji Ajans\u0131, hafta sonu boyunca g\u00f6r\u00fclen en y\u00fcksek s\u0131cakl\u0131\u011f\u0131n cumartesi g\u00fcn\u00fc Kyoto ve Kurume \u015fehirlerinde 38 derece olarak \u00f6l\u00e7\u00fcld\u00fc\u011f\u00fcn\u00fc bildirdi. Pazar g\u00fcn\u00fc Tokyo\u2019da 34, Osaka\u2019da ise 37 derecelik s\u0131cakl\u0131klar\u0131n g\u00f6r\u00fclece\u011fini belirten yetkililer, vatanda\u015flar\u0131 mecbur kalmad\u0131k\u00e7a d\u0131\u015far\u0131ya \u00e7\u0131kmamalar\u0131, klimal\u0131 ortamlarda bulunmalar\u0131 ve yeterli s\u0131v\u0131 almaya \u00f6zen g\u00f6stermeleri konusunda uyard\u0131.<\/p>\n<p>Hayat\u0131 kabusa \u00e7evirdi<\/p>\n<p>Japonya genelinde g\u00f6r\u00fclen a\u015f\u0131r\u0131 s\u0131caklar, g\u00fcnl\u00fck ya\u015fam\u0131 da olumsuz etkiledi. A\u015f\u0131r\u0131 s\u0131caktan bunalan Japonlar, \u015femsiyeler ile g\u00fcne\u015ften korunmaya \u00e7al\u0131\u015f\u0131rken, baz\u0131lar\u0131 ise yelpazeler ya da pille \u00e7al\u0131\u015fan fanlar ile serinlemeyi denedi. Mimi Tokawa (22), havalar\u0131n a\u015f\u0131r\u0131 s\u0131cak oldu\u011funu belirterek, &#8220;S\u0131cak dayan\u0131lmaz ve tehlikeli. Bu nedenle \u015femsiye olmadan d\u0131\u015far\u0131ya \u00e7\u0131kmamaya \u00f6zen g\u00f6steriyorum. G\u00fcne\u015fin zararlar\u0131ndan \u015femsiye ile korunmaya \u00e7al\u0131\u015f\u0131yorum&#8221; dedi.<\/p>\n<p>Shiori Okazaki (23) ise ya\u011fmur mevsiminin geride kalmas\u0131yla birlikte s\u0131cakl\u0131k de\u011ferlerinin a\u015f\u0131r\u0131 artt\u0131\u011f\u0131n\u0131 belirtti. S\u0131caklar nedeniyle hayat\u0131n da zorla\u015ft\u0131\u011f\u0131n\u0131 kaydeden Okazaki, &#8220;A\u015f\u0131r\u0131 s\u0131cak nedeniyle hi\u00e7bir \u015fey yapmak i\u00e7imden gelmiyor. Bu havalarda i\u015fe gitmek \u00e7ok zor. Yaln\u0131zca havuz ya da denize girip serinlemek istiyorum&#8221; ifadelerini kulland\u0131.<\/p>\n<p>Nana Sato (24) da a\u015f\u0131r\u0131 s\u0131caklar\u0131n ya\u015fam\u0131 olumsuz etkiledi\u011fine dikkat \u00e7ekerek, \u201cKlimalar\u0131n olmad\u0131\u011f\u0131 yerlerde durabilmek bile neredeyse imk\u00e2ns\u0131z. A\u015f\u0131r\u0131 s\u0131cak ve nem \u00e7ok bunalt\u0131c\u0131\u201d diye konu\u015ftu. Bir\u00e7ok ki\u015finin hayat\u0131n\u0131 kaybetti\u011fini hat\u0131rlatan Stephen Lymen (43) ise \u201cBu yaz a\u015f\u0131r\u0131 s\u0131cak ge\u00e7iyor. G\u00fcne\u015f \u00e7arpmas\u0131ndan \u00f6lenler oldu. \u0130\u015fe gitmek bile istemiyorum. Ne zaman y\u00fcr\u00fcsem, bir \u015feyler i\u00e7me ihtiyac\u0131 hissediyorum. \u0130nsanlar dikkatli olmal\u0131&#8221; dedi.<\/p>\n","protected":false},"excerpt":{"rendered":"<p>JAPONYA&#8217;DA 38 DERECEY\u0130 BULAN HAVA SICAKLI\u011eI NEDEN\u0130YLE HAFTA SONU BOYUNCA 7 K\u0130\u015e\u0130N\u0130N HAYATINI KAYBETT\u0130\u011e\u0130 A\u00c7IKLANDI.<\/p>\n","protected":false},"author":1,"featured_media":190090,"comment_status":"closed","ping_status":"open","sticky":false,"template":"","format":"standard","meta":{"jetpack_post_was_ever_published":false,"_jetpack_newsletter_access":"","_jetpack_dont_email_post_to_subs":false,"_jetpack_newsletter_tier_id":0,"_jetpack_memberships_contains_paywalled_content":false,"_jetpack_memberships_contains_paid_content":false,"footnotes":"","jetpack_publicize_message":"","jetpack_publicize_feature_enabled":true,"jetpack_social_post_already_shared":true,"jetpack_social_options":{"image_generator_settings":{"template":"highway","default_image_id":0,"font":"","enabled":false},"version":2}},"categories":[10],"tags":[1402,15716,1130,77,28108,256,87],"class_list":["post-190089","post","type-post","status-publish","format-standard","has-post-thumbnail","hentry","category-dunya","tag-asiri","tag-japonyada","tag-neden","tag-oldu","tag-olumlere","tag-sicak","tag-yeni"],"jetpack_publicize_connections":[],"jetpack_featured_media_url":"https:\/\/i0.wp.com\/www.tvturk.com\/wp-content\/uploads\/2019\/08\/japonyada-asiri-sicak-yeni-olumlere-neden-oldu_c6e4c80.jpg?fit=1000%2C666","jetpack_sharing_enabled":true,"jetpack_shortlink":"https:\/\/wp.me\/paKIfm-NrX","_links":{"self":[{"href":"http:\/\/www.tvturk.com\/index.php\/wp-json\/wp\/v2\/posts\/190089","targetHints":{"allow":["GET"]}}],"collection":[{"href":"http:\/\/www.tvturk.com\/index.php\/wp-json\/wp\/v2\/posts"}],"about":[{"href":"http:\/\/www.tvturk.com\/index.php\/wp-json\/wp\/v2\/types\/post"}],"author":[{"embeddable":true,"href":"http:\/\/www.tvturk.com\/index.php\/wp-json\/wp\/v2\/users\/1"}],"replies":[{"embeddable":true,"href":"http:\/\/www.tvturk.com\/index.php\/wp-json\/wp\/v2\/comments?post=190089"}],"version-history":[{"count":0,"href":"http:\/\/www.tvturk.com\/index.php\/wp-json\/wp\/v2\/posts\/190089\/revisions"}],"wp:featuredmedia":[{"embeddable":true,"href":"http:\/\/www.tvturk.com\/index.php\/wp-json\/wp\/v2\/media\/190090"}],"wp:attachment":[{"href":"http:\/\/www.tvturk.com\/index.php\/wp-json\/wp\/v2\/media?parent=190089"}],"wp:term":[{"taxonomy":"category","embeddable":true,"href":"http:\/\/www.tvturk.com\/index.php\/wp-json\/wp\/v2\/categories?post=190089"},{"taxonomy":"post_tag","embeddable":true,"href":"http:\/\/www.tvturk.com\/index.php\/wp-json\/wp\/v2\/tags?post=190089"}],"curies":[{"name":"wp","href":"https:\/\/api.w.org\/{rel}","templated":true}]}}