{"id":190111,"date":"2019-08-04T16:01:50","date_gmt":"2019-08-04T13:01:50","guid":{"rendered":"http:\/\/www.tvturk.com\/index.php\/turkiyenin-126-yoruk-ve-turkmen-dernegi-uyeleri-denizlide-bulustu\/"},"modified":"2019-08-04T16:01:50","modified_gmt":"2019-08-04T13:01:50","slug":"turkiyenin-126-yoruk-ve-turkmen-dernegi-uyeleri-denizlide-bulustu","status":"publish","type":"post","link":"http:\/\/www.tvturk.com\/index.php\/turkiyenin-126-yoruk-ve-turkmen-dernegi-uyeleri-denizlide-bulustu\/","title":{"rendered":"T\u00fcrkiye\u2019nin 126 Y\u00f6r\u00fck ve T\u00fcrkmen Derne\u011fi \u00fcyeleri Denizli\u2019de bulu\u015ftu"},"content":{"rendered":"<p>T\u00fcrkiye\u2019nin 126 Y\u00f6r\u00fck ve T\u00fcrkmen Derne\u011fi \u00fcyeleri, y\u00f6resel k\u0131yafetleri ile gelenek ve g\u00f6reneklerini tan\u0131tt\u0131klar\u0131 \u2018Buldan 4. Y\u00f6r\u00fck ve T\u00fcrkmen \u015e\u00f6leni\u2019ne kat\u0131ld\u0131. Etkinlikte birbirinden renkli g\u00f6r\u00fcnt\u00fcler ortaya \u00e7\u0131karken, en \u00e7ok ilgiyi ise T\u00fcrklere ait sava\u015f k\u0131yafeti giyip ok, yay ve k\u0131l\u0131\u00e7 ku\u015fanan gen\u00e7ler g\u00f6rd\u00fc.<\/p>\n<p>Yurdun d\u00f6rt bir yan\u0131ndan gelen Y\u00f6r\u00fck ve T\u00fcrkmenler hafta sonu Buldan\u2019da bir araya geldi. Y\u00f6resel k\u0131yafetlerini giyen kat\u0131l\u0131mc\u0131lar beraberlerinde k\u00f6pekleri, koyunlar\u0131, atlar\u0131 ve develeri ile etkinli\u011fe kat\u0131ld\u0131lar. S\u00fcleymanl\u0131 Yayla G\u00f6l\u00fc k\u0131y\u0131s\u0131nda yap\u0131lan etkinli\u011fe Denizli Valisi Hasan Karahan da kat\u0131ld\u0131. \u015eenlikte geleneksel k\u0131l \u00e7ad\u0131rlar\u0131n\u0131 kuran Y\u00f6r\u00fckler, \u00e7ad\u0131rlarda kendilerine \u00f6zg\u00fc t\u00fcrk\u00fcleri saz e\u015fli\u011finde \u00e7al\u0131p, yay\u0131k ayran yapt\u0131lar. Rengarenk y\u00f6resel k\u0131yafetleri ile etkinli\u011fe kat\u0131lan Y\u00f6r\u00fck ve T\u00fcrkmenler herkesin ilgi oda\u011f\u0131 oldu. Protokol \u00fcyeleri \u015fenlik alan\u0131na giri\u015fte k\u0131l\u0131\u00e7 kalkan oyun ekibi taraf\u0131ndan kar\u015f\u0131land\u0131. Etkinlikte en \u00e7ok ilgiyi ise T\u00fcrklerin ge\u00e7mi\u015fte kulland\u0131klar\u0131 sava\u015f k\u0131yafetleri, ok, yay ve k\u0131l\u0131\u00e7 ku\u015fanan Y\u00f6r\u00fck ve T\u00fcrkmen gen\u00e7leri oldu. Sava\u015f k\u0131yafetli gen\u00e7lerle foto\u011fraf \u00e7ektirmek isteyenler adeta kuyru\u011fa girdi. Kat\u0131l\u0131mc\u0131lara Y\u00f6r\u00fck ayran\u0131 ve pilav da ikram edildi. Yerel sanat\u00e7\u0131lar da kat\u0131l\u0131mc\u0131lar i\u00e7in \u015fark\u0131, t\u00fcrk\u00fc seslendirdi. Kat\u0131l\u0131mc\u0131lardan \u00e7ocuklar ise at ve develere binip gezmek i\u00e7in adeta birbirleri ile yar\u0131\u015ft\u0131.<\/p>\n<p>\u201cBu y\u0131l \u2018Milli M\u00fccadele\u2019nin 100. y\u0131l\u0131na hitaben etkinlik ger\u00e7ekle\u015ftirdik\u201d<\/p>\n<p>Etkinlik hakk\u0131nda bilgiler veren Buldan Y\u00f6r\u00fck T\u00fcrkmen Derne\u011fi Ba\u015fkan\u0131 Osman \u00d6ren, kat\u0131l\u0131m\u0131n ge\u00e7mi\u015f y\u0131llara nazaran bu y\u0131l daha da fazla oldu\u011funu kaydetti. Bu y\u0131l \u2018Milli M\u00fccadele\u2019nin 100. y\u0131l\u0131na hitaben etkinli\u011fin ger\u00e7ekle\u015ftirildi\u011fini ve haz\u0131rl\u0131klar\u0131n da bu y\u00f6nde yap\u0131ld\u0131\u011f\u0131n\u0131 vurgulayan \u00d6ren, \u201cSadece etkinlik de\u011fil, milletimizin t\u00fcylerini diken diken etsin diye \u2018100. Y\u0131l\u2019 sergisini a\u00e7t\u0131k. T\u00fcrkiye\u2019nin minyat\u00fcr\u00fcn\u00fc buraya toplad\u0131k. 126\u2019n\u0131n \u00fczerinde derne\u011fi buraya toplad\u0131k. Bu dernekleri buraya toplamak kolay olmad\u0131. Kat\u0131l\u0131mc\u0131lar b\u00fcy\u00fck fedakarl\u0131k yaparak buraya geldiler\u201d diye konu\u015ftu.<\/p>\n<p>Etkinlikte y\u00f6resel k\u0131yafetleri ile maniler s\u00f6yleyen Y\u00f6r\u00fckler ise kat\u0131l\u0131mc\u0131lar\u0131 hem g\u00fcl\u00fcmsetti hem de d\u00fc\u015f\u00fcnd\u00fcrd\u00fc.<\/p>\n","protected":false},"excerpt":{"rendered":"<p>T\u00dcRK\u0130YE\u2019N\u0130N 126 Y\u00d6R\u00dcK VE T\u00dcRKMEN DERNE\u011e\u0130 \u00dcYELER\u0130, Y\u00d6RESEL KIYAFETLER\u0130 \u0130LE GELENEK VE G\u00d6RENEKLER\u0130N\u0130 TANITTIKLARI \u2018BULDAN 4. Y\u00d6R\u00dcK VE T\u00dcRKMEN \u015e\u00d6LEN\u0130\u2019NE KATILDI. ETK\u0130NL\u0130KTE B\u0130RB\u0130R\u0130NDEN RENKL\u0130 G\u00d6R\u00dcNT\u00dcLER ORTAYA \u00c7IKARKEN, EN \u00c7OK \u0130LG\u0130Y\u0130 \u0130SE T\u00dcRKLERE A\u0130T SAVA\u015e KIYAFET\u0130 G\u0130Y\u0130P OK, YAY VE KILI\u00c7 KU\u015eANAN GEN\u00c7LER G\u00d6RD\u00dc.  (OSMAN \u00d6REN ORTADA)<\/p>\n","protected":false},"author":1,"featured_media":190112,"comment_status":"closed","ping_status":"open","sticky":false,"template":"","format":"standard","meta":{"jetpack_post_was_ever_published":false,"_jetpack_newsletter_access":"","_jetpack_dont_email_post_to_subs":false,"_jetpack_newsletter_tier_id":0,"_jetpack_memberships_contains_paywalled_content":false,"_jetpack_memberships_contains_paid_content":false,"footnotes":"","jetpack_publicize_message":"","jetpack_publicize_feature_enabled":true,"jetpack_social_post_already_shared":true,"jetpack_social_options":{"image_generator_settings":{"template":"highway","default_image_id":0,"font":"","enabled":false},"version":2}},"categories":[1],"tags":[21723,389,188,6333,177,1249,3081,16676],"class_list":["post-190111","post","type-post","status-publish","format-standard","has-post-thumbnail","hentry","category-genel","tag-21723","tag-bulustu","tag-denizlide","tag-dernegi","tag-turkiyenin","tag-turkmen","tag-uyeleri","tag-yoruk"],"jetpack_publicize_connections":[],"jetpack_featured_media_url":"https:\/\/i0.wp.com\/www.tvturk.com\/wp-content\/uploads\/2019\/08\/turkiyenin-126-yoruk-ve-turkmen-dernegi-uyeleri-denizlide-bulustu_eb15875.jpg?fit=1000%2C667","jetpack_sharing_enabled":true,"jetpack_shortlink":"https:\/\/wp.me\/paKIfm-Nsj","_links":{"self":[{"href":"http:\/\/www.tvturk.com\/index.php\/wp-json\/wp\/v2\/posts\/190111","targetHints":{"allow":["GET"]}}],"collection":[{"href":"http:\/\/www.tvturk.com\/index.php\/wp-json\/wp\/v2\/posts"}],"about":[{"href":"http:\/\/www.tvturk.com\/index.php\/wp-json\/wp\/v2\/types\/post"}],"author":[{"embeddable":true,"href":"http:\/\/www.tvturk.com\/index.php\/wp-json\/wp\/v2\/users\/1"}],"replies":[{"embeddable":true,"href":"http:\/\/www.tvturk.com\/index.php\/wp-json\/wp\/v2\/comments?post=190111"}],"version-history":[{"count":0,"href":"http:\/\/www.tvturk.com\/index.php\/wp-json\/wp\/v2\/posts\/190111\/revisions"}],"wp:featuredmedia":[{"embeddable":true,"href":"http:\/\/www.tvturk.com\/index.php\/wp-json\/wp\/v2\/media\/190112"}],"wp:attachment":[{"href":"http:\/\/www.tvturk.com\/index.php\/wp-json\/wp\/v2\/media?parent=190111"}],"wp:term":[{"taxonomy":"category","embeddable":true,"href":"http:\/\/www.tvturk.com\/index.php\/wp-json\/wp\/v2\/categories?post=190111"},{"taxonomy":"post_tag","embeddable":true,"href":"http:\/\/www.tvturk.com\/index.php\/wp-json\/wp\/v2\/tags?post=190111"}],"curies":[{"name":"wp","href":"https:\/\/api.w.org\/{rel}","templated":true}]}}