{"id":190123,"date":"2019-08-04T16:46:17","date_gmt":"2019-08-04T13:46:17","guid":{"rendered":"http:\/\/www.tvturk.com\/index.php\/esma-esed-meme-kanserini-yendigini-acikladi\/"},"modified":"2019-08-04T16:46:17","modified_gmt":"2019-08-04T13:46:17","slug":"esma-esed-meme-kanserini-yendigini-acikladi","status":"publish","type":"post","link":"http:\/\/www.tvturk.com\/index.php\/esma-esed-meme-kanserini-yendigini-acikladi\/","title":{"rendered":"Esma Esed, meme kanserini yendi\u011fini a\u00e7\u0131klad\u0131"},"content":{"rendered":"<p>Suriye Devlet Ba\u015fkan\u0131 Be\u015far Esed\u2019\u0131n e\u015fi Esma Esed, meme kanserini yendi\u011fi a\u00e7\u0131klad\u0131.<\/p>\n<p>Suriye\u2019de askeri hastanede kemoterapi tedavisi g\u00f6ren Suriye Devlet Ba\u015fkan\u0131 Be\u015far Esed\u2019\u0131n e\u015fi Esma Esed, \u201cYolculu\u011fum bitti. T\u00fcm ac\u0131s\u0131 ve yorgunlu\u011fu ile sak\u0131ncalar\u0131 ve hatta pozitif y\u00f6nleriyle. Allah\u2019a \u015f\u00fck\u00fcr, bitti. Kansere kar\u015f\u0131 tamamen zafer kazand\u0131m\u201d dedi. Meme kanseri oldu\u011fu d\u00f6nemlerde kendisinin bunu hak etti\u011fini s\u00f6yleyenlere y\u00f6nelik ise Esma Esed, \u201cTopraklar\u0131n\u0131 ve milletini satanlar, Suriyeli karde\u015flerine kar\u015f\u0131 yabanc\u0131 emirlerle silah ta\u015f\u0131yanlar ahlak i\u00e7in kalbinizde bo\u015f yer oldu\u011funu d\u00fc\u015f\u00fcn\u00fcyor musunuz\u201d ifadelerini kulland\u0131.<\/p>\n<p>Suriye Devlet Ba\u015fkanl\u0131\u011f\u0131, 1 y\u0131l \u00f6nce Esma Esed\u2019\u0131n hastane odas\u0131nda Be\u015far Esed\u2019\u0131n yan\u0131nda oturdu\u011fu bir foto\u011fraf\u0131 yay\u0131mlayarak, \u201cK\u00f6t\u00fc huylu bir t\u00fcm\u00f6r g\u00f6r\u00fcld\u00fc\u201d haberini verip, tedaviye ba\u015fland\u0131\u011f\u0131n\u0131 duyurmu\u015ftu. 43 ya\u015f\u0131ndaki eski yat\u0131r\u0131m bankac\u0131s\u0131 Esma Esed, Suriye\u2019de 8 y\u0131l \u00f6nce sava\u015f \u00e7\u0131kt\u0131\u011f\u0131ndan beri hay\u0131rseverlik \u00e7al\u0131\u015fmalar\u0131nda lider rol\u00fcn\u00fc \u00fcstlenmi\u015f, \u00f6ld\u00fcr\u00fclen askerlerin aileleriyle tan\u0131\u015fm\u0131\u015ft\u0131. Ayn\u0131 zamanda muhalefet i\u00e7in nefret fig\u00fcr\u00fc olmu\u015ftu.<\/p>\n<p>\u0130syanc\u0131lar Londra do\u011fumlu Esma Esed\u2019\u0131, Be\u015far Esed\u2019\u0131n arkas\u0131ndaki g\u00fc\u00e7 ve Suriye\u2019de ya\u015fananlar\u0131n as\u0131l sorumlusu olarak g\u00f6stererek, \u201c\u00f6l\u00fcm\u00fcn kad\u0131n\u0131\u201d diye tan\u0131ml\u0131yor. Esed taraftarlar\u0131 ise onu \u00f6vmek i\u00e7in \u201c\u015eam\u2019\u0131n yasemini\u201d diyor.<\/p>\n","protected":false},"excerpt":{"rendered":"<p>SUR\u0130YE DEVLET BA\u015eKANI BE\u015eAR ESED&#8217;IN E\u015e\u0130 ESMA ESED, MEME KANSER\u0130N\u0130 YEND\u0130\u011e\u0130 A\u00c7IKLADI.<\/p>\n","protected":false},"author":1,"featured_media":190124,"comment_status":"closed","ping_status":"open","sticky":false,"template":"","format":"standard","meta":{"jetpack_post_was_ever_published":false,"_jetpack_newsletter_access":"","_jetpack_dont_email_post_to_subs":false,"_jetpack_newsletter_tier_id":0,"_jetpack_memberships_contains_paywalled_content":false,"_jetpack_memberships_contains_paid_content":false,"footnotes":"","jetpack_publicize_message":"","jetpack_publicize_feature_enabled":true,"jetpack_social_post_already_shared":true,"jetpack_social_options":{"image_generator_settings":{"template":"highway","default_image_id":0,"font":"","enabled":false},"version":2}},"categories":[10],"tags":[3699,17989,9588,19662,2843,47494],"class_list":["post-190123","post","type-post","status-publish","format-standard","has-post-thumbnail","hentry","category-dunya","tag-acikladi","tag-esed","tag-esma","tag-kanserini","tag-meme","tag-yendigini"],"jetpack_publicize_connections":[],"jetpack_featured_media_url":"https:\/\/i0.wp.com\/www.tvturk.com\/wp-content\/uploads\/2019\/08\/esma-esed-meme-kanserini-yendigini-acikladi_f8abaad.jpg?fit=679%2C453","jetpack_sharing_enabled":true,"jetpack_shortlink":"https:\/\/wp.me\/paKIfm-Nsv","_links":{"self":[{"href":"http:\/\/www.tvturk.com\/index.php\/wp-json\/wp\/v2\/posts\/190123","targetHints":{"allow":["GET"]}}],"collection":[{"href":"http:\/\/www.tvturk.com\/index.php\/wp-json\/wp\/v2\/posts"}],"about":[{"href":"http:\/\/www.tvturk.com\/index.php\/wp-json\/wp\/v2\/types\/post"}],"author":[{"embeddable":true,"href":"http:\/\/www.tvturk.com\/index.php\/wp-json\/wp\/v2\/users\/1"}],"replies":[{"embeddable":true,"href":"http:\/\/www.tvturk.com\/index.php\/wp-json\/wp\/v2\/comments?post=190123"}],"version-history":[{"count":0,"href":"http:\/\/www.tvturk.com\/index.php\/wp-json\/wp\/v2\/posts\/190123\/revisions"}],"wp:featuredmedia":[{"embeddable":true,"href":"http:\/\/www.tvturk.com\/index.php\/wp-json\/wp\/v2\/media\/190124"}],"wp:attachment":[{"href":"http:\/\/www.tvturk.com\/index.php\/wp-json\/wp\/v2\/media?parent=190123"}],"wp:term":[{"taxonomy":"category","embeddable":true,"href":"http:\/\/www.tvturk.com\/index.php\/wp-json\/wp\/v2\/categories?post=190123"},{"taxonomy":"post_tag","embeddable":true,"href":"http:\/\/www.tvturk.com\/index.php\/wp-json\/wp\/v2\/tags?post=190123"}],"curies":[{"name":"wp","href":"https:\/\/api.w.org\/{rel}","templated":true}]}}