{"id":190125,"date":"2019-08-04T16:46:36","date_gmt":"2019-08-04T13:46:36","guid":{"rendered":"http:\/\/www.tvturk.com\/index.php\/kayaliklarda-zorlu-keci-kurtarma-operasyonu\/"},"modified":"2019-08-04T16:46:36","modified_gmt":"2019-08-04T13:46:36","slug":"kayaliklarda-zorlu-keci-kurtarma-operasyonu","status":"publish","type":"post","link":"http:\/\/www.tvturk.com\/index.php\/kayaliklarda-zorlu-keci-kurtarma-operasyonu\/","title":{"rendered":"Kayal\u0131klarda zorlu ke\u00e7i kurtarma operasyonu"},"content":{"rendered":"<p>Sivas\u2019\u0131n Zara \u0130l\u00e7esine ba\u011fl\u0131 T\u00f6d\u00fcrge k\u00f6y\u00fcnde kayal\u0131klarda 2 g\u00fcn boyunca mahsur kalan ke\u00e7iler, zorlu kurtarma \u00e7al\u0131\u015fmas\u0131n\u0131n ard\u0131ndan AFAD ekipleri taraf\u0131ndan kurtar\u0131ld\u0131.<\/p>\n<p>Olay, Zara il\u00e7esine ba\u011fl\u0131 T\u00f6d\u00fcrge k\u00f6y\u00fcnde meydana geldi. Kayal\u0131klarda mahsur kalan ke\u00e7ileri fark eden vatanda\u015flar, ke\u00e7ilerin kendili\u011finden inebilece\u011fini d\u00fc\u015f\u00fcnerek m\u00fcdahalede bulunmad\u0131. Kayal\u0131klarda mahsur kalan ke\u00e7ilerin kendili\u011finden inemeyece\u011fini fark eden k\u00f6yl\u00fcler, durumu \u0130l Afet Acil Durum M\u00fcd\u00fcrl\u00fc\u011f\u00fcne (AFAD) bildirdi. Olay yerine giden AFAD ekipleri tehlikeye ra\u011fmen, uzun u\u011fra\u015flar sonucu 2 g\u00fcn\u00fcn ard\u0131ndan 3 ke\u00e7iden 2\u2019sini kurtarabildi. Kurtarma \u00e7al\u0131\u015fmalar\u0131 s\u0131ras\u0131nda boynu ipe tak\u0131lan 1 ke\u00e7i ise telef oldu. Kurtar\u0131lan ke\u00e7iler, ekipler taraf\u0131ndan sahibine teslim edildi.<\/p>\n<p>T\u00f6d\u00fcrge k\u00f6y\u00fcnde ya\u015fayan Halil Erdem G\u00fcltekin, AFAD ekiplerinin \u00e7al\u0131\u015fmalar\u0131n\u0131 takdir etti\u011fini belirterek, \u201cT\u00f6d\u00fcrge k\u00f6y\u00fcnde 3 ke\u00e7i kayal\u0131klarda mahsur kald\u0131. 2 ke\u00e7i kendi kendine kurtar\u0131ld\u0131 ama ne yaz\u0131k ki 1 tanesi orada mahsur kald\u0131. Kurtarma ekipleri \u00e7al\u0131\u015fmalarda can\u0131n\u0131 hi\u00e7e sayd\u0131 fakat 1 ke\u00e7i yolda ipe tak\u0131larak \u00f6ld\u00fc&#8221; dedi.<\/p>\n","protected":false},"excerpt":{"rendered":"<p>S\u0130VAS&#8217;IN ZARA \u0130L\u00c7ES\u0130NE BA\u011eLI T\u00d6D\u00dcRGE K\u00d6Y\u00dcNDE KAYALILARDA 2 G\u00dcN BOYUNCA MAHSUR KALAN KE\u00c7\u0130LER, ZORLU KURTARMA \u00c7ALI\u015eMASININ ARDINDAN AFAD EK\u0130PLER\u0130 TARAFINDAN KURTARILDI.<\/p>\n","protected":false},"author":1,"featured_media":190126,"comment_status":"closed","ping_status":"open","sticky":false,"template":"","format":"standard","meta":{"jetpack_post_was_ever_published":false,"_jetpack_newsletter_access":"","_jetpack_dont_email_post_to_subs":false,"_jetpack_newsletter_tier_id":0,"_jetpack_memberships_contains_paywalled_content":false,"_jetpack_memberships_contains_paid_content":false,"footnotes":"","jetpack_publicize_message":"","jetpack_publicize_feature_enabled":true,"jetpack_social_post_already_shared":true,"jetpack_social_options":{"image_generator_settings":{"template":"highway","default_image_id":0,"font":"","enabled":false},"version":2}},"categories":[1],"tags":[14279,14280,57,1157,4376],"class_list":["post-190125","post","type-post","status-publish","format-standard","has-post-thumbnail","hentry","category-genel","tag-kayaliklarda","tag-keci","tag-kurtarma","tag-operasyonu","tag-zorlu"],"jetpack_publicize_connections":[],"jetpack_featured_media_url":"https:\/\/i0.wp.com\/www.tvturk.com\/wp-content\/uploads\/2019\/08\/kayaliklarda-zorlu-keci-kurtarma-operasyonu_61eed4b.jpg?fit=1000%2C562","jetpack_sharing_enabled":true,"jetpack_shortlink":"https:\/\/wp.me\/paKIfm-Nsx","_links":{"self":[{"href":"http:\/\/www.tvturk.com\/index.php\/wp-json\/wp\/v2\/posts\/190125","targetHints":{"allow":["GET"]}}],"collection":[{"href":"http:\/\/www.tvturk.com\/index.php\/wp-json\/wp\/v2\/posts"}],"about":[{"href":"http:\/\/www.tvturk.com\/index.php\/wp-json\/wp\/v2\/types\/post"}],"author":[{"embeddable":true,"href":"http:\/\/www.tvturk.com\/index.php\/wp-json\/wp\/v2\/users\/1"}],"replies":[{"embeddable":true,"href":"http:\/\/www.tvturk.com\/index.php\/wp-json\/wp\/v2\/comments?post=190125"}],"version-history":[{"count":0,"href":"http:\/\/www.tvturk.com\/index.php\/wp-json\/wp\/v2\/posts\/190125\/revisions"}],"wp:featuredmedia":[{"embeddable":true,"href":"http:\/\/www.tvturk.com\/index.php\/wp-json\/wp\/v2\/media\/190126"}],"wp:attachment":[{"href":"http:\/\/www.tvturk.com\/index.php\/wp-json\/wp\/v2\/media?parent=190125"}],"wp:term":[{"taxonomy":"category","embeddable":true,"href":"http:\/\/www.tvturk.com\/index.php\/wp-json\/wp\/v2\/categories?post=190125"},{"taxonomy":"post_tag","embeddable":true,"href":"http:\/\/www.tvturk.com\/index.php\/wp-json\/wp\/v2\/tags?post=190125"}],"curies":[{"name":"wp","href":"https:\/\/api.w.org\/{rel}","templated":true}]}}