{"id":190127,"date":"2019-08-04T16:46:40","date_gmt":"2019-08-04T13:46:40","guid":{"rendered":"http:\/\/www.tvturk.com\/index.php\/bicakcilar-cin-mali-bicak-almayin\/"},"modified":"2019-08-04T16:46:40","modified_gmt":"2019-08-04T13:46:40","slug":"bicakcilar-cin-mali-bicak-almayin","status":"publish","type":"post","link":"http:\/\/www.tvturk.com\/index.php\/bicakcilar-cin-mali-bicak-almayin\/","title":{"rendered":"B\u0131\u00e7ak\u00e7\u0131lar: \u201c\u00c7in mal\u0131 b\u0131\u00e7ak almay\u0131n&#8221;"},"content":{"rendered":"<p>D\u00dcZCE(\u0130HA) \u2013 Kurban Bayram\u0131\u2019n\u0131n yakla\u015fmas\u0131 ile birlikte b\u0131\u00e7ak sat\u0131\u015flar\u0131nda da hareketlilik ba\u015flad\u0131. D\u00fczce\u2019de y\u0131llard\u0131r b\u0131\u00e7ak\u00e7\u0131l\u0131k yapan Mustafa \u015een, \u201c\u00c7in mal\u0131 b\u0131\u00e7ak almay\u0131n yerli b\u0131\u00e7ak al\u0131n\u201d tavsiyesinde bulundu.<\/p>\n<p>D\u00fczce\u2019de Kurban Bayram\u0131\u2019na say\u0131l\u0131 g\u00fcnler kala b\u0131\u00e7ak sat\u0131c\u0131lar\u0131 da pazara inmeye ba\u015flad\u0131. Y\u0131llard\u0131r b\u0131\u00e7ak\u00e7\u0131l\u0131k ile u\u011fra\u015fan Mustafa \u015een, vatanda\u015flar\u0131n kurban b\u0131\u00e7aklar\u0131n\u0131 en iyisinden tercih etmesi gerekti\u011fini dile getirerek, yerli b\u0131\u00e7aklar\u0131n tercih edilmesi tavsiyesinde bulundu. B\u0131\u00e7a\u011f\u0131n arkas\u0131n\u0131n kal\u0131n olmas\u0131 gerekti\u011fini s\u00f6yleyen \u015een, \u201d\u015eu anda b\u0131\u00e7ak sat\u0131\u015flar\u0131 \u00e7ok iyi de\u011fil. Bu sene i\u015fimiz zor. Fiyatlar da y\u00fcksek. Milletin al\u0131m g\u00fcc\u00fc de yok. \u0130\u015fimiz zor. Vatanda\u015flar\u0131m\u0131z yerli b\u0131\u00e7ak als\u0131nlar. \u00c7in mal\u0131 b\u0131\u00e7ak almas\u0131nlar. Kesim b\u0131\u00e7a\u011f\u0131 ayr\u0131, s\u0131y\u0131rma b\u0131\u00e7a\u011f\u0131 ayr\u0131d\u0131r. Bir tane b\u00fcy\u00fck, bir tane ufak b\u0131\u00e7ak olmas\u0131 laz\u0131m. Bo\u011fazlama b\u0131\u00e7a\u011f\u0131 ayr\u0131 olacak, y\u00fczme ve par\u00e7alama b\u0131\u00e7a\u011f\u0131 ayr\u0131 olacak. B\u0131\u00e7a\u011f\u0131 tak\u0131m olarak alacaklar\u201d ifadelerini kulland\u0131.<\/p>\n","protected":false},"excerpt":{"rendered":"<p>KURBAN BAYRAMININ YAKLA\u015eMASI \u0130LE B\u0130RL\u0130KTE BI\u00c7AK SATI\u015eLARINDA DA B\u0130R HARAKETL\u0130L\u0130K BA\u015eLADI. D\u00dcZCE\u2019DE YILLARDIR BI\u00c7AK\u00c7ILIK YAPAN MUSTAFA \u015eEN \u201c\u00c7\u0130N MALI BI\u00c7AK ALMAYIN YERL\u0130 BI\u00c7AK ALIN\u201d TAVS\u0130YES\u0130NDE BULUNDU.<\/p>\n","protected":false},"author":1,"featured_media":190128,"comment_status":"closed","ping_status":"open","sticky":false,"template":"","format":"standard","meta":{"jetpack_post_was_ever_published":false,"_jetpack_newsletter_access":"","_jetpack_dont_email_post_to_subs":false,"_jetpack_newsletter_tier_id":0,"_jetpack_memberships_contains_paywalled_content":false,"_jetpack_memberships_contains_paid_content":false,"footnotes":"","jetpack_publicize_message":"","jetpack_publicize_feature_enabled":true,"jetpack_social_post_already_shared":true,"jetpack_social_options":{"image_generator_settings":{"template":"highway","default_image_id":0,"font":"","enabled":false},"version":2}},"categories":[1],"tags":[8107,17872,47074,4733,12792],"class_list":["post-190127","post","type-post","status-publish","format-standard","has-post-thumbnail","hentry","category-genel","tag-almayin","tag-bicak","tag-bicakcilar","tag-cin","tag-mali"],"jetpack_publicize_connections":[],"jetpack_featured_media_url":"https:\/\/i0.wp.com\/www.tvturk.com\/wp-content\/uploads\/2019\/08\/bicakcilar-cin-mali-bicak-almayin_ebdb49f.jpg?fit=1000%2C562","jetpack_sharing_enabled":true,"jetpack_shortlink":"https:\/\/wp.me\/paKIfm-Nsz","_links":{"self":[{"href":"http:\/\/www.tvturk.com\/index.php\/wp-json\/wp\/v2\/posts\/190127","targetHints":{"allow":["GET"]}}],"collection":[{"href":"http:\/\/www.tvturk.com\/index.php\/wp-json\/wp\/v2\/posts"}],"about":[{"href":"http:\/\/www.tvturk.com\/index.php\/wp-json\/wp\/v2\/types\/post"}],"author":[{"embeddable":true,"href":"http:\/\/www.tvturk.com\/index.php\/wp-json\/wp\/v2\/users\/1"}],"replies":[{"embeddable":true,"href":"http:\/\/www.tvturk.com\/index.php\/wp-json\/wp\/v2\/comments?post=190127"}],"version-history":[{"count":0,"href":"http:\/\/www.tvturk.com\/index.php\/wp-json\/wp\/v2\/posts\/190127\/revisions"}],"wp:featuredmedia":[{"embeddable":true,"href":"http:\/\/www.tvturk.com\/index.php\/wp-json\/wp\/v2\/media\/190128"}],"wp:attachment":[{"href":"http:\/\/www.tvturk.com\/index.php\/wp-json\/wp\/v2\/media?parent=190127"}],"wp:term":[{"taxonomy":"category","embeddable":true,"href":"http:\/\/www.tvturk.com\/index.php\/wp-json\/wp\/v2\/categories?post=190127"},{"taxonomy":"post_tag","embeddable":true,"href":"http:\/\/www.tvturk.com\/index.php\/wp-json\/wp\/v2\/tags?post=190127"}],"curies":[{"name":"wp","href":"https:\/\/api.w.org\/{rel}","templated":true}]}}