{"id":190149,"date":"2019-08-04T18:02:26","date_gmt":"2019-08-04T15:02:26","guid":{"rendered":"http:\/\/www.tvturk.com\/index.php\/turkiye-supermoto-sampiyonasi-usakta-yapildi\/"},"modified":"2019-08-04T18:02:26","modified_gmt":"2019-08-04T15:02:26","slug":"turkiye-supermoto-sampiyonasi-usakta-yapildi","status":"publish","type":"post","link":"http:\/\/www.tvturk.com\/index.php\/turkiye-supermoto-sampiyonasi-usakta-yapildi\/","title":{"rendered":"T\u00fcrkiye S\u00fcpermoto \u015eampiyonas\u0131 U\u015fak\u2019ta yap\u0131ld\u0131"},"content":{"rendered":"<p>T\u00fcrkiye S\u00fcpermoto \u015eampiyonas\u0131 ve Yamaha R25 Cup\u2019\u0131n \u00fc\u00e7\u00fcnc\u00fc ayak yar\u0131\u015flar\u0131 U\u015fak\u2019ta d\u00fczenlendi. Yar\u0131\u015flara kat\u0131lan Supersport D\u00fcnya \u015eampiyonu Sakarya Milletvekili Kenan Sofuo\u011flu, h\u0131z tutkunu gen\u00e7leri sokaklardan pistlere davet etti.<\/p>\n<p>Yar\u0131\u015flar 3-4 A\u011fustos Pazar g\u00fcn\u00fc olmak \u00fczere iki g\u00fcn s\u00fcrd\u00fc. Yar\u0131\u015flar\u0131 Supersport D\u00fcnya \u015eampiyonu Sakarya Milletvekili Kenan Sofuo\u011flu, U\u015fak Milletvekili \u0130smail G\u00fcne\u015f, U\u015fak Vali Yard\u0131mc\u0131s\u0131 \u00d6mer Kalayl\u0131, U\u015fak Belediye Ba\u015fkan Yard\u0131mc\u0131s\u0131 Hikmet Kahraman, Gen\u00e7lik ve Spor \u0130l M\u00fcd\u00fcr\u00fc Tahir Emre Can, T\u00fcrkiye Motosiklet Federasyonu Ba\u015fkan\u0131 Bekir Yunus U\u00e7ar, TMF Y\u00f6netim Kurulu \u00dcyesi Erdo\u011fan Y\u0131ld\u0131r\u0131m ile \u00e7ok say\u0131da seyirci takip etti.<\/p>\n<p>D\u00fcnya \u015eampiyonu milli motosiklet\u00e7i ve milletvekili Sofuo\u011flu yar\u0131\u015flarla ilgili yapt\u0131\u011f\u0131 a\u00e7\u0131klamada, T\u00fcrkiye B\u00fcy\u00fck Millet Meclisi (TBMM) olarak, \u2018spora g\u00f6n\u00fcl ver\u2019 projesi kapsam\u0131nda T\u00fcrkiye\u2019nin her yerinden sporcular se\u00e7mek, gen\u00e7leri yeti\u015ftirmek i\u00e7in yola \u00e7\u0131kt\u0131klar\u0131n\u0131 kaydetti. Sofuo\u011flu, \u201cProje kapsam\u0131nda binlerce talep oldu. Bu talepler i\u00e7erisinde \u00e7ok emekler vererek 12-13 civar\u0131nda gen\u00e7 sporcu se\u00e7tik. Bug\u00fcn \u015fampiyonan\u0131n 2. yar\u0131\u015f\u0131 U\u015fak\u2019ta yap\u0131l\u0131yor. \u0130lk yar\u0131\u015fta yurt d\u0131\u015f\u0131nda oldu\u011fum i\u00e7in kat\u0131l almam\u0131\u015ft\u0131m. Bug\u00fcn \u0130kinci yar\u0131\u015fta bu gen\u00e7lerimizi canl\u0131 izleme f\u0131rsat\u0131 buldum. Yapt\u0131\u011f\u0131m\u0131z elemelerde \u00e7ocuklar\u0131 izledi\u011fimizde her birinde potansiyel oldu\u011funu g\u00f6rm\u00fc\u015ft\u00fck. Bug\u00fcn bakt\u0131\u011f\u0131m\u0131zda kendilerini \u00e7ok iyi derecede geli\u015ftirdiklerini g\u00f6r\u00fcyoruz. Gelece\u011fe y\u00f6nelik ne kadar g\u00fczel ad\u0131mlar att\u0131\u011f\u0131m\u0131za iyice emin olduk\u201d diye konu\u015ftu.<\/p>\n<p>&#8220;Gen\u00e7leri sokaklarda de\u011fil pistlerde g\u00f6rmek istiyorum&#8221;<\/p>\n<p>Yar\u0131\u015flara kat\u0131lan gen\u00e7lerin performanslar\u0131na bak\u0131ld\u0131\u011f\u0131ndan d\u00fcnya genelinde yar\u0131\u015facak gen\u00e7lerin oldu\u011funu g\u00f6rd\u00fcklerini ifade eden Sofuo\u011flu, \u015funlar\u0131 s\u00f6yledi:<\/p>\n<p>\u201cBu \u00e7ocuklar\u0131m\u0131z ilerleyen y\u0131llarda d\u00fcnya arenas\u0131nda motor sporlar\u0131nda \u00fclkemizi temsil edecek \u00e7ocuklar. Bug\u00fcn yan\u0131mda tulum ve kask\u0131m olsayd\u0131 ben de onlarla birlikte piste olsayd\u0131m. Onlar\u0131 izlerken dedim ki, \u2018acaba ben bu \u00e7ocuklar\u0131 ge\u00e7ebilir miyim?\u2019 Onlar\u0131 bu kadar h\u0131zl\u0131 ve profesyonel g\u00f6rmek bizleri mutlu ediyor. Yapt\u0131\u011f\u0131m\u0131z bu proje kapsam\u0131nda 5-6 y\u0131l sonra d\u00fcnya arenalar\u0131ndan yar\u0131\u015facak \u00e7ocuklar\u0131m\u0131z yeti\u015fecek. Bayra\u011f\u0131 onlara teslim edece\u011fiz. \u00d6n\u00fcm\u00fczdeki y\u0131llarda bu projelerimiz devam edecek, yeni sporcular yeti\u015ftirmek i\u00e7in altyap\u0131 \u00e7al\u0131\u015fmalar\u0131na da devam edece\u011fiz. Motosiklet \u00e7ok g\u00fczel bir ara\u00e7 bu arac\u0131 \u00f6yle g\u00fczel kullanmam\u0131z laz\u0131m ki, kimsenin can\u0131n\u0131 yakmamam\u0131z gerekiyor. Ben bu nedenle gen\u00e7leri sokaklarda de\u011fil pistlerde g\u00f6rmek istiyorum.\u201d<\/p>\n<p>Yar\u0131\u015flar sonunda dereceye girenler belli oldu<\/p>\n<p>Sofuo\u011flu\u2019nun koordinasyonunda yap\u0131lan Yamaha R25 CUP\u2019\u0131n \u00fc\u00e7\u00fcnc\u00fc ayak yar\u0131\u015flar\u0131 sonunda Faz\u0131l Er\u00e7elik birinci s\u0131rada yer ald\u0131. Kupada, Hakan Y\u0131lmaz ikinci olurken, Mecit Taha I\u015f\u0131k \u00fc\u00e7\u00fcnc\u00fcl\u00fc\u011f\u00fc elde etti.<\/p>\n<p>S\u00fcpermoto A s\u0131n\u0131f\u0131nda Ata Kahvecio\u011flu (SMYRNA-Husqvarna) birinci olurken, Mecit Taha I\u015f\u0131k (KNN54-Husqvarna) ikinci ve Halil Haktan Karpuz\u2019da (EMK-Husqvarna) \u00fc\u00e7\u00fcnc\u00fc s\u0131rada yer ald\u0131.<\/p>\n<p>S\u00fcpermoto B s\u0131n\u0131f\u0131nda \u00d6mer Utku Karpuz damal\u0131 bayra\u011f\u0131 ilk s\u0131rada g\u00f6r\u00fcrken, G\u00f6rkem Yapcac\u0131k ve Yasin I\u015f\u0131k Karpuz\u2019u takip etti.<\/p>\n<p>Gen\u00e7 sporcular\u0131n k\u0131yas\u0131ya yar\u0131\u015ft\u0131\u011f\u0131 S\u00fcpermoto S3 s\u0131n\u0131f\u0131nda damal\u0131 bayraktan Ares Stefan Bengi\u00e7 (SMYRNA-KTM) birinci, Emirhan Erkan ikinci ve Furkan Aykut\u2019da (FOSK-TM) (SMYRNA-KTM) \u00fc\u00e7\u00fcnc\u00fc s\u0131rada ge\u00e7ti.<\/p>\n<p>S\u00fcpermoto Gen\u00e7ler 85 cc s\u0131n\u0131f\u0131nda Mehmet Tu\u011frul (EMC06-KTM) ilk s\u0131rada yer ald\u0131. Tu\u011frul\u2019u Baran Bulut Kocaman (FOSK-KTM) ve Onur I\u015f\u0131k (KNN54-Yamaha) takip etti.<\/p>\n<p>S\u00fcpermoto 65 cc s\u0131n\u0131f\u0131nda Egehan \u00c7alhan (SMYRNA-Yamaha) birinci, Nasip Emir Abay (BAMOS-KTM) ikinci ve Selen T\u0131naz (YMK-KTM) \u00fc\u00e7\u00fcnc\u00fc oldu.<\/p>\n","protected":false},"excerpt":{"rendered":"<p>T\u00dcRK\u0130YE S\u00dcPERMOTO \u015eAMP\u0130YONASI VE YAMAHA R25 CUP\u2019IN \u00dc\u00c7\u00dcNC\u00dc AYAK YARI\u015eLARI U\u015eAK\u2019TA D\u00dcZENLEND\u0130. YARI\u015eLARA KATILAN SUPERSPORT D\u00dcNYA \u015eAMP\u0130YONU SAKARYA M\u0130LLETVEK\u0130L\u0130 KENAN SOFUO\u011eLU, HIZ TUTKUNU GEN\u00c7LER\u0130 SOKAKLARDAN P\u0130STLERE DAVET ETT\u0130.<\/p>\n","protected":false},"author":1,"featured_media":190150,"comment_status":"closed","ping_status":"open","sticky":false,"template":"","format":"standard","meta":{"jetpack_post_was_ever_published":false,"_jetpack_newsletter_access":"","_jetpack_dont_email_post_to_subs":false,"_jetpack_newsletter_tier_id":0,"_jetpack_memberships_contains_paywalled_content":false,"_jetpack_memberships_contains_paid_content":false,"footnotes":"","jetpack_publicize_message":"","jetpack_publicize_feature_enabled":true,"jetpack_social_post_already_shared":true,"jetpack_social_options":{"image_generator_settings":{"template":"highway","default_image_id":0,"font":"","enabled":false},"version":2}},"categories":[657],"tags":[395,43852,453,3214,117],"class_list":["post-190149","post","type-post","status-publish","format-standard","has-post-thumbnail","hentry","category-spor","tag-sampiyonasi","tag-supermoto","tag-turkiye","tag-usakta","tag-yapildi"],"jetpack_publicize_connections":[],"jetpack_featured_media_url":"https:\/\/i0.wp.com\/www.tvturk.com\/wp-content\/uploads\/2019\/08\/turkiye-supermoto-sampiyonasi-usakta-yapildi_bf06a88.jpg?fit=1000%2C562","jetpack_sharing_enabled":true,"jetpack_shortlink":"https:\/\/wp.me\/paKIfm-NsV","_links":{"self":[{"href":"http:\/\/www.tvturk.com\/index.php\/wp-json\/wp\/v2\/posts\/190149","targetHints":{"allow":["GET"]}}],"collection":[{"href":"http:\/\/www.tvturk.com\/index.php\/wp-json\/wp\/v2\/posts"}],"about":[{"href":"http:\/\/www.tvturk.com\/index.php\/wp-json\/wp\/v2\/types\/post"}],"author":[{"embeddable":true,"href":"http:\/\/www.tvturk.com\/index.php\/wp-json\/wp\/v2\/users\/1"}],"replies":[{"embeddable":true,"href":"http:\/\/www.tvturk.com\/index.php\/wp-json\/wp\/v2\/comments?post=190149"}],"version-history":[{"count":0,"href":"http:\/\/www.tvturk.com\/index.php\/wp-json\/wp\/v2\/posts\/190149\/revisions"}],"wp:featuredmedia":[{"embeddable":true,"href":"http:\/\/www.tvturk.com\/index.php\/wp-json\/wp\/v2\/media\/190150"}],"wp:attachment":[{"href":"http:\/\/www.tvturk.com\/index.php\/wp-json\/wp\/v2\/media?parent=190149"}],"wp:term":[{"taxonomy":"category","embeddable":true,"href":"http:\/\/www.tvturk.com\/index.php\/wp-json\/wp\/v2\/categories?post=190149"},{"taxonomy":"post_tag","embeddable":true,"href":"http:\/\/www.tvturk.com\/index.php\/wp-json\/wp\/v2\/tags?post=190149"}],"curies":[{"name":"wp","href":"https:\/\/api.w.org\/{rel}","templated":true}]}}