{"id":190153,"date":"2019-08-04T18:16:49","date_gmt":"2019-08-04T15:16:49","guid":{"rendered":"http:\/\/www.tvturk.com\/index.php\/ordu-sele-teslim\/"},"modified":"2019-08-04T18:16:49","modified_gmt":"2019-08-04T15:16:49","slug":"ordu-sele-teslim","status":"publish","type":"post","link":"http:\/\/www.tvturk.com\/index.php\/ordu-sele-teslim\/","title":{"rendered":"Ordu sele teslim"},"content":{"rendered":"<p>Ordu\u2019da aniden bast\u0131ran sa\u011fanak sonras\u0131 kent merkezi sele teslim oldu.<\/p>\n<p>Ordu\u2019nun Alt\u0131nordu il\u00e7esinde ak\u015fam saatlerinde aniden bast\u0131ran sa\u011fanak, hayat\u0131 fel\u00e7 etti. \u015eiddetli ya\u011fmur sonras\u0131 vatanda\u015flar neye u\u011frad\u0131\u011f\u0131n\u0131 \u015fa\u015f\u0131r\u0131rken, cadde ve sokaklarda ise su birikintileri ve sel meydana geldi. Yer yer bir metreye kadar ula\u015fan su birikintileri insanlar\u0131 tedirgin ederken, baz\u0131 i\u015f yerlerini de su bast\u0131. Esnaflar, kendi \u00e7abalar\u0131yla d\u00fckkanlara giren sular\u0131 \u00e7\u0131kartmaya \u00e7al\u0131\u015f\u0131yor.<\/p>\n<p>\u00d6te yandan Ordu Valili\u011finden yap\u0131lan a\u00e7\u0131klamada, bug\u00fcn i\u00e7in \u015fiddetli ya\u011fmur ya\u011f\u0131\u015f\u0131 uyar\u0131s\u0131 verilmi\u015fti.<\/p>\n","protected":false},"excerpt":{"rendered":"<p>ORDU\u2019DA AN\u0130DEN BASTIRAN SA\u011eANAK SONRASI KENT MERKEZ\u0130 SELE TESL\u0130M OLDU.<\/p>\n","protected":false},"author":1,"featured_media":190154,"comment_status":"closed","ping_status":"open","sticky":false,"template":"","format":"standard","meta":{"jetpack_post_was_ever_published":false,"_jetpack_newsletter_access":"","_jetpack_dont_email_post_to_subs":false,"_jetpack_newsletter_tier_id":0,"_jetpack_memberships_contains_paywalled_content":false,"_jetpack_memberships_contains_paid_content":false,"footnotes":"","jetpack_publicize_message":"","jetpack_publicize_feature_enabled":true,"jetpack_social_post_already_shared":true,"jetpack_social_options":{"image_generator_settings":{"template":"highway","default_image_id":0,"font":"","enabled":false},"version":2}},"categories":[1],"tags":[10801,8394,169],"class_list":["post-190153","post","type-post","status-publish","format-standard","has-post-thumbnail","hentry","category-genel","tag-ordu","tag-sele","tag-teslim"],"jetpack_publicize_connections":[],"jetpack_featured_media_url":"https:\/\/i0.wp.com\/www.tvturk.com\/wp-content\/uploads\/2019\/08\/ordu-sele-teslim_8ffa703.jpg?fit=1000%2C662","jetpack_sharing_enabled":true,"jetpack_shortlink":"https:\/\/wp.me\/paKIfm-NsZ","_links":{"self":[{"href":"http:\/\/www.tvturk.com\/index.php\/wp-json\/wp\/v2\/posts\/190153","targetHints":{"allow":["GET"]}}],"collection":[{"href":"http:\/\/www.tvturk.com\/index.php\/wp-json\/wp\/v2\/posts"}],"about":[{"href":"http:\/\/www.tvturk.com\/index.php\/wp-json\/wp\/v2\/types\/post"}],"author":[{"embeddable":true,"href":"http:\/\/www.tvturk.com\/index.php\/wp-json\/wp\/v2\/users\/1"}],"replies":[{"embeddable":true,"href":"http:\/\/www.tvturk.com\/index.php\/wp-json\/wp\/v2\/comments?post=190153"}],"version-history":[{"count":0,"href":"http:\/\/www.tvturk.com\/index.php\/wp-json\/wp\/v2\/posts\/190153\/revisions"}],"wp:featuredmedia":[{"embeddable":true,"href":"http:\/\/www.tvturk.com\/index.php\/wp-json\/wp\/v2\/media\/190154"}],"wp:attachment":[{"href":"http:\/\/www.tvturk.com\/index.php\/wp-json\/wp\/v2\/media?parent=190153"}],"wp:term":[{"taxonomy":"category","embeddable":true,"href":"http:\/\/www.tvturk.com\/index.php\/wp-json\/wp\/v2\/categories?post=190153"},{"taxonomy":"post_tag","embeddable":true,"href":"http:\/\/www.tvturk.com\/index.php\/wp-json\/wp\/v2\/tags?post=190153"}],"curies":[{"name":"wp","href":"https:\/\/api.w.org\/{rel}","templated":true}]}}