{"id":190159,"date":"2019-08-04T19:01:50","date_gmt":"2019-08-04T16:01:50","guid":{"rendered":"http:\/\/www.tvturk.com\/index.php\/balikesirde-otoyolun-acilisini-binali-yildirim-yapti\/"},"modified":"2019-08-04T19:01:50","modified_gmt":"2019-08-04T16:01:50","slug":"balikesirde-otoyolun-acilisini-binali-yildirim-yapti","status":"publish","type":"post","link":"http:\/\/www.tvturk.com\/index.php\/balikesirde-otoyolun-acilisini-binali-yildirim-yapti\/","title":{"rendered":"Bal\u0131kesir\u2019de otoyolun a\u00e7\u0131l\u0131\u015f\u0131n\u0131 Binali Y\u0131ld\u0131r\u0131m yapt\u0131"},"content":{"rendered":"<p>\u0130stanbul \u0130zmir otoyolunun a\u00e7\u0131l\u0131\u015f\u0131 yap\u0131ld\u0131. Bursa\u2019da bulunan Cumhurba\u015fkan\u0131 Recep Tayyip Erdo\u011fan, otoyolun Bal\u0131kesir gi\u015felerinde bulunan eski Ba\u015fbakan Binali Y\u0131ld\u0131r\u0131m\u2019a ba\u011flanarak ortak a\u00e7\u0131l\u0131\u015f ger\u00e7ekle\u015ftirdi.<\/p>\n<p>Eski Ba\u015fbakan ve \u0130zmir Milletvekili Binali Y\u0131ld\u0131r\u0131m otoyol a\u00e7\u0131l\u0131\u015f\u0131n\u0131n Bal\u0131kesir b\u00f6l\u00fcm\u00fcn\u00fc ger\u00e7ekle\u015ftirdi. Sinevizyon yolu ile Bursa\u2019da bulunan Recep Tayyip Erdo\u011fan\u2019a ba\u011flanan Binali Y\u0131ld\u0131r\u0131m, a\u00e7\u0131l\u0131\u015f\u0131n hay\u0131rlara vesile olmas\u0131n\u0131 diledi\u011fini s\u00f6yledi. Binali Y\u0131ld\u0131r\u0131m, &#8220;Say\u0131n Cumhurba\u015fkan\u0131m, De\u011ferli Bursal\u0131lar, Bal\u0131kesir\u2019den sevgi ve sayg\u0131 iletiyoruz. Marmara ve Ege B\u00f6lgesi i\u00e7in tarihi g\u00fcnlerden birini ya\u015f\u0131yoruz. Manisa\u2019dan \u0130zmir\u2019den buraya gelen karde\u015flerimiz var. Muhte\u015fem a\u00e7\u0131l\u0131\u015f\u0131 ba\u015ftan sona takip ettik. Say\u0131n Cumhurba\u015fkan\u0131m, d\u00fcn gibi akl\u0131mda. 29 Ekim 2010. Dilovas\u0131\u2019nda bereketli bir g\u00fcnde bu muhte\u015fem projenin temelini atm\u0131\u015ft\u0131k. Siz o zaman ba\u015fbakand\u0131n\u0131z, bende Ula\u015ft\u0131rma Bakan\u0131yd\u0131m. Bug\u00fcn 4 A\u011fustos 2019. \u0130stanbul-\u0130zmir otoyolunun a\u00e7\u0131l\u0131\u015f\u0131n\u0131 hep birlikte ger\u00e7ekle\u015ftiriyoruz. Bir hayal daha ger\u00e7ek oluyor. Sizin liderli\u011finizde do\u011fudan bat\u0131ya, kuzeyden g\u00fcneye b\u00f6l\u00fcnm\u00fc\u015f yollarla \u00f6rd\u00fck. Yollar\u0131 b\u00f6l\u00fck g\u00f6n\u00fclleri birle\u015ftirdik. Dost d\u00fc\u015fman herkes bilmeli ki, yollar\u0131 b\u00f6leriz T\u00fcrkiye\u2019yi b\u00f6ld\u00fcrtmeyiz&#8221; dedi.<\/p>\n<p>Cumhurba\u015fkan\u0131 Erdo\u011fan\u2019\u0131n Bursa\u2019dan selam iletti\u011fi konu\u015fma sonras\u0131nda otoyolun a\u00e7\u0131l\u0131\u015f kurdelesi kesildi.<\/p>\n","protected":false},"excerpt":{"rendered":"<p>\u0130STANBUL \u0130ZM\u0130R OTOYOLUNUN A\u00c7ILI\u015eI YAPILDI. BURSA&#8217;DA BULUNAN CUMHURBA\u015eKANI RECEP TAYY\u0130P ERDO\u011eAN, OTOYOLUN BALIKES\u0130R G\u0130\u015eELER\u0130NDE BULUNAN ESK\u0130 BA\u015eBAKAN B\u0130NAL\u0130 YILDIRIM&#8217;A BA\u011eLANARAK ORTAK A\u00c7ILI\u015e GER\u00c7EKLE\u015eT\u0130RD\u0130.<\/p>\n","protected":false},"author":1,"featured_media":190160,"comment_status":"closed","ping_status":"open","sticky":false,"template":"","format":"standard","meta":{"jetpack_post_was_ever_published":false,"_jetpack_newsletter_access":"","_jetpack_dont_email_post_to_subs":false,"_jetpack_newsletter_tier_id":0,"_jetpack_memberships_contains_paywalled_content":false,"_jetpack_memberships_contains_paid_content":false,"footnotes":"","jetpack_publicize_message":"","jetpack_publicize_feature_enabled":true,"jetpack_social_post_already_shared":true,"jetpack_social_options":{"image_generator_settings":{"template":"highway","default_image_id":0,"font":"","enabled":false},"version":2}},"categories":[1],"tags":[7647,1113,3333,47501,292,376],"class_list":["post-190159","post","type-post","status-publish","format-standard","has-post-thumbnail","hentry","category-genel","tag-acilisini","tag-balikesirde","tag-binali","tag-otoyolun","tag-yapti","tag-yildirim"],"jetpack_publicize_connections":[],"jetpack_featured_media_url":"https:\/\/i0.wp.com\/www.tvturk.com\/wp-content\/uploads\/2019\/08\/balikesirde-otoyolun-acilisini-binali-yildirim-yapti_97005c6.jpg?fit=1000%2C662","jetpack_sharing_enabled":true,"jetpack_shortlink":"https:\/\/wp.me\/paKIfm-Nt5","_links":{"self":[{"href":"http:\/\/www.tvturk.com\/index.php\/wp-json\/wp\/v2\/posts\/190159","targetHints":{"allow":["GET"]}}],"collection":[{"href":"http:\/\/www.tvturk.com\/index.php\/wp-json\/wp\/v2\/posts"}],"about":[{"href":"http:\/\/www.tvturk.com\/index.php\/wp-json\/wp\/v2\/types\/post"}],"author":[{"embeddable":true,"href":"http:\/\/www.tvturk.com\/index.php\/wp-json\/wp\/v2\/users\/1"}],"replies":[{"embeddable":true,"href":"http:\/\/www.tvturk.com\/index.php\/wp-json\/wp\/v2\/comments?post=190159"}],"version-history":[{"count":0,"href":"http:\/\/www.tvturk.com\/index.php\/wp-json\/wp\/v2\/posts\/190159\/revisions"}],"wp:featuredmedia":[{"embeddable":true,"href":"http:\/\/www.tvturk.com\/index.php\/wp-json\/wp\/v2\/media\/190160"}],"wp:attachment":[{"href":"http:\/\/www.tvturk.com\/index.php\/wp-json\/wp\/v2\/media?parent=190159"}],"wp:term":[{"taxonomy":"category","embeddable":true,"href":"http:\/\/www.tvturk.com\/index.php\/wp-json\/wp\/v2\/categories?post=190159"},{"taxonomy":"post_tag","embeddable":true,"href":"http:\/\/www.tvturk.com\/index.php\/wp-json\/wp\/v2\/tags?post=190159"}],"curies":[{"name":"wp","href":"https:\/\/api.w.org\/{rel}","templated":true}]}}