{"id":190179,"date":"2019-08-04T21:16:47","date_gmt":"2019-08-04T18:16:47","guid":{"rendered":"http:\/\/www.tvturk.com\/index.php\/vicdansizligin-boylesi-gorulmedi\/"},"modified":"2019-08-04T21:16:47","modified_gmt":"2019-08-04T18:16:47","slug":"vicdansizligin-boylesi-gorulmedi","status":"publish","type":"post","link":"http:\/\/www.tvturk.com\/index.php\/vicdansizligin-boylesi-gorulmedi\/","title":{"rendered":"Vicdans\u0131zl\u0131\u011f\u0131n b\u00f6ylesi g\u00f6r\u00fclmedi"},"content":{"rendered":"<p>Burdur\u2019un Bucak il\u00e7esinde a\u011fz\u0131 ba\u011fl\u0131 halde \u00e7uval\u0131n i\u00e7inde, havas\u0131zl\u0131ktan \u00f6lmek \u00fczere olan k\u00f6pek yavrusu bulundu.<\/p>\n<p>Olay, Barbaros Mahallesi Gran\u00e7ay mevkisinde meydana geldi. Bir vatanda\u015f, ta\u015fl\u0131k alanda bir \u00e7uval fark etti. \u0130\u00e7inde bir \u015feylerin hareket etti\u011fini g\u00f6ren \u015fah\u0131s, hemen itfaiye ve polis ekiplerine haber verdi. Olay yerine gelen Bucak Belediyesi \u0130tfaiye M\u00fcd\u00fcrl\u00fc\u011f\u00fc ekipleri \u00e7uval\u0131 a\u00e7t\u0131\u011f\u0131nda i\u00e7erisinde havas\u0131zl\u0131ktan \u00f6lmek \u00fczere olan bir k\u00f6pek oldu\u011funu fark etti. \u00c7uval\u0131n a\u011fz\u0131n\u0131 b\u0131\u00e7akla kesen g\u00f6revliler k\u00fc\u00e7\u00fck yavru k\u00f6pe\u011fi \u00f6zg\u00fcrl\u00fc\u011f\u00fcne kavu\u015fturdu. Ya\u015fanan olay hayvan severlerin tepkisine neden oldu.<\/p>\n","protected":false},"excerpt":{"rendered":"<p>BURDUR\u2019UN BUCAK \u0130L\u00c7ES\u0130NDE A\u011eZI BA\u011eLI HALDE \u00c7UVALIN \u0130\u00c7\u0130NDE, HAVASIZLIKTAN \u00d6LMEK \u00dcZERE OLAN K\u00d6PEK YAVRUSU BULUNDU.<\/p>\n","protected":false},"author":1,"featured_media":190180,"comment_status":"closed","ping_status":"open","sticky":false,"template":"","format":"standard","meta":{"jetpack_post_was_ever_published":false,"_jetpack_newsletter_access":"","_jetpack_dont_email_post_to_subs":false,"_jetpack_newsletter_tier_id":0,"_jetpack_memberships_contains_paywalled_content":false,"_jetpack_memberships_contains_paid_content":false,"footnotes":"","jetpack_publicize_message":"","jetpack_publicize_feature_enabled":true,"jetpack_social_post_already_shared":true,"jetpack_social_options":{"image_generator_settings":{"template":"highway","default_image_id":0,"font":"","enabled":false},"version":2}},"categories":[1],"tags":[10335,4653,47508],"class_list":["post-190179","post","type-post","status-publish","format-standard","has-post-thumbnail","hentry","category-genel","tag-boylesi","tag-gorulmedi","tag-vicdansizligin"],"jetpack_publicize_connections":[],"jetpack_featured_media_url":"https:\/\/i0.wp.com\/www.tvturk.com\/wp-content\/uploads\/2019\/08\/vicdansizligin-boylesi-gorulmedi_0dbc6e3.jpg?fit=415%2C723","jetpack_sharing_enabled":true,"jetpack_shortlink":"https:\/\/wp.me\/paKIfm-Ntp","_links":{"self":[{"href":"http:\/\/www.tvturk.com\/index.php\/wp-json\/wp\/v2\/posts\/190179","targetHints":{"allow":["GET"]}}],"collection":[{"href":"http:\/\/www.tvturk.com\/index.php\/wp-json\/wp\/v2\/posts"}],"about":[{"href":"http:\/\/www.tvturk.com\/index.php\/wp-json\/wp\/v2\/types\/post"}],"author":[{"embeddable":true,"href":"http:\/\/www.tvturk.com\/index.php\/wp-json\/wp\/v2\/users\/1"}],"replies":[{"embeddable":true,"href":"http:\/\/www.tvturk.com\/index.php\/wp-json\/wp\/v2\/comments?post=190179"}],"version-history":[{"count":0,"href":"http:\/\/www.tvturk.com\/index.php\/wp-json\/wp\/v2\/posts\/190179\/revisions"}],"wp:featuredmedia":[{"embeddable":true,"href":"http:\/\/www.tvturk.com\/index.php\/wp-json\/wp\/v2\/media\/190180"}],"wp:attachment":[{"href":"http:\/\/www.tvturk.com\/index.php\/wp-json\/wp\/v2\/media?parent=190179"}],"wp:term":[{"taxonomy":"category","embeddable":true,"href":"http:\/\/www.tvturk.com\/index.php\/wp-json\/wp\/v2\/categories?post=190179"},{"taxonomy":"post_tag","embeddable":true,"href":"http:\/\/www.tvturk.com\/index.php\/wp-json\/wp\/v2\/tags?post=190179"}],"curies":[{"name":"wp","href":"https:\/\/api.w.org\/{rel}","templated":true}]}}