{"id":190181,"date":"2019-08-04T21:17:17","date_gmt":"2019-08-04T18:17:17","guid":{"rendered":"http:\/\/www.tvturk.com\/index.php\/kurtdereye-ali-gurbuz-damgasini-vurdu\/"},"modified":"2019-08-04T21:17:17","modified_gmt":"2019-08-04T18:17:17","slug":"kurtdereye-ali-gurbuz-damgasini-vurdu","status":"publish","type":"post","link":"http:\/\/www.tvturk.com\/index.php\/kurtdereye-ali-gurbuz-damgasini-vurdu\/","title":{"rendered":"Kurtdere\u2019ye Ali G\u00fcrb\u00fcz damgas\u0131n\u0131 vurdu"},"content":{"rendered":"<p>Cihan Pehlivan\u0131 Kurtdereli Mehmet Pehlivan an\u0131s\u0131na Bal\u0131kesir B\u00fcy\u00fck\u015fehir Belediyesi ve Karesi Belediyesi taraf\u0131ndan bu y\u0131l 60.s\u0131 d\u00fczenlenen Kurtdereli Ya\u011fl\u0131 G\u00fcre\u015fleri\u2019nde ba\u015fpehlivan Ali G\u00fcrb\u00fcz oldu.<\/p>\n<p>Etnospor Konfederasyonu Ba\u015fkan\u0131 Bilal Erdo\u011fan ve Asr\u0131n G\u00fcre\u015f\u00e7isi Gen\u00e7lik ve Spor Bakan Yard\u0131mc\u0131s\u0131 Hamza Yerlikaya, AK Parti Genel Ba\u015fkan Yard\u0131mc\u0131s\u0131 Hamza Da\u011f\u2019da Kurtdere\u2019de final kar\u015f\u0131la\u015fmas\u0131n\u0131 izledi.<\/p>\n<p>Karesi\u2019nin il\u00e7esine ba\u011fl\u0131 Kurtdere k\u0131rsal mahallesinde Bal\u0131kesir B\u00fcy\u00fck\u015fehir Belediyesi ve Karesi Belediyesi taraf\u0131ndan d\u00fczenlenen 60. Geleneksel Kurtdereli G\u00fcre\u015fleri\u2019nde 72 ba\u015fpehlivan aras\u0131ndan k\u0131yas\u0131ya ya\u015fanan m\u00fccadeleler sonucunda finalde ge\u00e7en senenin \u015fampiyonu \u0130smail Balaban finalde Ali G\u00fcrb\u00fcz\u2019e yenildi. Binlerce g\u00fcre\u015f severin ilgiyle takip etti\u011fi Kurtdereli G\u00fcre\u015fleri B\u00fcy\u00fck\u015fehir Belediye Ba\u015fkan\u0131 Y\u00fccel Y\u0131lmaz ve Karesi Belediye Ba\u015fkan\u0131 Din\u00e7er Orkan ev sahipli\u011finde ger\u00e7ekle\u015fti. Y\u0131l\u0131n a\u011fal\u0131\u011f\u0131n\u0131, a\u00e7\u0131k artt\u0131rmada 261 bin lira vermeyi taahh\u00fct eden ve bu y\u0131lda a\u011fal\u0131k yapan Abdullah Alt\u0131nta\u015f kazand\u0131. Etkinli\u011fin ilk g\u00fcn\u00fcnde minik, te\u015fvik, tozkoparan, ayak, deste, k\u00fc\u00e7\u00fck orta ve b\u00fcy\u00fck orta boylarda m\u00fccadeleler ger\u00e7ekle\u015ftiriliyor. Kule hakemlerinin \u00e7a\u011fr\u0131s\u0131yla sahaya gelen g\u00fcre\u015f\u00e7iler, \u00f6nce pe\u015frev \u00e7ekti, ard\u0131ndan pehlivanlar, rakibinin s\u0131rt\u0131n\u0131 yere getirmek i\u00e7in k\u0131yas\u0131ya m\u00fccadele etti. G\u00fcre\u015flerin ikinci g\u00fcn\u00fcnde de m\u00fccadeleler k\u0131yas\u0131ya s\u00fcrerken, son g\u00fcnde ise ba\u015fpehlivanl\u0131k g\u00fcre\u015fleri yap\u0131ld\u0131. G\u00fcre\u015flerde Tanju Demirci\u2019yi yenen \u0130smail Balaban ve Ertu\u011frul Da\u011fdeviren\u2019i ma\u011flup eden Ali G\u00fcrb\u00fcz finalde kar\u015f\u0131la\u015ft\u0131. Final m\u00fccadelesinde puanlama b\u00f6l\u00fcm\u00fcnde rakibini yere seren G\u00fcrb\u00fcz ba\u015fpehlivan oldu.<\/p>\n<p>Ba\u015fpehlivanl\u0131\u011f\u0131 kazanmas\u0131 ard\u0131ndan a\u00e7\u0131klamalarda bulunan G\u00fcrb\u00fcz, &#8220;Kurtdere G\u00fcre\u015fleri \u00fclkemizin b\u00fcy\u00fck organizasyonlar\u0131ndan. Senede 4 g\u00fcre\u015f yap\u0131l\u0131yor bunlardan 3\u2019\u00fcnde birinci oldum. en son elmal\u0131 kald\u0131 bunda da birinci olup sezonu tamamlamak istiyorum&#8221; dedi.<\/p>\n<p>\u00d6d\u00fclleri Bilal Erdo\u011fan ve Hamza Yerlikaya verdi<\/p>\n<p>Ba\u015fpehlivanl\u0131k g\u00fcre\u015fleri sonras\u0131 protokol \u00fcyeleri taraf\u0131ndan dereceye giren g\u00fcre\u015f\u00e7ilere \u00f6d\u00fclleri verildi. Ba\u015fpehlivan G\u00fcrb\u00fcz\u2019\u00fcn kupas\u0131n\u0131 Etnospor Konfederasyonu Ba\u015fkan\u0131 Bilal Erdo\u011fan verdi. Organizasyon sonras\u0131 Karesi Belediye Ba\u015fkan\u0131 Din\u00e7er Orkan, g\u00fcre\u015flere kat\u0131lan pehlivanlara, hakemlere, davetlilere ve g\u00fcre\u015f organizasyonunda yeralan belediye personeline te\u015fekk\u00fcr etti. Orkan, organizasyonda yer alan belediye personeli ile hat\u0131ra foto\u011fraf\u0131 \u00e7ektirdi. 72\u2019si ba\u015fpehlivan olmak \u00fczere bin 100 pehlivan\u0131n kol ba\u011flad\u0131\u011f\u0131 g\u00fcre\u015flere Bal\u0131kesir Valisi Ersin Yaz\u0131c\u0131, Etnospor Konfederasyonu Ba\u015fkan\u0131 Bilal Erdo\u011fan ve Asr\u0131n G\u00fcre\u015f\u00e7isi, Gen\u00e7lik ve Spor Bakan Yard\u0131mc\u0131s\u0131 Hamza Yerlikaya, AK Parti Genel Ba\u015fkan Yard\u0131mc\u0131s\u0131 Hamza Da\u011f, AK Parti Bal\u0131kesir Milletvekilleri Pakize Mutlu Aydemir, Adil \u00c7elik, Belgin Uygur, Mustafa Canbey, Yavuz Suba\u015f\u0131, CHP Bal\u0131kesir Milletvekili Fikret \u015eahin, Ahmet Ak\u0131n, Bal\u0131kesir B\u00fcy\u00fck\u015fehir Belediye Ba\u015fkan\u0131 ve Ya\u011fl\u0131 G\u00fcre\u015f D\u00fczenleyen Kentler Birli\u011fi Ba\u015fkan\u0131 Y\u00fccel Y\u0131lmaz, Edirne Belediye Ba\u015fkan\u0131 Recep G\u00fcrkan, Karesi Kaymakam\u0131 Abdulkadir Demir, Karesi Belediye Ba\u015fkan\u0131 Din\u00e7er Orkan, T\u00fcrkiye G\u00fcre\u015f Federasyonu Ba\u015fkan\u0131 Musa Ayd\u0131n, \u0130vrindi Belediye Ba\u015fkan\u0131 Yusuf Cengiz, Havran Belediye Ba\u015fkan\u0131 Emin Ersoy, Alt\u0131eyl\u00fcl Belediye Ba\u015fkan\u0131 Hasan Avc\u0131, Dursunbey Belediye Ba\u015fkan\u0131 Ramazan Bah\u00e7avan, Marmara Adalar Belediye Ba\u015fkan\u0131 S\u00fcleyman Aksoy, Kepsut Belediye Ba\u015fkan\u0131 \u0130smail Cankul, Ticaret Odas\u0131 Ba\u015fkan\u0131 Rahmi Kula, BESOB Ba\u015fkan\u0131 Fehmi Erdem, AK Parti \u0130l Ba\u015fkan\u0131 Ahmet Sa\u011flam, CHP \u0130l Ba\u015fkan\u0131 Serkan Sar\u0131, Bal\u0131kesirspor Ba\u015fkan\u0131 Kadir Da\u011fl\u0131, il m\u00fcd\u00fcrleri, ya\u011fl\u0131 g\u00fcre\u015f a\u011falar\u0131, efsane g\u00fcre\u015f\u00e7iler ve \u00e7ok say\u0131da protokol kat\u0131ld\u0131.<\/p>\n","protected":false},"excerpt":{"rendered":"<p>C\u0130HAN PEHL\u0130VANI KURTDEREL\u0130 MEHMET PEHL\u0130VAN ANISINA BALIKES\u0130R B\u00dcY\u00dcK\u015eEH\u0130R BELED\u0130YES\u0130 VE KARES\u0130 BELED\u0130YES\u0130 TARAFINDAN BU YIL 60.SI D\u00dcZENLENEN KURTDEREL\u0130 YA\u011eLI G\u00dcRE\u015eLER\u0130\u2019NDE BA\u015ePEHL\u0130VAN AL\u0130 G\u00dcRB\u00dcZ OLDU. ETNOSPOR KONFEDERASYONU BA\u015eKANI B\u0130LAL ERDO\u011eAN VE ASRIN G\u00dcRE\u015e\u00c7\u0130S\u0130 GEN\u00c7L\u0130K VE SPOR BAKAN YARDIMCISI HAMZA YERL\u0130KAYA, AK PART\u0130 GENEL BA\u015eKAN YARDIMCISI HAMZA DA\u011e\u2019DA KURTDERE\u2019DE F\u0130NAL KAR\u015eILA\u015eMASINI \u0130ZLED\u0130.<\/p>\n","protected":false},"author":1,"featured_media":190182,"comment_status":"closed","ping_status":"open","sticky":false,"template":"","format":"standard","meta":{"jetpack_post_was_ever_published":false,"_jetpack_newsletter_access":"","_jetpack_dont_email_post_to_subs":false,"_jetpack_newsletter_tier_id":0,"_jetpack_memberships_contains_paywalled_content":false,"_jetpack_memberships_contains_paid_content":false,"footnotes":"","jetpack_publicize_message":"","jetpack_publicize_feature_enabled":true,"jetpack_social_post_already_shared":true,"jetpack_social_options":{"image_generator_settings":{"template":"highway","default_image_id":0,"font":"","enabled":false},"version":2}},"categories":[657],"tags":[625,7196,7766,47015,2180],"class_list":["post-190181","post","type-post","status-publish","format-standard","has-post-thumbnail","hentry","category-spor","tag-ali","tag-damgasini","tag-gurbuz","tag-kurtdereye","tag-vurdu"],"jetpack_publicize_connections":[],"jetpack_featured_media_url":"https:\/\/i0.wp.com\/www.tvturk.com\/wp-content\/uploads\/2019\/08\/kurtdereye-ali-gurbuz-damgasini-vurdu_d4c6984.jpg?fit=1000%2C650","jetpack_sharing_enabled":true,"jetpack_shortlink":"https:\/\/wp.me\/paKIfm-Ntr","_links":{"self":[{"href":"http:\/\/www.tvturk.com\/index.php\/wp-json\/wp\/v2\/posts\/190181","targetHints":{"allow":["GET"]}}],"collection":[{"href":"http:\/\/www.tvturk.com\/index.php\/wp-json\/wp\/v2\/posts"}],"about":[{"href":"http:\/\/www.tvturk.com\/index.php\/wp-json\/wp\/v2\/types\/post"}],"author":[{"embeddable":true,"href":"http:\/\/www.tvturk.com\/index.php\/wp-json\/wp\/v2\/users\/1"}],"replies":[{"embeddable":true,"href":"http:\/\/www.tvturk.com\/index.php\/wp-json\/wp\/v2\/comments?post=190181"}],"version-history":[{"count":0,"href":"http:\/\/www.tvturk.com\/index.php\/wp-json\/wp\/v2\/posts\/190181\/revisions"}],"wp:featuredmedia":[{"embeddable":true,"href":"http:\/\/www.tvturk.com\/index.php\/wp-json\/wp\/v2\/media\/190182"}],"wp:attachment":[{"href":"http:\/\/www.tvturk.com\/index.php\/wp-json\/wp\/v2\/media?parent=190181"}],"wp:term":[{"taxonomy":"category","embeddable":true,"href":"http:\/\/www.tvturk.com\/index.php\/wp-json\/wp\/v2\/categories?post=190181"},{"taxonomy":"post_tag","embeddable":true,"href":"http:\/\/www.tvturk.com\/index.php\/wp-json\/wp\/v2\/tags?post=190181"}],"curies":[{"name":"wp","href":"https:\/\/api.w.org\/{rel}","templated":true}]}}