{"id":190217,"date":"2019-08-05T09:31:43","date_gmt":"2019-08-05T06:31:43","guid":{"rendered":"http:\/\/www.tvturk.com\/index.php\/tusas-lisesi-turkiyede-sivil-havacilik-akreditasyonlu-ucuncu-okul\/"},"modified":"2019-08-05T09:31:43","modified_gmt":"2019-08-05T06:31:43","slug":"tusas-lisesi-turkiyede-sivil-havacilik-akreditasyonlu-ucuncu-okul","status":"publish","type":"post","link":"http:\/\/www.tvturk.com\/index.php\/tusas-lisesi-turkiyede-sivil-havacilik-akreditasyonlu-ucuncu-okul\/","title":{"rendered":"TUSA\u015e Lisesi, T\u00fcrkiye\u2019de Sivil Havac\u0131l\u0131k akreditasyonlu \u00fc\u00e7\u00fcnc\u00fc okul"},"content":{"rendered":"<p>Ankara\u2019da bulunan TUSA\u015e \u015eehit Hakan G\u00fcl\u015fen Mesleki ve Teknik Lisesi, T\u00fcrkiye\u2019de \u0130stanbul ve Eski\u015fehir\u2019den sonra sivil havac\u0131l\u0131k akreditasyonu alan \u00fc\u00e7\u00fcnc\u00fc okul olmak i\u00e7in gerekli ba\u015fvurular\u0131 tamamlad\u0131.<\/p>\n<p>Ankara K\u0131z\u0131lcahamam\u2019da bulunan TUSA\u015e \u015eehit Hakan G\u00fcl\u015fen Mesleki ve Teknik Lisesi, T\u00fcrkiye\u2019de \u0130stanbul ve Eski\u015fehir\u2019den sonra sivil havac\u0131l\u0131k akreditasyonu alan \u00fc\u00e7\u00fcnc\u00fc okul olmak i\u00e7in gerekli ba\u015fvurular\u0131 tamamlad\u0131.<\/p>\n<p>T\u00fcrkiye\u2019nin en \u00f6nemli savunma sanayii projelerini y\u00fcr\u00fcten T\u00fcrk Havac\u0131l\u0131k ve Uzay Sanayii, anla\u015fma kapsam\u0131nda ad\u0131n\u0131 verdi\u011fi TUSA\u015e \u015eehit Hakan G\u00fcl\u015fen Mesleki ve Teknik Anadolu Lisesi i\u00e7in yat\u0131r\u0131mlar\u0131na devam ediyor. Anla\u015fma \u00e7er\u00e7evesinde ad\u0131n\u0131 verdi\u011fi TUSA\u015e \u015eehit Hakan G\u00fcl\u015fen Mesleki ve Teknik Anadolu Lisesi, T\u00fcrkiye\u2019de sivil havac\u0131l\u0131k akreditasyonu alan \u00fc\u00e7\u00fcnc\u00fc lise olacak. Lisede verilecek e\u011fitimler ile T\u00fcrkiye\u2019nin gelecek projelerinde g\u00f6rev alacak teknisyenler, u\u00e7ak bak\u0131m alanlar\u0131nda uygulama a\u011f\u0131rl\u0131kl\u0131 e\u011fitimler alacak. Ayr\u0131ca, savunma sanayiinin havac\u0131l\u0131k ve uzay sistemleri alanlar\u0131nda ihtiya\u00e7 duyulan nitelikli i\u015f g\u00fcc\u00fcn\u00fcn yeti\u015ftirilmesine katk\u0131da bulunacak.<\/p>\n<p>Belirlenen kontenjan\u0131n \u00e7ok \u00fczerinde ba\u015fvuru alan lise, \u00f6\u011frencilerine bir\u00e7ok teknik imkan sunuyor. Ge\u00e7ti\u011fimiz g\u00fcnlerde ger\u00e7ekle\u015fen i\u015f birli\u011fi \u00e7er\u00e7evesinde, mevcut olan \u201cU\u00e7ak Bak\u0131m Alan\u0131\u201dn\u0131n \u00f6\u011fretim program\u0131n\u0131 hava ve uzay ara\u00e7lar\u0131 \u00fcretim ve bak\u0131m\u0131 konular\u0131nda savunma sanayiinin ihtiya\u00e7lar\u0131na y\u00f6nelik olarak g\u00fcncellenecek ve \u201cHava ve Uzay Ara\u00e7lar\u0131 Teknolojisi\u201d ile \u201c\u00dcretim ve Bak\u0131m Dal\u0131\u201d a\u00e7\u0131lmas\u0131 konular\u0131na h\u0131z verilecek.<\/p>\n","protected":false},"excerpt":{"rendered":"<p>ANKARA&#8217;DA BULUNAN TUSA\u015e \u015eEH\u0130T HAKAN G\u00dcL\u015eEN MESLEK\u0130 VE TEKN\u0130K L\u0130SES\u0130, T\u00dcRK\u0130YE\u2019DE \u0130STANBUL VE ESK\u0130\u015eEH\u0130R\u2019DEN SONRA S\u0130V\u0130L HAVACILIK AKRED\u0130TASYONU ALAN \u00dc\u00c7\u00dcNC\u00dc OKUL OLMAK \u0130\u00c7\u0130N GEREKL\u0130 BA\u015eVURULARI TAMAMLADI.<\/p>\n","protected":false},"author":1,"featured_media":190218,"comment_status":"closed","ping_status":"open","sticky":false,"template":"","format":"standard","meta":{"jetpack_post_was_ever_published":false,"_jetpack_newsletter_access":"","_jetpack_dont_email_post_to_subs":false,"_jetpack_newsletter_tier_id":0,"_jetpack_memberships_contains_paywalled_content":false,"_jetpack_memberships_contains_paid_content":false,"footnotes":"","jetpack_publicize_message":"","jetpack_publicize_feature_enabled":true,"jetpack_social_post_already_shared":true,"jetpack_social_options":{"image_generator_settings":{"template":"highway","default_image_id":0,"font":"","enabled":false},"version":2}},"categories":[1],"tags":[7235,47520,3079,6787,120,2383,31600,8655],"class_list":["post-190217","post","type-post","status-publish","format-standard","has-post-thumbnail","hentry","category-genel","tag-sivil","tag-akreditasyonlu","tag-havacilik","tag-lisesi","tag-okul","tag-turkiyede","tag-tusas","tag-ucuncu"],"jetpack_publicize_connections":[],"jetpack_featured_media_url":"https:\/\/i0.wp.com\/www.tvturk.com\/wp-content\/uploads\/2019\/08\/tusas-lisesi-turkiyede-sivil-havacilik-akreditasyonlu-ucuncu-okul_6fae5ee.jpg?fit=1000%2C666","jetpack_sharing_enabled":true,"jetpack_shortlink":"https:\/\/wp.me\/paKIfm-Nu1","_links":{"self":[{"href":"http:\/\/www.tvturk.com\/index.php\/wp-json\/wp\/v2\/posts\/190217","targetHints":{"allow":["GET"]}}],"collection":[{"href":"http:\/\/www.tvturk.com\/index.php\/wp-json\/wp\/v2\/posts"}],"about":[{"href":"http:\/\/www.tvturk.com\/index.php\/wp-json\/wp\/v2\/types\/post"}],"author":[{"embeddable":true,"href":"http:\/\/www.tvturk.com\/index.php\/wp-json\/wp\/v2\/users\/1"}],"replies":[{"embeddable":true,"href":"http:\/\/www.tvturk.com\/index.php\/wp-json\/wp\/v2\/comments?post=190217"}],"version-history":[{"count":0,"href":"http:\/\/www.tvturk.com\/index.php\/wp-json\/wp\/v2\/posts\/190217\/revisions"}],"wp:featuredmedia":[{"embeddable":true,"href":"http:\/\/www.tvturk.com\/index.php\/wp-json\/wp\/v2\/media\/190218"}],"wp:attachment":[{"href":"http:\/\/www.tvturk.com\/index.php\/wp-json\/wp\/v2\/media?parent=190217"}],"wp:term":[{"taxonomy":"category","embeddable":true,"href":"http:\/\/www.tvturk.com\/index.php\/wp-json\/wp\/v2\/categories?post=190217"},{"taxonomy":"post_tag","embeddable":true,"href":"http:\/\/www.tvturk.com\/index.php\/wp-json\/wp\/v2\/tags?post=190217"}],"curies":[{"name":"wp","href":"https:\/\/api.w.org\/{rel}","templated":true}]}}