{"id":190239,"date":"2019-08-05T09:46:49","date_gmt":"2019-08-05T06:46:49","guid":{"rendered":"http:\/\/www.tvturk.com\/index.php\/polis-ekipleri-esra-bebek-icin-seferber-oldu\/"},"modified":"2019-08-05T09:46:49","modified_gmt":"2019-08-05T06:46:49","slug":"polis-ekipleri-esra-bebek-icin-seferber-oldu","status":"publish","type":"post","link":"http:\/\/www.tvturk.com\/index.php\/polis-ekipleri-esra-bebek-icin-seferber-oldu\/","title":{"rendered":"Polis ekipleri Esra bebek i\u00e7in seferber oldu"},"content":{"rendered":"<p>Van\u2019da do\u011fum esnas\u0131nda oksijensiz kalan ve hastanelerin yo\u011fun bak\u0131m \u00fcnitelerinde yer olmamas\u0131 \u00fczerine bebek Esra, polis helikopteriyle Batman\u2019a sevk edildi.<\/p>\n<p>Van\u2019da d\u00fcnyaya gelen Esra \u00c7okbilici isimli bebek, do\u011fum esnas\u0131nda oksijensiz kald\u0131. Van\u2019daki hastanelerin yo\u011fun bak\u0131m \u00fcnitelerinde yer olmamas\u0131 \u00fczerine en yak\u0131n il olarak Batman\u2019a sevkine karar verildi. Bunun \u00fczerine sabaha kar\u015f\u0131 saat 03.30 s\u0131ralar\u0131nda \u0130l Sa\u011fl\u0131k M\u00fcd\u00fcrl\u00fc\u011f\u00fc 112 Acil Servisi taraf\u0131ndan Van Emniyet M\u00fcd\u00fcrl\u00fc\u011f\u00fcnde helikopter deste\u011fi istenildi. Bebek Esra i\u00e7in harekete ge\u00e7en Havac\u0131l\u0131k \u015eube M\u00fcd\u00fcrl\u00fc\u011f\u00fc, sikorsky helikopterle sa\u011fl\u0131k ekibi refakatinde Batman iline sevk i\u015flemini k\u0131sa s\u00fcrede ger\u00e7ekle\u015ftirdi.<\/p>\n<p>Esra bebek i\u00e7in seferber olan Van Emniyet M\u00fcd\u00fcrl\u00fc\u011f\u00fc, aileye ge\u00e7mi\u015f olsun dileklerinde de bulundu.<\/p>\n","protected":false},"excerpt":{"rendered":"<p>VAN\u2019DA DO\u011eUM ESNASINDA OKS\u0130JENS\u0130Z KALAN ESRA BEBEK, POL\u0130S HEL\u0130KOPTER\u0130YLE BATMAN\u2019A SEVK ED\u0130LD\u0130.<\/p>\n","protected":false},"author":1,"featured_media":190240,"comment_status":"closed","ping_status":"open","sticky":false,"template":"","format":"standard","meta":{"jetpack_post_was_ever_published":false,"_jetpack_newsletter_access":"","_jetpack_dont_email_post_to_subs":false,"_jetpack_newsletter_tier_id":0,"_jetpack_memberships_contains_paywalled_content":false,"_jetpack_memberships_contains_paid_content":false,"footnotes":"","jetpack_publicize_message":"","jetpack_publicize_feature_enabled":true,"jetpack_social_post_already_shared":true,"jetpack_social_options":{"image_generator_settings":{"template":"highway","default_image_id":0,"font":"","enabled":false},"version":2}},"categories":[1],"tags":[2123,859,5569,44,77,996,3577],"class_list":["post-190239","post","type-post","status-publish","format-standard","has-post-thumbnail","hentry","category-genel","tag-bebek","tag-ekipleri","tag-esra","tag-icin","tag-oldu","tag-polis","tag-seferber"],"jetpack_publicize_connections":[],"jetpack_featured_media_url":"https:\/\/i0.wp.com\/www.tvturk.com\/wp-content\/uploads\/2019\/08\/polis-ekipleri-esra-bebek-icin-seferber-oldu_6969d52.jpg?fit=1000%2C750","jetpack_sharing_enabled":true,"jetpack_shortlink":"https:\/\/wp.me\/paKIfm-Nun","_links":{"self":[{"href":"http:\/\/www.tvturk.com\/index.php\/wp-json\/wp\/v2\/posts\/190239","targetHints":{"allow":["GET"]}}],"collection":[{"href":"http:\/\/www.tvturk.com\/index.php\/wp-json\/wp\/v2\/posts"}],"about":[{"href":"http:\/\/www.tvturk.com\/index.php\/wp-json\/wp\/v2\/types\/post"}],"author":[{"embeddable":true,"href":"http:\/\/www.tvturk.com\/index.php\/wp-json\/wp\/v2\/users\/1"}],"replies":[{"embeddable":true,"href":"http:\/\/www.tvturk.com\/index.php\/wp-json\/wp\/v2\/comments?post=190239"}],"version-history":[{"count":0,"href":"http:\/\/www.tvturk.com\/index.php\/wp-json\/wp\/v2\/posts\/190239\/revisions"}],"wp:featuredmedia":[{"embeddable":true,"href":"http:\/\/www.tvturk.com\/index.php\/wp-json\/wp\/v2\/media\/190240"}],"wp:attachment":[{"href":"http:\/\/www.tvturk.com\/index.php\/wp-json\/wp\/v2\/media?parent=190239"}],"wp:term":[{"taxonomy":"category","embeddable":true,"href":"http:\/\/www.tvturk.com\/index.php\/wp-json\/wp\/v2\/categories?post=190239"},{"taxonomy":"post_tag","embeddable":true,"href":"http:\/\/www.tvturk.com\/index.php\/wp-json\/wp\/v2\/tags?post=190239"}],"curies":[{"name":"wp","href":"https:\/\/api.w.org\/{rel}","templated":true}]}}