{"id":190241,"date":"2019-08-05T10:01:43","date_gmt":"2019-08-05T07:01:43","guid":{"rendered":"http:\/\/www.tvturk.com\/index.php\/kizilayin-en-buyuk-yaya-bolgesi-olarak-bilinen-sakarya-caddesinde-kaldirim-bakim-ve-onarim-calismalari-tum-hiziyla-devam-ediyor\/"},"modified":"2019-08-05T10:01:43","modified_gmt":"2019-08-05T07:01:43","slug":"kizilayin-en-buyuk-yaya-bolgesi-olarak-bilinen-sakarya-caddesinde-kaldirim-bakim-ve-onarim-calismalari-tum-hiziyla-devam-ediyor","status":"publish","type":"post","link":"http:\/\/www.tvturk.com\/index.php\/kizilayin-en-buyuk-yaya-bolgesi-olarak-bilinen-sakarya-caddesinde-kaldirim-bakim-ve-onarim-calismalari-tum-hiziyla-devam-ediyor\/","title":{"rendered":"K\u0131z\u0131lay\u2019\u0131n en b\u00fcy\u00fck yaya b\u00f6lgesi olarak bilinen Sakarya caddesi\u2019nde kald\u0131r\u0131m, bak\u0131m ve onar\u0131m \u00e7al\u0131\u015fmalar\u0131 t\u00fcm h\u0131z\u0131yla devam ediyor"},"content":{"rendered":"<p>Ankara B\u00fcy\u00fck\u015fehir Belediyesi Ba\u015fkent\u2019in \u00e7ehresini de\u011fi\u015ftirmek i\u00e7in \u00e7al\u0131\u015fmalar\u0131na aral\u0131ks\u0131z devam ediyor.<\/p>\n<p>K\u0131z\u0131lay\u2019\u0131n en i\u015flek yaya b\u00f6lgelerinden biri olan Sakarya Caddesi\u2019nde ba\u015flat\u0131lan yenileme \u00e7al\u0131\u015fmalar\u0131, B\u00fcy\u00fck\u015fehir Belediyesi ve \u00c7ankaya Belediyesi i\u015f birli\u011finde y\u00fcr\u00fct\u00fcl\u00fcyor.<\/p>\n<p>\u0130lk etap \u00e7al\u0131\u015fmalar\u0131 tamamland\u0131<\/p>\n<p>\u00c7ankaya Belediyesi ile K\u0131z\u0131lay\u2019\u0131n ara\u00e7 trafi\u011fine kapal\u0131 caddesinde yo\u011fun bir \u00e7al\u0131\u015fma program\u0131 ger\u00e7ekle\u015ftiren B\u00fcy\u00fck\u015fehir Belediyesi Fen \u0130\u015fleri Daire Ba\u015fkanl\u0131\u011f\u0131 Kald\u0131r\u0131m Yap\u0131m ve Bak\u0131m Onar\u0131m \u015eube M\u00fcd\u00fcrl\u00fc\u011f\u00fc ekipleri, yenileme \u00e7al\u0131\u015fmalar\u0131n\u0131n 1. etab\u0131n\u0131 tamamlad\u0131.<\/p>\n<p>Granit kald\u0131r\u0131m d\u00f6\u015femesi ve peyzaj \u00e7al\u0131\u015fmalar\u0131n\u0131n tamamland\u0131\u011f\u0131 1. etap yaya kullan\u0131ma a\u00e7\u0131l\u0131rken, Sakarya Caddesi yeni g\u00f6r\u00fcnt\u00fcs\u00fcyle Ba\u015fkentlilerden de tam not ald\u0131. Sakarya Caddesi\u2019nin 2. etab\u0131nda ise kald\u0131r\u0131m, bak\u0131m ve onar\u0131m \u00e7al\u0131\u015fmalar\u0131 k\u0131sa s\u00fcrede ba\u015flayacak.<\/p>\n","protected":false},"excerpt":{"rendered":"<p>ANKARA B\u00dcY\u00dcK\u015eEH\u0130R BELED\u0130YES\u0130 BA\u015eKENT\u2019\u0130N \u00c7EHRES\u0130N\u0130 DE\u011e\u0130\u015eT\u0130RMEK \u0130\u00c7\u0130N \u00c7ALI\u015eMALARINA ARALIKSIZ DEVAM ED\u0130YOR.<\/p>\n","protected":false},"author":1,"featured_media":190242,"comment_status":"closed","ping_status":"open","sticky":false,"template":"","format":"standard","meta":{"jetpack_post_was_ever_published":false,"_jetpack_newsletter_access":"","_jetpack_dont_email_post_to_subs":false,"_jetpack_newsletter_tier_id":0,"_jetpack_memberships_contains_paywalled_content":false,"_jetpack_memberships_contains_paid_content":false,"footnotes":"","jetpack_publicize_message":"","jetpack_publicize_feature_enabled":true,"jetpack_social_post_already_shared":true,"jetpack_social_options":{"image_generator_settings":{"template":"highway","default_image_id":0,"font":"","enabled":false},"version":2}},"categories":[1],"tags":[2270,8112,10633,545,4162,310,522,523,1326,6439,4438,5030,13356,3987,1325,1279],"class_list":["post-190241","post","type-post","status-publish","format-standard","has-post-thumbnail","hentry","category-genel","tag-bakim","tag-bilinen","tag-bolgesi","tag-buyuk","tag-caddesinde","tag-calismalari","tag-devam","tag-ediyor","tag-hiziyla","tag-kaldirim","tag-kizilayin","tag-olarak","tag-onarim","tag-sakarya","tag-tum","tag-yaya"],"jetpack_publicize_connections":[],"jetpack_featured_media_url":"https:\/\/i0.wp.com\/www.tvturk.com\/wp-content\/uploads\/2019\/08\/kizilayin-en-buyuk-yaya-bolgesi-olarak-bilinen-sakarya-caddesinde-kaldirim-bakim-ve-onarim-calismalari-tum-hiziyla-devam-ediyor_6d850c8.jpg?fit=1000%2C666","jetpack_sharing_enabled":true,"jetpack_shortlink":"https:\/\/wp.me\/paKIfm-Nup","_links":{"self":[{"href":"http:\/\/www.tvturk.com\/index.php\/wp-json\/wp\/v2\/posts\/190241","targetHints":{"allow":["GET"]}}],"collection":[{"href":"http:\/\/www.tvturk.com\/index.php\/wp-json\/wp\/v2\/posts"}],"about":[{"href":"http:\/\/www.tvturk.com\/index.php\/wp-json\/wp\/v2\/types\/post"}],"author":[{"embeddable":true,"href":"http:\/\/www.tvturk.com\/index.php\/wp-json\/wp\/v2\/users\/1"}],"replies":[{"embeddable":true,"href":"http:\/\/www.tvturk.com\/index.php\/wp-json\/wp\/v2\/comments?post=190241"}],"version-history":[{"count":0,"href":"http:\/\/www.tvturk.com\/index.php\/wp-json\/wp\/v2\/posts\/190241\/revisions"}],"wp:featuredmedia":[{"embeddable":true,"href":"http:\/\/www.tvturk.com\/index.php\/wp-json\/wp\/v2\/media\/190242"}],"wp:attachment":[{"href":"http:\/\/www.tvturk.com\/index.php\/wp-json\/wp\/v2\/media?parent=190241"}],"wp:term":[{"taxonomy":"category","embeddable":true,"href":"http:\/\/www.tvturk.com\/index.php\/wp-json\/wp\/v2\/categories?post=190241"},{"taxonomy":"post_tag","embeddable":true,"href":"http:\/\/www.tvturk.com\/index.php\/wp-json\/wp\/v2\/tags?post=190241"}],"curies":[{"name":"wp","href":"https:\/\/api.w.org\/{rel}","templated":true}]}}