{"id":190275,"date":"2019-08-05T11:02:00","date_gmt":"2019-08-05T08:02:00","guid":{"rendered":"http:\/\/www.tvturk.com\/index.php\/ozel-cocuklariyla-hic-goz-goze-gelmeyince-otizm-oldugunu-ogrendiler\/"},"modified":"2019-08-05T11:02:00","modified_gmt":"2019-08-05T08:02:00","slug":"ozel-cocuklariyla-hic-goz-goze-gelmeyince-otizm-oldugunu-ogrendiler","status":"publish","type":"post","link":"http:\/\/www.tvturk.com\/index.php\/ozel-cocuklariyla-hic-goz-goze-gelmeyince-otizm-oldugunu-ogrendiler\/","title":{"rendered":"(\u00d6zel) \u00c7ocuklar\u0131yla hi\u00e7 g\u00f6z g\u00f6ze gelmeyince otizm oldu\u011funu \u00f6\u011frendiler"},"content":{"rendered":"<p>\u0130stanbul\u2019da 2 bu\u00e7uk ya\u015f\u0131ndayken annesi ve babas\u0131 ile g\u00f6z konta\u011f\u0131 kurmayan Ka\u011fan\u2019da tespit edilen otizm, yo\u011fun bir e\u011fitimle yenildi. 4 ya\u015f\u0131na gelen o\u011flu ile g\u00f6z g\u00f6ze gelmenin mutlulu\u011funu anlatan anne Baykan, \u201cBunu tarif edemem, \u00e7ok g\u00fczel bir \u015fey\u201d dedi.<\/p>\n<p>\u0130stanbul\u2019un Kartal il\u00e7esinde ya\u015fayan Zeynep ve O\u011fuz Baykan \u00e7iftinin d\u00fcnyaya gelen o\u011fullar\u0131 Ka\u011fan, 2 bu\u00e7uk ya\u015f\u0131na geldi\u011finde ya\u015f\u0131tlar\u0131n\u0131n aksine \u00e7evresindekilerle ileti\u015fim kuramay\u0131p, \u00e7e\u015fitli davran\u0131\u015f bozukluklar\u0131 sergilemeye ba\u015flad\u0131. Ka\u011fan\u2019\u0131n s\u00f6ylenenlere tepki vermemesi, g\u00f6z konta\u011f\u0131 kurmamas\u0131 ve s\u00fcrekli ayn\u0131 kelimeleri tekrarlamas\u0131n\u0131n normal olmad\u0131\u011f\u0131n\u0131 fark den Baykan \u00e7ifti, hemen hastanenin yolunu tuttu. Hastanede yap\u0131lan kontrollerde doktorlar, Ka\u011fan\u2019da otizm belirtilerinin oldu\u011funu s\u00f6yledi. Durum kar\u015f\u0131s\u0131nda b\u00fcy\u00fck h\u00fcz\u00fcn ya\u015fayan Baykan \u00e7ifti, umudunu yitirmeyerek, Ka\u011fan\u2019\u0131n geli\u015fimi i\u00e7in e\u011fitime ba\u015flad\u0131. 4 ya\u015f\u0131na gelmesine ra\u011fmen Ka\u011fan\u2019\u0131n geli\u015fim g\u00f6steremedi\u011fini g\u00f6ren \u00e7ift, o\u011fullar\u0131 i\u00e7in ara\u015ft\u0131rma yapmaya ba\u015flad\u0131.<\/p>\n<p>\u00d6zel e\u011fitim rehabilitasyon merkezi umut \u0131\u015f\u0131\u011f\u0131 oldu<\/p>\n<p>\u00c7ift yapt\u0131klar\u0131 ara\u015ft\u0131rma sonucunda Kocaeli\u2019nin Ba\u015fiskele il\u00e7esinde bulunan Atlantis \u00d6zel E\u011fitim ve Rehabilitasyon Merkezi\u2019nde ald\u0131klar\u0131 bir\u00e7ok \u00e7ocu\u011fun otizmi yendi\u011fini g\u00f6rd\u00fc. \u00c7ift, o\u011fullar\u0131n\u0131n e\u011fitimi i\u00e7in Kocaeli\u2019ye gelerek, Ka\u011fan\u2019\u0131n kurumda e\u011fitimine ba\u015flad\u0131. E\u011fitim merkezinde bireysel, atla terapi, duyu b\u00fct\u00fcnleme ve benzeri y\u00f6ntemlerin bulundu\u011fu yo\u011fun bir e\u011fitim s\u00fcrecinden ge\u00e7en Ka\u011fan 4 ayda konu\u015fmaya, \u00e7evresindekilerle ileti\u015fim kurup g\u00f6z konta\u011f\u0131 kurmaya ba\u015flad\u0131. \u00c7ocuklar\u0131n\u0131n k\u0131sa bir s\u00fcrede di\u011fer \u00e7ocuklar\u0131n seviyesine ula\u015ft\u0131\u011f\u0131n\u0131 g\u00f6ren  Baykan \u00e7ifti, b\u00fcy\u00fck mutluluk ya\u015fad\u0131.<\/p>\n<p>\u201cAile ve bizler gelmi\u015f oldu\u011fumuz bu noktadan mutluluk duymaktay\u0131z\u201d<\/p>\n<p>Ka\u011fan\u2019\u0131n ald\u0131\u011f\u0131 e\u011fitim ve sa\u011fl\u0131k durumun hakk\u0131nda bilgiler aktaran \u00c7ocuk Geli\u015fimi ve E\u011fitimcisi M\u00fc\u015ferref Demir, \u201cKa\u011fan 4 ya\u015f\u0131nda otizm belirtileri ve psikiyatristin y\u00f6nlendirmesi ile kurumumuza geldi. Burada k\u0131sa s\u00fcre i\u00e7erisinde e\u011fitim s\u00fcrecine ba\u015flan\u0131ld\u0131. Yap\u0131lan planlamalar do\u011frultusunda yo\u011fun bir e\u011fitim s\u00fcrecine ba\u015flan\u0131ld\u0131. Bu s\u00fcre\u00e7te bireysel e\u011fitim, atl\u0131 rehabilitasyon, duyu b\u00fct\u00fcnleme oyun terapisi gibi y\u00f6ntemler kullan\u0131ld\u0131. Ka\u011fan \u00e7ok motivasyonlu ve mutlu bir \u015fekilde kurumumuza gelmekte. Bu motivasyonu sunmu\u015f oldu\u011fumuz do\u011fal \u00e7evre, mini hayvanat bah\u00e7esi ve \u00e7ocuklar i\u00e7in ayr\u0131lan oyun alanlar\u0131 ile sa\u011flamaktay\u0131z. Ka\u011fan \u015fu anda ailesi ile sohbet edebilmekte, isteklerini bildirebilmekte, sorulan sorulara cevap verebilmekte, ileti\u015fimi ba\u015flat\u0131p sonland\u0131rabilmekte. Aile ve bizler gelmi\u015f oldu\u011fumuz bu noktadan mutluluk duymaktay\u0131z\u201d dedi.<\/p>\n<p>\u201cBunu tarif edemem, \u00e7ok g\u00fczel bir \u015fey\u201d<\/p>\n<p>O\u011flunun sa\u011fl\u0131\u011f\u0131na kavu\u015fmas\u0131 sonras\u0131nda b\u00fcy\u00fck mutluluk ya\u015fad\u0131\u011f\u0131n\u0131 s\u00f6yleyen anne Zeynep Baykan, zorlu bir s\u00fcre\u00e7 ya\u015fad\u0131klar\u0131n\u0131 kaydederek, \u201cKa\u011fan 4 ya\u015f\u0131nda. 2 bu\u00e7uk ya\u015f\u0131ndayken, Ka\u011fan\u2019\u0131n ismine cevap vermedi\u011fi, ileti\u015fim kuramad\u0131\u011f\u0131, g\u00f6z konta\u011f\u0131 kuramad\u0131\u011f\u0131n\u0131 fark ettik. Bunun \u00fczerine hemen Ka\u011fan\u2019\u0131 doktora g\u00f6t\u00fcrd\u00fck. Ka\u011fan\u2019da otizm olabilece\u011fini s\u00f6ylediler. Biz daha sonra e\u011fitimlere ba\u015flad\u0131k. Daha sonra da burada e\u011fitime ba\u015flad\u0131k. \u015eimdi iyi bir \u015fekilde ilerliyoruz. \u00c7ok iyi ilerlemeleri var. 4 ayd\u0131r e\u011fitimlerimize devam ediyoruz. Biz kaydetti\u011fimiz bu ilerlemeden memnunuz. Ba\u015fka anne ve babalara da \u00e7ocuklar\u0131ndan anormal bir \u015fey oldu\u011funu fark ettiklerinde hemen e\u011fitime ba\u015flamalar\u0131n\u0131 \u00f6neriyorum. \u015eu an Ka\u011fan sorulan her \u015feye cevap verebiliyor, g\u00f6z konta\u011f\u0131 kurabiliyoruz, sohbet edebiliyoruz, isteklerimizi dile getirebiliyoruz. Her konuda iyi bir geli\u015fme kaydediyoruz. Bekledi\u011fimiz her \u015feyi ald\u0131k. Bunu tarif edemem. \u00c7ok g\u00fczel bir \u015fey. \u00c7ocu\u011fumla konu\u015fabilmek, onunla sohbet edebilmek, isteklerini bilmem g\u00fczel bir \u015fey. Bunu tarif etmek biraz zor\u201d diye konu\u015ftu.<\/p>\n","protected":false},"excerpt":{"rendered":"<p>ZEYNEP VE O\u011eUZ BAYKAN \u00c7\u0130FT\u0130 \u015e\u0130MD\u0130 \u00c7OK MUTLU<\/p>\n","protected":false},"author":1,"featured_media":190276,"comment_status":"closed","ping_status":"open","sticky":false,"template":"","format":"standard","meta":{"jetpack_post_was_ever_published":false,"_jetpack_newsletter_access":"","_jetpack_dont_email_post_to_subs":false,"_jetpack_newsletter_tier_id":0,"_jetpack_memberships_contains_paywalled_content":false,"_jetpack_memberships_contains_paid_content":false,"footnotes":"","jetpack_publicize_message":"","jetpack_publicize_feature_enabled":true,"jetpack_social_post_already_shared":true,"jetpack_social_options":{"image_generator_settings":{"template":"highway","default_image_id":0,"font":"","enabled":false},"version":2}},"categories":[1],"tags":[1073,25852,45299,1126,25772,5586,1740,18761,4751],"class_list":["post-190275","post","type-post","status-publish","format-standard","has-post-thumbnail","hentry","category-genel","tag-ozel","tag-cocuklariyla","tag-gelmeyince","tag-goz","tag-goze","tag-hic","tag-ogrendiler","tag-oldugunu","tag-otizm"],"jetpack_publicize_connections":[],"jetpack_featured_media_url":"https:\/\/i0.wp.com\/www.tvturk.com\/wp-content\/uploads\/2019\/08\/ozel-cocuklariyla-hic-goz-goze-gelmeyince-otizm-oldugunu-ogrendiler_a7ab84f.jpg?fit=1000%2C666","jetpack_sharing_enabled":true,"jetpack_shortlink":"https:\/\/wp.me\/paKIfm-NuX","_links":{"self":[{"href":"http:\/\/www.tvturk.com\/index.php\/wp-json\/wp\/v2\/posts\/190275","targetHints":{"allow":["GET"]}}],"collection":[{"href":"http:\/\/www.tvturk.com\/index.php\/wp-json\/wp\/v2\/posts"}],"about":[{"href":"http:\/\/www.tvturk.com\/index.php\/wp-json\/wp\/v2\/types\/post"}],"author":[{"embeddable":true,"href":"http:\/\/www.tvturk.com\/index.php\/wp-json\/wp\/v2\/users\/1"}],"replies":[{"embeddable":true,"href":"http:\/\/www.tvturk.com\/index.php\/wp-json\/wp\/v2\/comments?post=190275"}],"version-history":[{"count":0,"href":"http:\/\/www.tvturk.com\/index.php\/wp-json\/wp\/v2\/posts\/190275\/revisions"}],"wp:featuredmedia":[{"embeddable":true,"href":"http:\/\/www.tvturk.com\/index.php\/wp-json\/wp\/v2\/media\/190276"}],"wp:attachment":[{"href":"http:\/\/www.tvturk.com\/index.php\/wp-json\/wp\/v2\/media?parent=190275"}],"wp:term":[{"taxonomy":"category","embeddable":true,"href":"http:\/\/www.tvturk.com\/index.php\/wp-json\/wp\/v2\/categories?post=190275"},{"taxonomy":"post_tag","embeddable":true,"href":"http:\/\/www.tvturk.com\/index.php\/wp-json\/wp\/v2\/tags?post=190275"}],"curies":[{"name":"wp","href":"https:\/\/api.w.org\/{rel}","templated":true}]}}