{"id":190291,"date":"2019-08-05T11:17:19","date_gmt":"2019-08-05T08:17:19","guid":{"rendered":"http:\/\/www.tvturk.com\/index.php\/bayram-icin-cocuklara-ozel-etkinlikler\/"},"modified":"2019-08-05T11:17:19","modified_gmt":"2019-08-05T08:17:19","slug":"bayram-icin-cocuklara-ozel-etkinlikler","status":"publish","type":"post","link":"http:\/\/www.tvturk.com\/index.php\/bayram-icin-cocuklara-ozel-etkinlikler\/","title":{"rendered":"Bayram i\u00e7in \u00e7ocuklara \u00f6zel etkinlikler"},"content":{"rendered":"<p>Kurban Bayram\u0131\u2019na \u00f6zel haz\u0131rlanan i\u00e7erikler minik ziyaret\u00e7ilerini bekliyor.<\/p>\n<p>\u0130stanbul\u2019da Kurban Bayram\u0131 i\u00e7in \u00e7ocuklara \u00f6zel aktiviteler d\u00fczenlencek. Bayram\u0131n birinci g\u00fcn\u00fc saat 13.00-20.00, di\u011fer g\u00fcnler ise 10.00-20.00 saatleri aras\u0131nda minikleri a\u011f\u0131rlayacak olan KidZania; keyifli bir bayram tatili vadediyor. Minikler, \u015eefler Akademisi\u2019nde ikram kurabiyeler ve El Sanatlar\u0131 At\u00f6lyesi\u2019nde sevdikleri i\u00e7in rengarenk bayram kartlar\u0131 haz\u0131rlayacak.<\/p>\n","protected":false},"excerpt":{"rendered":"<p>BAYRAM \u0130\u00c7\u0130N \u00c7OCUKLARA \u00d6ZEL ETK\u0130NL\u0130KLER<\/p>\n","protected":false},"author":1,"featured_media":190292,"comment_status":"closed","ping_status":"open","sticky":false,"template":"","format":"standard","meta":{"jetpack_post_was_ever_published":false,"_jetpack_newsletter_access":"","_jetpack_dont_email_post_to_subs":false,"_jetpack_newsletter_tier_id":0,"_jetpack_memberships_contains_paywalled_content":false,"_jetpack_memberships_contains_paid_content":false,"footnotes":"","jetpack_publicize_message":"","jetpack_publicize_feature_enabled":true,"jetpack_social_post_already_shared":true,"jetpack_social_options":{"image_generator_settings":{"template":"highway","default_image_id":0,"font":"","enabled":false},"version":2}},"categories":[656],"tags":[1073,23995,353,2201,44],"class_list":["post-190291","post","type-post","status-publish","format-standard","has-post-thumbnail","hentry","category-kultur-sanat","tag-ozel","tag-bayram","tag-cocuklara","tag-etkinlikler","tag-icin"],"jetpack_publicize_connections":[],"jetpack_featured_media_url":"https:\/\/i0.wp.com\/www.tvturk.com\/wp-content\/uploads\/2019\/08\/bayram-icin-cocuklara-ozel-etkinlikler_e04d92a.jpg?fit=667%2C1000","jetpack_sharing_enabled":true,"jetpack_shortlink":"https:\/\/wp.me\/paKIfm-Nvd","_links":{"self":[{"href":"http:\/\/www.tvturk.com\/index.php\/wp-json\/wp\/v2\/posts\/190291","targetHints":{"allow":["GET"]}}],"collection":[{"href":"http:\/\/www.tvturk.com\/index.php\/wp-json\/wp\/v2\/posts"}],"about":[{"href":"http:\/\/www.tvturk.com\/index.php\/wp-json\/wp\/v2\/types\/post"}],"author":[{"embeddable":true,"href":"http:\/\/www.tvturk.com\/index.php\/wp-json\/wp\/v2\/users\/1"}],"replies":[{"embeddable":true,"href":"http:\/\/www.tvturk.com\/index.php\/wp-json\/wp\/v2\/comments?post=190291"}],"version-history":[{"count":0,"href":"http:\/\/www.tvturk.com\/index.php\/wp-json\/wp\/v2\/posts\/190291\/revisions"}],"wp:featuredmedia":[{"embeddable":true,"href":"http:\/\/www.tvturk.com\/index.php\/wp-json\/wp\/v2\/media\/190292"}],"wp:attachment":[{"href":"http:\/\/www.tvturk.com\/index.php\/wp-json\/wp\/v2\/media?parent=190291"}],"wp:term":[{"taxonomy":"category","embeddable":true,"href":"http:\/\/www.tvturk.com\/index.php\/wp-json\/wp\/v2\/categories?post=190291"},{"taxonomy":"post_tag","embeddable":true,"href":"http:\/\/www.tvturk.com\/index.php\/wp-json\/wp\/v2\/tags?post=190291"}],"curies":[{"name":"wp","href":"https:\/\/api.w.org\/{rel}","templated":true}]}}