{"id":190313,"date":"2019-08-05T11:46:47","date_gmt":"2019-08-05T08:46:47","guid":{"rendered":"http:\/\/www.tvturk.com\/index.php\/tek-dertleri-engelli-cocuguna-is-bulmak\/"},"modified":"2019-08-05T11:46:47","modified_gmt":"2019-08-05T08:46:47","slug":"tek-dertleri-engelli-cocuguna-is-bulmak","status":"publish","type":"post","link":"http:\/\/www.tvturk.com\/index.php\/tek-dertleri-engelli-cocuguna-is-bulmak\/","title":{"rendered":"Tek dertleri engelli \u00e7ocu\u011funa i\u015f bulmak"},"content":{"rendered":"<p>Kayseri\u2019de ya\u015fayan Erol ailesi, y\u00fczde 57 zihinsel engelli \u00e7ocu\u011funa i\u015f bulamad\u0131klar\u0131n\u0131 s\u00f6yleyerek, o\u011flunun  ihtiya\u00e7lar\u0131n\u0131 gidermek i\u00e7in yetkililerden \u00e7ocu\u011fu i\u00e7in i\u015f istiyor.<\/p>\n<p>Kayseri\u2019de 23 ya\u015f\u0131ndaki y\u00fczde 57 zihinsel engelli olan Fatih Erol, birka\u00e7 yerde i\u015f buldu ama engelinden dolay\u0131 \u00e7al\u0131\u015famad\u0131. Fatih Erol\u2019un ailesi, maddi imkanlardan dolay\u0131 ihtiya\u00e7lar\u0131n\u0131 kar\u015f\u0131lamakta zorluk ge\u00e7ti\u011fi o\u011fullar\u0131na bir i\u015f bularak ge\u00e7imini kendisinin sa\u011flamas\u0131n\u0131 istiyor.<\/p>\n<p>Baba Ahmet Erol, \u201c\u00c7ocu\u011fum y\u00fczde 57 raporlu zihinsel engelli ve psikolojik hastad\u0131r. Bu \u00e7ocu\u011fumu \u0130\u015eKUR\u2019a yazd\u0131rd\u0131k. Oradan \u00e7al\u0131\u015fmak i\u00e7in bir yere g\u00f6nderdiler ama sadece 1 g\u00fcn \u00e7al\u0131\u015ft\u0131r\u0131p \u2018Gelme\u2019 dediler. Bizi sosyal yard\u0131mla\u015fma kurumuna g\u00f6nderiyor. Ben yard\u0131m istemiyorum, \u00e7ocu\u011fuma ya bir i\u015f istiyorum ya da engelinden dolay\u0131 emeklilik istiyorum. Ben bug\u00fcn varsam yar\u0131n yokum. \u00c7ocu\u011fumun sonu ne olacak onu d\u00fc\u015f\u00fcn\u00fcyorum. Yetkililerden de bir cevap alam\u0131yorum\u201d dedi.<\/p>\n<p>Anne Nerim Erol da, \u201cBen \u00e7ocu\u011fumun engelli olmas\u0131ndan hi\u00e7 gocunmuyorum. Cumhurba\u015fkan\u0131m\u0131za sesimi duyurmak istiyorum. \u00c7ocu\u011fuma ya bir i\u015f istiyorum ya da engelli maa\u015f\u0131 istiyorum. Ben \u00e7ocu\u011fumu yenemiyorum. Babas\u0131yla yeri geliyor anla\u015f\u0131yor, yeri geliyor anla\u015fam\u0131yor. \u00c7ocu\u011fumuzun masraflar\u0131n\u0131 da kar\u015f\u0131lamakta zorlan\u0131yorum. D\u00fc\u011f\u00fcn yapt\u0131\u011f\u0131m\u0131z i\u00e7in bor\u00e7lar\u0131m\u0131z var. Bu \u00e7ocu\u011fumun da ayl\u0131k gideri bin 200 TL\u2019yi buluyor. Olmad\u0131\u011f\u0131nda da yoktan anlam\u0131yor&#8221; ifadelerini kulland\u0131.<\/p>\n","protected":false},"excerpt":{"rendered":"<p>KAYSER\u0130&#8217;DE YA\u015eAYAN EROL A\u0130LES\u0130, Y\u00dcZDE 57 Z\u0130H\u0130NSEL ENGELL\u0130 \u00c7OCUKLARINA \u0130\u015e BULAMADIKLARINI S\u00d6YLEYEREK, \u00c7OCUKLARININ \u0130HT\u0130YA\u00c7LARINI G\u0130DERMEK \u0130\u00c7\u0130N YETK\u0130L\u0130LERDEN \u00c7OCUKLARI \u0130\u015e \u0130ST\u0130YOR.<\/p>\n","protected":false},"author":1,"featured_media":190314,"comment_status":"closed","ping_status":"open","sticky":false,"template":"","format":"standard","meta":{"jetpack_post_was_ever_published":false,"_jetpack_newsletter_access":"","_jetpack_dont_email_post_to_subs":false,"_jetpack_newsletter_tier_id":0,"_jetpack_memberships_contains_paywalled_content":false,"_jetpack_memberships_contains_paid_content":false,"footnotes":"","jetpack_publicize_message":"","jetpack_publicize_feature_enabled":true,"jetpack_social_post_already_shared":true,"jetpack_social_options":{"image_generator_settings":{"template":"highway","default_image_id":0,"font":"","enabled":false},"version":2}},"categories":[1],"tags":[23838,31369,16956,1784,432,366],"class_list":["post-190313","post","type-post","status-publish","format-standard","has-post-thumbnail","hentry","category-genel","tag-dertleri","tag-bulmak","tag-cocuguna","tag-engelli","tag-is","tag-tek"],"jetpack_publicize_connections":[],"jetpack_featured_media_url":"https:\/\/i0.wp.com\/www.tvturk.com\/wp-content\/uploads\/2019\/08\/tek-dertleri-engelli-cocuguna-is-bulmak_f41544a.jpg?fit=1000%2C666","jetpack_sharing_enabled":true,"jetpack_shortlink":"https:\/\/wp.me\/paKIfm-Nvz","_links":{"self":[{"href":"http:\/\/www.tvturk.com\/index.php\/wp-json\/wp\/v2\/posts\/190313","targetHints":{"allow":["GET"]}}],"collection":[{"href":"http:\/\/www.tvturk.com\/index.php\/wp-json\/wp\/v2\/posts"}],"about":[{"href":"http:\/\/www.tvturk.com\/index.php\/wp-json\/wp\/v2\/types\/post"}],"author":[{"embeddable":true,"href":"http:\/\/www.tvturk.com\/index.php\/wp-json\/wp\/v2\/users\/1"}],"replies":[{"embeddable":true,"href":"http:\/\/www.tvturk.com\/index.php\/wp-json\/wp\/v2\/comments?post=190313"}],"version-history":[{"count":0,"href":"http:\/\/www.tvturk.com\/index.php\/wp-json\/wp\/v2\/posts\/190313\/revisions"}],"wp:featuredmedia":[{"embeddable":true,"href":"http:\/\/www.tvturk.com\/index.php\/wp-json\/wp\/v2\/media\/190314"}],"wp:attachment":[{"href":"http:\/\/www.tvturk.com\/index.php\/wp-json\/wp\/v2\/media?parent=190313"}],"wp:term":[{"taxonomy":"category","embeddable":true,"href":"http:\/\/www.tvturk.com\/index.php\/wp-json\/wp\/v2\/categories?post=190313"},{"taxonomy":"post_tag","embeddable":true,"href":"http:\/\/www.tvturk.com\/index.php\/wp-json\/wp\/v2\/tags?post=190313"}],"curies":[{"name":"wp","href":"https:\/\/api.w.org\/{rel}","templated":true}]}}