{"id":190325,"date":"2019-08-05T12:02:29","date_gmt":"2019-08-05T09:02:29","guid":{"rendered":"http:\/\/www.tvturk.com\/index.php\/bursa-bsb-kadin-basketbol-takimi-sezonu-acti\/"},"modified":"2019-08-05T12:02:29","modified_gmt":"2019-08-05T09:02:29","slug":"bursa-bsb-kadin-basketbol-takimi-sezonu-acti","status":"publish","type":"post","link":"http:\/\/www.tvturk.com\/index.php\/bursa-bsb-kadin-basketbol-takimi-sezonu-acti\/","title":{"rendered":"Bursa B\u015eB Kad\u0131n Basketbol tak\u0131m\u0131 sezonu a\u00e7t\u0131"},"content":{"rendered":"<p>T\u00fcrkiye Kad\u0131nlar Basketbol Ligi\u2019nde m\u00fccadele eden Bursa B\u00fcy\u00fck\u015fehir Belediyespor Kul\u00fcb\u00fc Basketbol Tak\u0131m\u0131, sezonu a\u00e7t\u0131. \u015eahin Ba\u015fol Spor Kompleksi\u2019nde ilk antrenman\u0131n\u0131n ger\u00e7ekle\u015ftiren B\u00fcy\u00fck\u015fehirli basketbolcular, hedefini play-off olarak belirledi.<\/p>\n<p>T\u00fcrkiye Kad\u0131nlar Basketbol Ligi\u2019nde m\u00fccadele veren Bursa B\u00fcy\u00fck\u015fehir Belediyespor Kul\u00fcb\u00fc Kad\u0131n Basketbol Tak\u0131m\u0131, \u015eahin Ba\u015fol Spor Kompleksi\u2019nde yapt\u0131\u011f\u0131 \u00e7al\u0131\u015fma ile sezonu a\u00e7t\u0131. B\u00fcy\u00fck\u015fehir tak\u0131m\u0131, yenilenen teknik heyet ve kadrosuyla sporseverlere keyifli basketbol oynayacaklar\u0131n\u0131n s\u00f6z\u00fcn\u00fc verdi.<\/p>\n<p>Bursa B\u00fcy\u00fck\u015fehir Belediyespor Kul\u00fcb\u00fc Basketbol \u015eube Sorumlusu Yunus Emre Gelen, bu sezon iyi bir tak\u0131m olu\u015fturduklar\u0131n\u0131 s\u00f6yledi. Altyap\u0131dan yeti\u015fen oyuncularla birlikte yeni transferlerin de tak\u0131ma dahil edildi\u011finin alt\u0131n\u0131 \u00e7izen Gelen, \u201c\u00d6ncelikli olarak trib\u00fcne gelen sporseverler g\u00fczel bir basketbol izleyecekler. Bursa B\u00fcy\u00fck\u015fehir Belediyespor Kul\u00fcb\u00fc olarak y\u00fcksek b\u00fct\u00e7eler ay\u0131rmadan, basketbol dinamiklerini iyi g\u00f6zlemleyerek iyi bir tak\u0131m kurduk. \u0130n\u015fallah sezon bitti\u011finde ise ligi istedi\u011fimiz yerde tamamlam\u0131\u015f oluruz\u201d dedi. Spor yat\u0131r\u0131mlar\u0131n\u0131n kolay olmad\u0131\u011f\u0131n\u0131 belirten Gelen, \u201c\u00c7ok ciddi deste\u011fe ihtiyac\u0131n\u0131z var. Bizim en b\u00fcy\u00fck destek\u00e7imiz Bursa B\u00fcy\u00fck\u015fehir Belediyesi Ba\u015fkan\u0131 Alinur Akta\u015f. Kendisi B\u00fcy\u00fck\u015fehir Belediye Ba\u015fkan\u0131 olmas\u0131 d\u0131\u015f\u0131nda ayn\u0131 zamanda ger\u00e7ek bir spor insan\u0131 olarak da bizleri ve Bursa\u2019da yer alan t\u00fcm spor payda\u015flar\u0131n\u0131 destekliyor. Bu sebeple ba\u015fkan\u0131m\u0131za te\u015fekk\u00fcr ediyorum. Profesyonel ligde yer alan Basketbol kad\u0131n tak\u0131m\u0131m\u0131z i\u00e7in yapt\u0131\u011f\u0131m\u0131z sportif yat\u0131r\u0131mlar\u0131n yan\u0131nda hem erkeklerde hem de k\u0131zlarda altyap\u0131lar i\u00e7in de ciddi bir emek harcan\u0131yor. Yapt\u0131\u011f\u0131m\u0131z k\u0131sa, orta ve uzun vadeli programlar sayesinde Bursa gen\u00e7li\u011fini hem altyap\u0131larda hem de profesyonel liglerde basketbolla daha fazla bulu\u015fturmay\u0131 hedefliyoruz\u201d diye konu\u015ftu.<\/p>\n<p>Teknik heyette yeni isimler<\/p>\n<p>G\u00fczel bir basketbol sezonunun kendilerini bekledi\u011fini belirten Bursa B\u00fcy\u00fck\u015fehir Belediyespor Kul\u00fcb\u00fc Kad\u0131n Basketbol Tak\u0131m\u0131 Ba\u015f Antren\u00f6r\u00fc G\u00f6khan A\u015f\u0131c\u0131, altyap\u0131dan gelen sporcular ve yeni transferle ligde yer alacaklar\u0131n\u0131 belirtti. Teknik heyette de baz\u0131 de\u011fi\u015fikliklerin yap\u0131ld\u0131\u011f\u0131n\u0131 s\u00f6yleyen A\u015f\u0131c\u0131, \u201cYeni transferlerimiz var. Yabanc\u0131 bir transferimiz olacak. Altyap\u0131dan yeti\u015fmi\u015f sporcular\u0131m\u0131z ve ge\u00e7en seneden bizimle olan baz\u0131 arkada\u015flar\u0131m\u0131zla devam ediyoruz. Yabanc\u0131 transferimiz var, o da k\u0131sa zamanda tak\u0131ma dahil olacak. Teknik ekibimize, uzun y\u0131llar altyap\u0131m\u0131zda g\u00f6rev alan antren\u00f6rlerimizden Zeki Y\u0131lmaz dahil oldu. Basketbol kariyerinde \u00f6nemli i\u015fler ba\u015farm\u0131\u015f Serkan Ay hocam\u0131z da bizimle birlikte. Kondisyoner ve fizyoterapist, arkada\u015flar\u0131m\u0131z de\u011fi\u015fti. 9 ki\u015filik bir teknik ekip olduk\u201d \u015feklinde konu\u015ftu.<\/p>\n<p>Altyap\u0131n\u0131n ge\u00e7mi\u015fe oranla g\u00fc\u00e7lendi\u011fini s\u00f6yleyen A\u015f\u0131c\u0131, \u201cGe\u00e7en sene k\u0131zlarda 50 sporcumuz vard\u0131 altyap\u0131da, bu y\u0131l bu say\u0131 200\u2019e y\u00fckseldi. Erkeklerde 120 olan say\u0131 300\u2019\u00fc a\u015ft\u0131. Orada yo\u011fun bir \u00e7al\u0131\u015fma var. 2 altyap\u0131 sporcumuzu A Tak\u0131m\u2019a \u00e7\u0131kard\u0131k. Onlar da sezon boyunca tak\u0131m\u0131m\u0131zla antrenmana \u00e7\u0131kacaklar. Zaman\u0131 geldi\u011finde oynayacaklar. Biz bu y\u0131l S\u00fcper Lig\u2019e \u00e7\u0131kmak istiyoruz. 2 sezondur play-off\u2019tan d\u00f6n\u00fcyoruz. Bu sezon bunu k\u0131rmak istiyoruz. Bursal\u0131 sporseverleri de \u015eahin Ba\u015fol Spor Komleksi\u2019ne davet ediyoruz. Daha fazla taraftar daha fazla g\u00fc\u00e7, daha fazla g\u00fc\u00e7 S\u00fcper Lig demek\u201d dedi.<\/p>\n<p>\u00c7elebi: &#8220;S\u00fcper Lig Bursa\u2019ya \u00e7ok yak\u0131\u015f\u0131r&#8221;<\/p>\n<p>Tak\u0131m\u0131n tecr\u00fcbeli ismi G\u00fcl\u015fah \u00c7elebi, \u201cBu sezon bulundu\u011fumuz ligde tak\u0131mlar \u00f6nemli yat\u0131r\u0131mlar yapt\u0131. Herkesin herkesi yenebildi\u011fi bir ligdeyiz. Bizim hedefimiz b\u00fcy\u00fck, hedefimiz \u00e7ok g\u00fczel. Hep beraber kenetlenerek ba\u015faraca\u011f\u0131z. Bursa\u2019n\u0131n potansiyeli \u00e7ok fazla, S\u00fcper Lig buraya \u00e7ok yak\u0131\u015f\u0131r\u201d ifadelerini kulland\u0131. Sudenur Bayrak, \u201cBu sezon hedefimiz S\u00fcper Lig. Bu sezon aram\u0131zda \u00e7ok tecr\u00fcbeli oyuncular var o y\u00fczden hedeflerimize ula\u015fabilece\u011fimizi d\u00fc\u015f\u00fcn\u00fcyorum. Herkesin deste\u011fine ihtiyac\u0131m\u0131z var\u201d diye konu\u015ftu.<\/p>\n<p>Bayrak: &#8220;Herkesin deste\u011fine ihtiyac\u0131m\u0131z var&#8221;<\/p>\n<p>Bursa ekibinin altyap\u0131s\u0131ndan yeti\u015fen ve uzun y\u0131llard\u0131r ye\u015fil-beyazl\u0131 formay\u0131 terleten \u0130lemnur Duman ve Sudenur Bayrak da bu sezon ba\u015far\u0131l\u0131 olacaklar\u0131na dair inan\u00e7lar\u0131n\u0131n tam oldu\u011funu s\u00f6yledi. Yeni transferlerle birlikte g\u00fc\u00e7l\u00fc bir tak\u0131m olduklar\u0131n\u0131 s\u00f6yleyen \u0130lemnur Duman; \u201cBu sezon aram\u0131za yeni arkada\u015flar\u0131m\u0131z kat\u0131ld\u0131. Birbirimize kar\u015f\u0131 ilk enerjimiz g\u00fczeldi. Bursa\u2019da profesyonel ligde m\u00fccadele eden tek kad\u0131n basketbol tak\u0131m\u0131y\u0131z. Bu bize ayr\u0131 bir misyon y\u00fckl\u00fcyor. Basketbol oynamak isteyen \u00e7ocuklar\u0131m\u0131za en iyi \u015fekilde \u00f6rnek olmak istiyoruz. Hedefimiz S\u00fcper Lig\u201d dedi. Sudenur Bayrak ise \u201cBu sezon S\u00fcper Lig\u2019i hedefliyoruz, aram\u0131zda da \u00e7ok tecr\u00fcbeli oyuncular var. Hedeflerimize ula\u015fabilece\u011fimize inan\u0131yorum ancak herkesin deste\u011fine ihtiyac\u0131m\u0131z var\u201d dedi.<\/p>\n<p>Ge\u00e7en sezon tak\u0131ma kat\u0131lan Harika G\u00f6zde Elda\u015f da \u201cBa\u015far\u0131 dolu bir sezon olsun. S\u00fcper Lig hedefimiz&#8230; Hep birlikte aile olaca\u011f\u0131z. \u015eampiyon olmak istiyoruz ve Bursa\u2019n\u0131n ad\u0131n\u0131 en iyi \u015fekilde temsil etmek istiyoruz\u201d dileklerinde bulundu.<\/p>\n","protected":false},"excerpt":{"rendered":"<p>T\u00dcRK\u0130YE KADINLAR BASKETBOL L\u0130G\u0130\u2019NDE M\u00dcCADELE EDEN BURSA B\u00dcY\u00dcK\u015eEH\u0130R BELED\u0130YESPOR KUL\u00dcB\u00dc BASKETBOL TAKIMI, SEZONU A\u00c7TI. \u015eAH\u0130N BA\u015eOL SPOR KOMPLEKS\u0130\u2019NDE \u0130LK ANTRENMANININ GER\u00c7EKLE\u015eT\u0130REN B\u00dcY\u00dcK\u015eEH\u0130RL\u0130 BASKETBOLCULAR, HEDEF\u0130N\u0130 PLAY-OFF OLARAK BEL\u0130RLED\u0130.<\/p>\n","protected":false},"author":1,"featured_media":190326,"comment_status":"closed","ping_status":"open","sticky":false,"template":"","format":"standard","meta":{"jetpack_post_was_ever_published":false,"_jetpack_newsletter_access":"","_jetpack_dont_email_post_to_subs":false,"_jetpack_newsletter_tier_id":0,"_jetpack_memberships_contains_paywalled_content":false,"_jetpack_memberships_contains_paid_content":false,"footnotes":"","jetpack_publicize_message":"","jetpack_publicize_feature_enabled":true,"jetpack_social_post_already_shared":true,"jetpack_social_options":{"image_generator_settings":{"template":"highway","default_image_id":0,"font":"","enabled":false},"version":2}},"categories":[657],"tags":[1494,3879,19638,4479,108,6296,1462],"class_list":["post-190325","post","type-post","status-publish","format-standard","has-post-thumbnail","hentry","category-spor","tag-acti","tag-basketbol","tag-bsb","tag-bursa","tag-kadin","tag-sezonu","tag-takimi"],"jetpack_publicize_connections":[],"jetpack_featured_media_url":"https:\/\/i0.wp.com\/www.tvturk.com\/wp-content\/uploads\/2019\/08\/bursa-bsb-kadin-basketbol-takimi-sezonu-acti_2a98918.jpg?fit=1000%2C666","jetpack_sharing_enabled":true,"jetpack_shortlink":"https:\/\/wp.me\/paKIfm-NvL","_links":{"self":[{"href":"http:\/\/www.tvturk.com\/index.php\/wp-json\/wp\/v2\/posts\/190325","targetHints":{"allow":["GET"]}}],"collection":[{"href":"http:\/\/www.tvturk.com\/index.php\/wp-json\/wp\/v2\/posts"}],"about":[{"href":"http:\/\/www.tvturk.com\/index.php\/wp-json\/wp\/v2\/types\/post"}],"author":[{"embeddable":true,"href":"http:\/\/www.tvturk.com\/index.php\/wp-json\/wp\/v2\/users\/1"}],"replies":[{"embeddable":true,"href":"http:\/\/www.tvturk.com\/index.php\/wp-json\/wp\/v2\/comments?post=190325"}],"version-history":[{"count":0,"href":"http:\/\/www.tvturk.com\/index.php\/wp-json\/wp\/v2\/posts\/190325\/revisions"}],"wp:featuredmedia":[{"embeddable":true,"href":"http:\/\/www.tvturk.com\/index.php\/wp-json\/wp\/v2\/media\/190326"}],"wp:attachment":[{"href":"http:\/\/www.tvturk.com\/index.php\/wp-json\/wp\/v2\/media?parent=190325"}],"wp:term":[{"taxonomy":"category","embeddable":true,"href":"http:\/\/www.tvturk.com\/index.php\/wp-json\/wp\/v2\/categories?post=190325"},{"taxonomy":"post_tag","embeddable":true,"href":"http:\/\/www.tvturk.com\/index.php\/wp-json\/wp\/v2\/tags?post=190325"}],"curies":[{"name":"wp","href":"https:\/\/api.w.org\/{rel}","templated":true}]}}