{"id":19033,"date":"2019-02-10T17:04:53","date_gmt":"2019-02-10T14:04:53","guid":{"rendered":"http:\/\/www.tvturk.com\/index.php\/cuneyt-arkin-yesilcamin-kotu-adamlariyla-bulustu\/"},"modified":"2019-02-10T17:04:59","modified_gmt":"2019-02-10T14:04:59","slug":"cuneyt-arkin-yesilcamin-kotu-adamlariyla-bulustu","status":"publish","type":"post","link":"http:\/\/www.tvturk.com\/index.php\/cuneyt-arkin-yesilcamin-kotu-adamlariyla-bulustu\/","title":{"rendered":"C\u00fcneyt Ark\u0131n Ye\u015fil\u00e7am\u2019\u0131n \u2018k\u00f6t\u00fc adamlar\u0131yla\u2019 bulu\u015ftu"},"content":{"rendered":"<p>T\u00fcrk sinemas\u0131n\u0131n efsane isimlerinden C\u00fcneyt Ark\u0131n, Ye\u015fil\u00e7am\u2019\u0131n k\u00f6t\u00fc adam rolleriyle haf\u0131zalarda kalan  arkada\u015flar\u0131yla y\u0131llar sonra bir araya geldi. Kovalamaca sahnesiyle alana giri\u015f yapan Ye\u015fil\u00e7am oyuncular\u0131, yakla\u015f\u0131k yar\u0131m as\u0131r sonra canland\u0131rd\u0131klar\u0131 sahneyle izleyenleri adeta eski g\u00fcnlere g\u00f6t\u00fcrd\u00fc. C\u00fcneyt Ark\u0131n, \u201cRol arkada\u015flar\u0131m sineman\u0131n ads\u0131z kahramanlar\u0131d\u0131r. Bensiz film \u00e7ekilirdi ama \u0130hsan\u2019s\u0131z film \u00e7ekilmezdi. Sizlerde iyi ki vard\u0131n\u0131z, yoksa kimlerle kavga edecektim\u201d dedi.<\/p>\n<p>\u0130stanbul Klasik Otomobilciler Derne\u011fi (\u0130KOD), &#8220;Ye\u015fil\u00e7am\u2019a sayg\u0131 duru\u015fu&#8221; temal\u0131 anlaml\u0131 bir organizasyona imza att\u0131. Ye\u015fil\u00e7am ve Ye\u015fil\u00e7am oyuncular\u0131na dair yapt\u0131\u011f\u0131 projelerle ad\u0131ndan s\u00f6z ettiren dernek, bu kez de 400 civar\u0131nda sinema filminde rol alan usta oyuncu C\u00fcneyt Ark\u0131n ile Ye\u015fil\u00e7am\u2019\u0131n \u2018k\u00f6t\u00fc adamlar\u0131\u2019 olarak bilinen Hikmet Ta\u015fdemir, \u0130hsan Gedik, \u00c7etin Ba\u015faran, Kadir K\u00f6k, S\u00f6nmez Y\u0131k\u0131lmaz ve Hikmet Ta\u015fdemir\u2019i bir araya getirdi. Program\u0131n yap\u0131laca\u011f\u0131 alana 60\u2019l\u0131 y\u0131llardan kalma bir film sahnesiyle giri\u015f yapan oyuncular, kovalamaca sahnesiyle g\u00f6renleri adeta eski g\u00fcnlere g\u00f6t\u00fcrd\u00fc.<\/p>\n<p>C\u00fcneyt Ark\u0131n, etkinli\u011fe e\u015fi Bet\u00fcl ve o\u011flu Kaan ile birlikte kat\u0131ld\u0131. Ye\u015fil\u00e7am oyuncular\u0131, C\u00fcneyt Ark\u0131n\u2019la ya\u015fad\u0131klar\u0131 an\u0131lar\u0131 anlatarak eski g\u00fcnleri and\u0131lar.<\/p>\n<p>60\u2019l\u0131 y\u0131llarda sahibi oldu\u011fu arac\u0131 ba\u015f\u0131nda poz verdi<\/p>\n<p>\u0130stanbul Klasik Otomobilciler Derne\u011finin izini s\u00fcrerek buldu\u011fu ve 1977 y\u0131l\u0131nda \u00e7ekilen \u2018\u0130stasyon\u2019 adl\u0131 filmde G\u0131rg\u0131r Ali rol\u00fcnde kulland\u0131\u011f\u0131 otomobil ve asayi\u015fi bozan mafya \u00e7eteleriyle Komiser Tahsin rol\u00fcnde m\u00fccadele ederken kulland\u0131\u011f\u0131 polis arac\u0131 \u0130stanbul\u2019a getirilerek Ark\u0131n\u2019a s\u00fcrpriz yap\u0131ld\u0131. Ayr\u0131ca efsane oyuncunun 60\u2019l\u0131 y\u0131llarda ilk maa\u015f\u0131yla ald\u0131\u011f\u0131 Chevrolet marka arabas\u0131 da Ark\u0131n\u2019la bulu\u015fturuldu. Bet\u00fcl Ark\u0131n\u2019\u0131n &#8220;Beni ilk bu arabayla evimden ald\u0131&#8221; dedi\u011fi ara\u00e7 ba\u015f\u0131nda usta oyuncu ve e\u015fi hat\u0131ra foto\u011fraf\u0131 \u00e7ektirerek bu an\u0131 \u00f6l\u00fcms\u00fczle\u015ftirdi. Duygusal anlar\u0131n ya\u015fand\u0131\u011f\u0131 etkinlikte dernek \u00fcyeleri taraf\u0131ndan usta oyunculara plaket takdim edildi.<\/p>\n<p>\u201cSizler olmasayd\u0131n\u0131z kimlerle kavga edecektim\u201d<\/p>\n<p>C\u00fcneyt Ark\u0131n, filmlerde birlikte rol ald\u0131\u011f\u0131 arkada\u015flar\u0131na at\u0131fta bulunarak, \u201cBirlikte oynad\u0131\u011f\u0131m\u0131z arkada\u015flar\u0131m\u0131za k\u00f6t\u00fc adam demeyin, onlar d\u00fcnyan\u0131n en iyi adamlar\u0131d\u0131r. Yan\u0131mdaki pehlivan benim en b\u00fcy\u00fck kahr\u0131m\u0131 \u00e7ekmi\u015ftir. Kuvvetli oldu\u011fu i\u00e7in en zor kavgalarda, en zor hareketlerde bana \u00e7ok yard\u0131mc\u0131 olmu\u015ftur. Y\u0131llar sonra arkada\u015flarla bir araday\u0131m, sette film \u00e7ekiyormu\u015fum gibi. O g\u00fczel b\u00fcy\u00fck g\u00fcnleri yeniden ya\u015f\u0131yormu\u015fum gibi hissettim. Arkada\u015flar\u0131m \u00e7ok vefal\u0131d\u0131r, T\u00fcrk sinemas\u0131n\u0131n eme\u011fini \u00e7eken onlard\u0131r. Sineman\u0131n ads\u0131z kahramanlar\u0131d\u0131r. Sensiz film \u00e7ekilirdi ama \u0130hsan\u2019s\u0131z film \u00e7ekilmezdi. Sizlerde iyi ki vard\u0131n\u0131z, yoksa kimlerle kavga edecektim\u201d dedi.<\/p>\n<p>\u201cMalko\u00e7o\u011flu halk kahraman\u0131\u201d<\/p>\n<p>C\u00fcneyt Ark\u0131n, zaman\u0131nda kendisine James Bond filmi i\u00e7in teklif geldi\u011fini ancak kabul etmedi\u011fini belirterek, \u201cJames Bond filmi i\u00e7in bana teklif geldi 3 ya da 4. filmi i\u00e7in. Gittim bakt\u0131m James Bond, Amerika\u2019n\u0131n bencilli\u011fi, s\u00f6m\u00fcr\u00fcs\u00fc, en g\u00fc\u00e7l\u00fc benim imaj\u0131n\u0131 veriyor. Yani James Bond Amerika\u2019n\u0131n k\u00fcreselle\u015fen, s\u00f6m\u00fcrgele\u015fen bir sembol\u00fc. Malko\u00e7o\u011flu var benim i\u00e7in halk\u0131n kahraman\u0131, b\u0131rak\u0131r m\u0131y\u0131m onu. Dostlar\u0131m\u0131 b\u0131rak\u0131p Amerika\u2019ya gider miyim\u201d diye konu\u015ftu.<div class=\"tiled-gallery type-rectangular tiled-gallery-unresized\" data-original-width=\"500\" data-carousel-extra='null' itemscope itemtype=\"http:\/\/schema.org\/ImageGallery\" > <div class=\"gallery-row\" style=\"width: 500px; height: 224px;\" data-original-width=\"500\" data-original-height=\"224\" > <div class=\"gallery-group images-1\" style=\"width: 334px; height: 224px;\" data-original-width=\"334\" data-original-height=\"224\" > <div class=\"tiled-gallery-item tiled-gallery-item-large\" itemprop=\"associatedMedia\" itemscope itemtype=\"http:\/\/schema.org\/ImageObject\"> <a href=\"http:\/\/www.tvturk.com\/index.php\/cuneyt-arkin-yesilcamin-kotu-adamlariyla-bulustu\/cuneyt-arkin-yesilcamin-kotu-adamlariyla-bulustu-3\/\" border=\"0\" itemprop=\"url\"> <meta itemprop=\"width\" content=\"330\"> <meta itemprop=\"height\" content=\"220\"> <img decoding=\"async\" class=\"\" data-attachment-id=\"19035\" data-orig-file=\"http:\/\/www.tvturk.com\/wp-content\/uploads\/2019\/02\/cuneyt-arkin-yesilcamin-kotu-adamlariyla-bulustu_11883d2.jpg\" data-orig-size=\"1000,666\" data-comments-opened=\"\" data-image-meta=\"{&quot;aperture&quot;:&quot;0&quot;,&quot;credit&quot;:&quot;IHA&quot;,&quot;camera&quot;:&quot;&quot;,&quot;caption&quot;:&quot;T\\u00dcRK S\\u0130NEMASININ EFSANE \\u0130S\\u0130MLER\\u0130NDEN C\\u00dcNEYT ARKIN, YE\\u015e\\u0130L\\u00c7AM\\u2019IN K\\u00d6T\\u00dc ADAM ROLLER\\u0130YLE HAFIZALARDA KALAN ARKADA\\u015eLARIYLA YILLAR SONRA B\\u0130R ARAYA GELD\\u0130. KOVALAMACA SAHNES\\u0130YLE ALANA G\\u0130R\\u0130\\u015e YAPAN YE\\u015e\\u0130L\\u00c7AM OYUNCULARI, YAKLA\\u015eIK YARIM ASIR SONRA CANLANDIRDIKLARI SAHNEYLE \\u0130ZLEYENLER\\u0130 ADETA ESK\\u0130 G\\u00dcNLERE G\\u00d6T\\u00dcRD\\u00dc. (UFUK KIVIK\\\/\\u0130STANBUL-\\u0130HA)&quot;,&quot;created_timestamp&quot;:&quot;0&quot;,&quot;copyright&quot;:&quot;\\u0130HLAS HABER AJANSI, www.iha.com.tr&quot;,&quot;focal_length&quot;:&quot;0&quot;,&quot;iso&quot;:&quot;0&quot;,&quot;shutter_speed&quot;:&quot;0&quot;,&quot;title&quot;:&quot;C\\u00dcNEYT ARKIN YE\\u015e\\u0130L\\u00c7AM\\u2019IN \\u2018K\\u00d6T\\u00dc ADAMLARIYLA\\u2019 BULU\\u015eTU YE\\u015e\\u0130L\\u00c7AM\\u2019IN USTA OYUNCUSU C\\u00dcNEYT ARKIN, YILLAR SONRA ROL ARKADA\\u015eLARIYLA B\\u0130R ARAYA GELD\\u0130 C\\u00dcNEYT ARKIN: \\u201cROL ARKADA\\u015eLARIM S\\u0130NEMANIN ADSIZ KAHRAMANLARIDIR. BENS\\u0130Z F\\u0130LM \\u00c7EK\\u0130L\\u0130RD\\u0130 AMA \\u0130HSAN\\u2019SIZ F\\u0130LM \\u00c7EK\\u0130LMEZD\\u0130. S\\u0130ZLERDE \\u0130Y\\u0130 K\\u0130 VARDINIZ, YOKSA K\\u0130MLERLE KAVGA EDECEKT\\u0130M\\u201d&quot;,&quot;orientation&quot;:&quot;0&quot;}\" data-image-title=\"C\u00fcneyt Ark\u0131n Ye\u015fil\u00e7am\u2019\u0131n \u2018k\u00f6t\u00fc adamlar\u0131yla\u2019 bulu\u015ftu\" data-image-description=\"&lt;p&gt;C\u00fcneyt Ark\u0131n Ye\u015fil\u00e7am\u2019\u0131n \u2018k\u00f6t\u00fc adamlar\u0131yla\u2019 bulu\u015ftu&lt;\/p&gt; \" data-medium-file=\"https:\/\/i0.wp.com\/www.tvturk.com\/wp-content\/uploads\/2019\/02\/cuneyt-arkin-yesilcamin-kotu-adamlariyla-bulustu_11883d2.jpg?fit=300%2C200\" data-large-file=\"https:\/\/i0.wp.com\/www.tvturk.com\/wp-content\/uploads\/2019\/02\/cuneyt-arkin-yesilcamin-kotu-adamlariyla-bulustu_11883d2.jpg?fit=1000%2C666\" src=\"https:\/\/i0.wp.com\/www.tvturk.com\/wp-content\/uploads\/2019\/02\/cuneyt-arkin-yesilcamin-kotu-adamlariyla-bulustu_11883d2.jpg?w=330&#038;h=220\" srcset=\"https:\/\/i0.wp.com\/www.tvturk.com\/wp-content\/uploads\/2019\/02\/cuneyt-arkin-yesilcamin-kotu-adamlariyla-bulustu_11883d2.jpg?w=1000 1000w, https:\/\/i0.wp.com\/www.tvturk.com\/wp-content\/uploads\/2019\/02\/cuneyt-arkin-yesilcamin-kotu-adamlariyla-bulustu_11883d2.jpg?resize=150%2C100 150w, https:\/\/i0.wp.com\/www.tvturk.com\/wp-content\/uploads\/2019\/02\/cuneyt-arkin-yesilcamin-kotu-adamlariyla-bulustu_11883d2.jpg?resize=300%2C200 300w, https:\/\/i0.wp.com\/www.tvturk.com\/wp-content\/uploads\/2019\/02\/cuneyt-arkin-yesilcamin-kotu-adamlariyla-bulustu_11883d2.jpg?resize=768%2C511 768w, https:\/\/i0.wp.com\/www.tvturk.com\/wp-content\/uploads\/2019\/02\/cuneyt-arkin-yesilcamin-kotu-adamlariyla-bulustu_11883d2.jpg?resize=170%2C113 170w, https:\/\/i0.wp.com\/www.tvturk.com\/wp-content\/uploads\/2019\/02\/cuneyt-arkin-yesilcamin-kotu-adamlariyla-bulustu_11883d2.jpg?resize=120%2C80 120w\" width=\"330\" height=\"220\" loading=\"lazy\" data-original-width=\"330\" data-original-height=\"220\" itemprop=\"http:\/\/schema.org\/image\" title=\"C\u00fcneyt Ark\u0131n Ye\u015fil\u00e7am\u2019\u0131n \u2018k\u00f6t\u00fc adamlar\u0131yla\u2019 bulu\u015ftu\" alt=\"C\u00fcneyt Ark\u0131n Ye\u015fil\u00e7am\u2019\u0131n \u2018k\u00f6t\u00fc adamlar\u0131yla\u2019 bulu\u015ftu\" style=\"width: 330px; height: 220px;\" \/> <\/a> <\/div> <\/div> <!-- close group --> <div class=\"gallery-group images-2\" style=\"width: 166px; height: 224px;\" data-original-width=\"166\" data-original-height=\"224\" > <div class=\"tiled-gallery-item tiled-gallery-item-small\" itemprop=\"associatedMedia\" itemscope itemtype=\"http:\/\/schema.org\/ImageObject\"> <a href=\"http:\/\/www.tvturk.com\/index.php\/cuneyt-arkin-yesilcamin-kotu-adamlariyla-bulustu\/cuneyt-arkin-yesilcamin-kotu-adamlariyla-bulustu-4\/\" border=\"0\" itemprop=\"url\"> <meta itemprop=\"width\" content=\"162\"> <meta itemprop=\"height\" content=\"108\"> <img decoding=\"async\" class=\"\" data-attachment-id=\"19036\" data-orig-file=\"http:\/\/www.tvturk.com\/wp-content\/uploads\/2019\/02\/cuneyt-arkin-yesilcamin-kotu-adamlariyla-bulustu_fd5c927.jpg\" data-orig-size=\"1000,666\" data-comments-opened=\"\" data-image-meta=\"{&quot;aperture&quot;:&quot;0&quot;,&quot;credit&quot;:&quot;IHA&quot;,&quot;camera&quot;:&quot;&quot;,&quot;caption&quot;:&quot;T\\u00dcRK S\\u0130NEMASININ EFSANE \\u0130S\\u0130MLER\\u0130NDEN C\\u00dcNEYT ARKIN, YE\\u015e\\u0130L\\u00c7AM\\u2019IN K\\u00d6T\\u00dc ADAM ROLLER\\u0130YLE HAFIZALARDA KALAN ARKADA\\u015eLARIYLA YILLAR SONRA B\\u0130R ARAYA GELD\\u0130. KOVALAMACA SAHNES\\u0130YLE ALANA G\\u0130R\\u0130\\u015e YAPAN YE\\u015e\\u0130L\\u00c7AM OYUNCULARI, YAKLA\\u015eIK YARIM ASIR SONRA CANLANDIRDIKLARI SAHNEYLE \\u0130ZLEYENLER\\u0130 ADETA ESK\\u0130 G\\u00dcNLERE G\\u00d6T\\u00dcRD\\u00dc. (UFUK KIVIK\\\/\\u0130STANBUL-\\u0130HA)&quot;,&quot;created_timestamp&quot;:&quot;0&quot;,&quot;copyright&quot;:&quot;\\u0130HLAS HABER AJANSI, www.iha.com.tr&quot;,&quot;focal_length&quot;:&quot;0&quot;,&quot;iso&quot;:&quot;0&quot;,&quot;shutter_speed&quot;:&quot;0&quot;,&quot;title&quot;:&quot;C\\u00dcNEYT ARKIN YE\\u015e\\u0130L\\u00c7AM\\u2019IN \\u2018K\\u00d6T\\u00dc ADAMLARIYLA\\u2019 BULU\\u015eTU YE\\u015e\\u0130L\\u00c7AM\\u2019IN USTA OYUNCUSU C\\u00dcNEYT ARKIN, YILLAR SONRA ROL ARKADA\\u015eLARIYLA B\\u0130R ARAYA GELD\\u0130 C\\u00dcNEYT ARKIN: \\u201cROL ARKADA\\u015eLARIM S\\u0130NEMANIN ADSIZ KAHRAMANLARIDIR. BENS\\u0130Z F\\u0130LM \\u00c7EK\\u0130L\\u0130RD\\u0130 AMA \\u0130HSAN\\u2019SIZ F\\u0130LM \\u00c7EK\\u0130LMEZD\\u0130. S\\u0130ZLERDE \\u0130Y\\u0130 K\\u0130 VARDINIZ, YOKSA K\\u0130MLERLE KAVGA EDECEKT\\u0130M\\u201d&quot;,&quot;orientation&quot;:&quot;0&quot;}\" data-image-title=\"C\u00fcneyt Ark\u0131n Ye\u015fil\u00e7am\u2019\u0131n \u2018k\u00f6t\u00fc adamlar\u0131yla\u2019 bulu\u015ftu\" data-image-description=\"&lt;p&gt;C\u00fcneyt Ark\u0131n Ye\u015fil\u00e7am\u2019\u0131n \u2018k\u00f6t\u00fc adamlar\u0131yla\u2019 bulu\u015ftu&lt;\/p&gt; \" data-medium-file=\"https:\/\/i0.wp.com\/www.tvturk.com\/wp-content\/uploads\/2019\/02\/cuneyt-arkin-yesilcamin-kotu-adamlariyla-bulustu_fd5c927.jpg?fit=300%2C200\" data-large-file=\"https:\/\/i0.wp.com\/www.tvturk.com\/wp-content\/uploads\/2019\/02\/cuneyt-arkin-yesilcamin-kotu-adamlariyla-bulustu_fd5c927.jpg?fit=1000%2C666\" src=\"https:\/\/i0.wp.com\/www.tvturk.com\/wp-content\/uploads\/2019\/02\/cuneyt-arkin-yesilcamin-kotu-adamlariyla-bulustu_fd5c927.jpg?w=162&#038;h=108\" srcset=\"https:\/\/i0.wp.com\/www.tvturk.com\/wp-content\/uploads\/2019\/02\/cuneyt-arkin-yesilcamin-kotu-adamlariyla-bulustu_fd5c927.jpg?w=1000 1000w, https:\/\/i0.wp.com\/www.tvturk.com\/wp-content\/uploads\/2019\/02\/cuneyt-arkin-yesilcamin-kotu-adamlariyla-bulustu_fd5c927.jpg?resize=150%2C100 150w, https:\/\/i0.wp.com\/www.tvturk.com\/wp-content\/uploads\/2019\/02\/cuneyt-arkin-yesilcamin-kotu-adamlariyla-bulustu_fd5c927.jpg?resize=300%2C200 300w, https:\/\/i0.wp.com\/www.tvturk.com\/wp-content\/uploads\/2019\/02\/cuneyt-arkin-yesilcamin-kotu-adamlariyla-bulustu_fd5c927.jpg?resize=768%2C511 768w, https:\/\/i0.wp.com\/www.tvturk.com\/wp-content\/uploads\/2019\/02\/cuneyt-arkin-yesilcamin-kotu-adamlariyla-bulustu_fd5c927.jpg?resize=170%2C113 170w, https:\/\/i0.wp.com\/www.tvturk.com\/wp-content\/uploads\/2019\/02\/cuneyt-arkin-yesilcamin-kotu-adamlariyla-bulustu_fd5c927.jpg?resize=120%2C80 120w\" width=\"162\" height=\"108\" loading=\"lazy\" data-original-width=\"162\" data-original-height=\"108\" itemprop=\"http:\/\/schema.org\/image\" title=\"C\u00fcneyt Ark\u0131n Ye\u015fil\u00e7am\u2019\u0131n \u2018k\u00f6t\u00fc adamlar\u0131yla\u2019 bulu\u015ftu\" alt=\"C\u00fcneyt Ark\u0131n Ye\u015fil\u00e7am\u2019\u0131n \u2018k\u00f6t\u00fc adamlar\u0131yla\u2019 bulu\u015ftu\" style=\"width: 162px; height: 108px;\" \/> <\/a> <\/div> <div class=\"tiled-gallery-item tiled-gallery-item-small\" itemprop=\"associatedMedia\" itemscope itemtype=\"http:\/\/schema.org\/ImageObject\"> <a href=\"http:\/\/www.tvturk.com\/index.php\/cuneyt-arkin-yesilcamin-kotu-adamlariyla-bulustu\/cuneyt-arkin-yesilcamin-kotu-adamlariyla-bulustu-5\/\" border=\"0\" itemprop=\"url\"> <meta itemprop=\"width\" content=\"162\"> <meta itemprop=\"height\" content=\"108\"> <img decoding=\"async\" class=\"\" data-attachment-id=\"19037\" data-orig-file=\"http:\/\/www.tvturk.com\/wp-content\/uploads\/2019\/02\/cuneyt-arkin-yesilcamin-kotu-adamlariyla-bulustu_ce590ad.jpg\" data-orig-size=\"1000,666\" data-comments-opened=\"\" data-image-meta=\"{&quot;aperture&quot;:&quot;0&quot;,&quot;credit&quot;:&quot;IHA&quot;,&quot;camera&quot;:&quot;&quot;,&quot;caption&quot;:&quot;T\\u00dcRK S\\u0130NEMASININ EFSANE \\u0130S\\u0130MLER\\u0130NDEN C\\u00dcNEYT ARKIN, YE\\u015e\\u0130L\\u00c7AM\\u2019IN K\\u00d6T\\u00dc ADAM ROLLER\\u0130YLE HAFIZALARDA KALAN ARKADA\\u015eLARIYLA YILLAR SONRA B\\u0130R ARAYA GELD\\u0130. KOVALAMACA SAHNES\\u0130YLE ALANA G\\u0130R\\u0130\\u015e YAPAN YE\\u015e\\u0130L\\u00c7AM OYUNCULARI, YAKLA\\u015eIK YARIM ASIR SONRA CANLANDIRDIKLARI SAHNEYLE \\u0130ZLEYENLER\\u0130 ADETA ESK\\u0130 G\\u00dcNLERE G\\u00d6T\\u00dcRD\\u00dc. (UFUK KIVIK\\\/\\u0130STANBUL-\\u0130HA)&quot;,&quot;created_timestamp&quot;:&quot;0&quot;,&quot;copyright&quot;:&quot;\\u0130HLAS HABER AJANSI, www.iha.com.tr&quot;,&quot;focal_length&quot;:&quot;0&quot;,&quot;iso&quot;:&quot;0&quot;,&quot;shutter_speed&quot;:&quot;0&quot;,&quot;title&quot;:&quot;C\\u00dcNEYT ARKIN YE\\u015e\\u0130L\\u00c7AM\\u2019IN \\u2018K\\u00d6T\\u00dc ADAMLARIYLA\\u2019 BULU\\u015eTU YE\\u015e\\u0130L\\u00c7AM\\u2019IN USTA OYUNCUSU C\\u00dcNEYT ARKIN, YILLAR SONRA ROL ARKADA\\u015eLARIYLA B\\u0130R ARAYA GELD\\u0130 C\\u00dcNEYT ARKIN: \\u201cROL ARKADA\\u015eLARIM S\\u0130NEMANIN ADSIZ KAHRAMANLARIDIR. BENS\\u0130Z F\\u0130LM \\u00c7EK\\u0130L\\u0130RD\\u0130 AMA \\u0130HSAN\\u2019SIZ F\\u0130LM \\u00c7EK\\u0130LMEZD\\u0130. S\\u0130ZLERDE \\u0130Y\\u0130 K\\u0130 VARDINIZ, YOKSA K\\u0130MLERLE KAVGA EDECEKT\\u0130M\\u201d&quot;,&quot;orientation&quot;:&quot;0&quot;}\" data-image-title=\"C\u00fcneyt Ark\u0131n Ye\u015fil\u00e7am\u2019\u0131n \u2018k\u00f6t\u00fc adamlar\u0131yla\u2019 bulu\u015ftu\" data-image-description=\"&lt;p&gt;C\u00fcneyt Ark\u0131n Ye\u015fil\u00e7am\u2019\u0131n \u2018k\u00f6t\u00fc adamlar\u0131yla\u2019 bulu\u015ftu&lt;\/p&gt; \" data-medium-file=\"https:\/\/i0.wp.com\/www.tvturk.com\/wp-content\/uploads\/2019\/02\/cuneyt-arkin-yesilcamin-kotu-adamlariyla-bulustu_ce590ad.jpg?fit=300%2C200\" data-large-file=\"https:\/\/i0.wp.com\/www.tvturk.com\/wp-content\/uploads\/2019\/02\/cuneyt-arkin-yesilcamin-kotu-adamlariyla-bulustu_ce590ad.jpg?fit=1000%2C666\" src=\"https:\/\/i0.wp.com\/www.tvturk.com\/wp-content\/uploads\/2019\/02\/cuneyt-arkin-yesilcamin-kotu-adamlariyla-bulustu_ce590ad.jpg?w=162&#038;h=108\" srcset=\"https:\/\/i0.wp.com\/www.tvturk.com\/wp-content\/uploads\/2019\/02\/cuneyt-arkin-yesilcamin-kotu-adamlariyla-bulustu_ce590ad.jpg?w=1000 1000w, https:\/\/i0.wp.com\/www.tvturk.com\/wp-content\/uploads\/2019\/02\/cuneyt-arkin-yesilcamin-kotu-adamlariyla-bulustu_ce590ad.jpg?resize=150%2C100 150w, https:\/\/i0.wp.com\/www.tvturk.com\/wp-content\/uploads\/2019\/02\/cuneyt-arkin-yesilcamin-kotu-adamlariyla-bulustu_ce590ad.jpg?resize=300%2C200 300w, https:\/\/i0.wp.com\/www.tvturk.com\/wp-content\/uploads\/2019\/02\/cuneyt-arkin-yesilcamin-kotu-adamlariyla-bulustu_ce590ad.jpg?resize=768%2C511 768w, https:\/\/i0.wp.com\/www.tvturk.com\/wp-content\/uploads\/2019\/02\/cuneyt-arkin-yesilcamin-kotu-adamlariyla-bulustu_ce590ad.jpg?resize=170%2C113 170w, https:\/\/i0.wp.com\/www.tvturk.com\/wp-content\/uploads\/2019\/02\/cuneyt-arkin-yesilcamin-kotu-adamlariyla-bulustu_ce590ad.jpg?resize=120%2C80 120w\" width=\"162\" height=\"108\" loading=\"lazy\" data-original-width=\"162\" data-original-height=\"108\" itemprop=\"http:\/\/schema.org\/image\" title=\"C\u00fcneyt Ark\u0131n Ye\u015fil\u00e7am\u2019\u0131n \u2018k\u00f6t\u00fc adamlar\u0131yla\u2019 bulu\u015ftu\" alt=\"C\u00fcneyt Ark\u0131n Ye\u015fil\u00e7am\u2019\u0131n \u2018k\u00f6t\u00fc adamlar\u0131yla\u2019 bulu\u015ftu\" style=\"width: 162px; height: 108px;\" \/> <\/a> <\/div> <\/div> <!-- close group --> <\/div> <!-- close row --> <div class=\"gallery-row\" style=\"width: 500px; height: 85px;\" data-original-width=\"500\" data-original-height=\"85\" > <div class=\"gallery-group images-1\" style=\"width: 125px; height: 85px;\" data-original-width=\"125\" data-original-height=\"85\" > <div class=\"tiled-gallery-item tiled-gallery-item-small\" itemprop=\"associatedMedia\" itemscope itemtype=\"http:\/\/schema.org\/ImageObject\"> <a href=\"http:\/\/www.tvturk.com\/index.php\/cuneyt-arkin-yesilcamin-kotu-adamlariyla-bulustu\/cuneyt-arkin-yesilcamin-kotu-adamlariyla-bulustu-6\/\" border=\"0\" itemprop=\"url\"> <meta itemprop=\"width\" content=\"121\"> <meta itemprop=\"height\" content=\"81\"> <img decoding=\"async\" class=\"\" data-attachment-id=\"19038\" data-orig-file=\"http:\/\/www.tvturk.com\/wp-content\/uploads\/2019\/02\/cuneyt-arkin-yesilcamin-kotu-adamlariyla-bulustu_fdd1f79.jpg\" data-orig-size=\"1000,666\" data-comments-opened=\"\" data-image-meta=\"{&quot;aperture&quot;:&quot;0&quot;,&quot;credit&quot;:&quot;IHA&quot;,&quot;camera&quot;:&quot;&quot;,&quot;caption&quot;:&quot;T\\u00dcRK S\\u0130NEMASININ EFSANE \\u0130S\\u0130MLER\\u0130NDEN C\\u00dcNEYT ARKIN, YE\\u015e\\u0130L\\u00c7AM\\u2019IN K\\u00d6T\\u00dc ADAM ROLLER\\u0130YLE HAFIZALARDA KALAN ARKADA\\u015eLARIYLA YILLAR SONRA B\\u0130R ARAYA GELD\\u0130. KOVALAMACA SAHNES\\u0130YLE ALANA G\\u0130R\\u0130\\u015e YAPAN YE\\u015e\\u0130L\\u00c7AM OYUNCULARI, YAKLA\\u015eIK YARIM ASIR SONRA CANLANDIRDIKLARI SAHNEYLE \\u0130ZLEYENLER\\u0130 ADETA ESK\\u0130 G\\u00dcNLERE G\\u00d6T\\u00dcRD\\u00dc. (UFUK KIVIK\\\/\\u0130STANBUL-\\u0130HA)&quot;,&quot;created_timestamp&quot;:&quot;0&quot;,&quot;copyright&quot;:&quot;\\u0130HLAS HABER AJANSI, www.iha.com.tr&quot;,&quot;focal_length&quot;:&quot;0&quot;,&quot;iso&quot;:&quot;0&quot;,&quot;shutter_speed&quot;:&quot;0&quot;,&quot;title&quot;:&quot;C\\u00dcNEYT ARKIN YE\\u015e\\u0130L\\u00c7AM\\u2019IN \\u2018K\\u00d6T\\u00dc ADAMLARIYLA\\u2019 BULU\\u015eTU YE\\u015e\\u0130L\\u00c7AM\\u2019IN USTA OYUNCUSU C\\u00dcNEYT ARKIN, YILLAR SONRA ROL ARKADA\\u015eLARIYLA B\\u0130R ARAYA GELD\\u0130 C\\u00dcNEYT ARKIN: \\u201cROL ARKADA\\u015eLARIM S\\u0130NEMANIN ADSIZ KAHRAMANLARIDIR. BENS\\u0130Z F\\u0130LM \\u00c7EK\\u0130L\\u0130RD\\u0130 AMA \\u0130HSAN\\u2019SIZ F\\u0130LM \\u00c7EK\\u0130LMEZD\\u0130. S\\u0130ZLERDE \\u0130Y\\u0130 K\\u0130 VARDINIZ, YOKSA K\\u0130MLERLE KAVGA EDECEKT\\u0130M\\u201d&quot;,&quot;orientation&quot;:&quot;0&quot;}\" data-image-title=\"C\u00fcneyt Ark\u0131n Ye\u015fil\u00e7am\u2019\u0131n \u2018k\u00f6t\u00fc adamlar\u0131yla\u2019 bulu\u015ftu\" data-image-description=\"&lt;p&gt;C\u00fcneyt Ark\u0131n Ye\u015fil\u00e7am\u2019\u0131n \u2018k\u00f6t\u00fc adamlar\u0131yla\u2019 bulu\u015ftu&lt;\/p&gt; \" data-medium-file=\"https:\/\/i0.wp.com\/www.tvturk.com\/wp-content\/uploads\/2019\/02\/cuneyt-arkin-yesilcamin-kotu-adamlariyla-bulustu_fdd1f79.jpg?fit=300%2C200\" data-large-file=\"https:\/\/i0.wp.com\/www.tvturk.com\/wp-content\/uploads\/2019\/02\/cuneyt-arkin-yesilcamin-kotu-adamlariyla-bulustu_fdd1f79.jpg?fit=1000%2C666\" src=\"https:\/\/i0.wp.com\/www.tvturk.com\/wp-content\/uploads\/2019\/02\/cuneyt-arkin-yesilcamin-kotu-adamlariyla-bulustu_fdd1f79.jpg?w=121&#038;h=81\" srcset=\"https:\/\/i0.wp.com\/www.tvturk.com\/wp-content\/uploads\/2019\/02\/cuneyt-arkin-yesilcamin-kotu-adamlariyla-bulustu_fdd1f79.jpg?w=1000 1000w, https:\/\/i0.wp.com\/www.tvturk.com\/wp-content\/uploads\/2019\/02\/cuneyt-arkin-yesilcamin-kotu-adamlariyla-bulustu_fdd1f79.jpg?resize=150%2C100 150w, https:\/\/i0.wp.com\/www.tvturk.com\/wp-content\/uploads\/2019\/02\/cuneyt-arkin-yesilcamin-kotu-adamlariyla-bulustu_fdd1f79.jpg?resize=300%2C200 300w, https:\/\/i0.wp.com\/www.tvturk.com\/wp-content\/uploads\/2019\/02\/cuneyt-arkin-yesilcamin-kotu-adamlariyla-bulustu_fdd1f79.jpg?resize=768%2C511 768w, https:\/\/i0.wp.com\/www.tvturk.com\/wp-content\/uploads\/2019\/02\/cuneyt-arkin-yesilcamin-kotu-adamlariyla-bulustu_fdd1f79.jpg?resize=170%2C113 170w, https:\/\/i0.wp.com\/www.tvturk.com\/wp-content\/uploads\/2019\/02\/cuneyt-arkin-yesilcamin-kotu-adamlariyla-bulustu_fdd1f79.jpg?resize=120%2C80 120w, https:\/\/i0.wp.com\/www.tvturk.com\/wp-content\/uploads\/2019\/02\/cuneyt-arkin-yesilcamin-kotu-adamlariyla-bulustu_fdd1f79.jpg?resize=80%2C55 80w\" width=\"121\" height=\"81\" loading=\"lazy\" data-original-width=\"121\" data-original-height=\"81\" itemprop=\"http:\/\/schema.org\/image\" title=\"C\u00fcneyt Ark\u0131n Ye\u015fil\u00e7am\u2019\u0131n \u2018k\u00f6t\u00fc adamlar\u0131yla\u2019 bulu\u015ftu\" alt=\"C\u00fcneyt Ark\u0131n Ye\u015fil\u00e7am\u2019\u0131n \u2018k\u00f6t\u00fc adamlar\u0131yla\u2019 bulu\u015ftu\" style=\"width: 121px; height: 81px;\" \/> <\/a> <\/div> <\/div> <!-- close group --> <div class=\"gallery-group images-1\" style=\"width: 125px; height: 85px;\" data-original-width=\"125\" data-original-height=\"85\" > <div class=\"tiled-gallery-item tiled-gallery-item-small\" itemprop=\"associatedMedia\" itemscope itemtype=\"http:\/\/schema.org\/ImageObject\"> <a href=\"http:\/\/www.tvturk.com\/index.php\/cuneyt-arkin-yesilcamin-kotu-adamlariyla-bulustu\/cuneyt-arkin-yesilcamin-kotu-adamlariyla-bulustu-7\/\" border=\"0\" itemprop=\"url\"> <meta itemprop=\"width\" content=\"121\"> <meta itemprop=\"height\" content=\"81\"> <img decoding=\"async\" class=\"\" data-attachment-id=\"19039\" data-orig-file=\"http:\/\/www.tvturk.com\/wp-content\/uploads\/2019\/02\/cuneyt-arkin-yesilcamin-kotu-adamlariyla-bulustu_80d672e.jpg\" data-orig-size=\"1000,666\" data-comments-opened=\"\" data-image-meta=\"{&quot;aperture&quot;:&quot;0&quot;,&quot;credit&quot;:&quot;IHA&quot;,&quot;camera&quot;:&quot;&quot;,&quot;caption&quot;:&quot;T\\u00dcRK S\\u0130NEMASININ EFSANE \\u0130S\\u0130MLER\\u0130NDEN C\\u00dcNEYT ARKIN, YE\\u015e\\u0130L\\u00c7AM\\u2019IN K\\u00d6T\\u00dc ADAM ROLLER\\u0130YLE HAFIZALARDA KALAN ARKADA\\u015eLARIYLA YILLAR SONRA B\\u0130R ARAYA GELD\\u0130. KOVALAMACA SAHNES\\u0130YLE ALANA G\\u0130R\\u0130\\u015e YAPAN YE\\u015e\\u0130L\\u00c7AM OYUNCULARI, YAKLA\\u015eIK YARIM ASIR SONRA CANLANDIRDIKLARI SAHNEYLE \\u0130ZLEYENLER\\u0130 ADETA ESK\\u0130 G\\u00dcNLERE G\\u00d6T\\u00dcRD\\u00dc. (UFUK KIVIK\\\/\\u0130STANBUL-\\u0130HA)&quot;,&quot;created_timestamp&quot;:&quot;0&quot;,&quot;copyright&quot;:&quot;\\u0130HLAS HABER AJANSI, www.iha.com.tr&quot;,&quot;focal_length&quot;:&quot;0&quot;,&quot;iso&quot;:&quot;0&quot;,&quot;shutter_speed&quot;:&quot;0&quot;,&quot;title&quot;:&quot;C\\u00dcNEYT ARKIN YE\\u015e\\u0130L\\u00c7AM\\u2019IN \\u2018K\\u00d6T\\u00dc ADAMLARIYLA\\u2019 BULU\\u015eTU YE\\u015e\\u0130L\\u00c7AM\\u2019IN USTA OYUNCUSU C\\u00dcNEYT ARKIN, YILLAR SONRA ROL ARKADA\\u015eLARIYLA B\\u0130R ARAYA GELD\\u0130 C\\u00dcNEYT ARKIN: \\u201cROL ARKADA\\u015eLARIM S\\u0130NEMANIN ADSIZ KAHRAMANLARIDIR. BENS\\u0130Z F\\u0130LM \\u00c7EK\\u0130L\\u0130RD\\u0130 AMA \\u0130HSAN\\u2019SIZ F\\u0130LM \\u00c7EK\\u0130LMEZD\\u0130. S\\u0130ZLERDE \\u0130Y\\u0130 K\\u0130 VARDINIZ, YOKSA K\\u0130MLERLE KAVGA EDECEKT\\u0130M\\u201d&quot;,&quot;orientation&quot;:&quot;0&quot;}\" data-image-title=\"C\u00fcneyt Ark\u0131n Ye\u015fil\u00e7am\u2019\u0131n \u2018k\u00f6t\u00fc adamlar\u0131yla\u2019 bulu\u015ftu\" data-image-description=\"&lt;p&gt;C\u00fcneyt Ark\u0131n Ye\u015fil\u00e7am\u2019\u0131n \u2018k\u00f6t\u00fc adamlar\u0131yla\u2019 bulu\u015ftu&lt;\/p&gt; \" data-medium-file=\"https:\/\/i0.wp.com\/www.tvturk.com\/wp-content\/uploads\/2019\/02\/cuneyt-arkin-yesilcamin-kotu-adamlariyla-bulustu_80d672e.jpg?fit=300%2C200\" data-large-file=\"https:\/\/i0.wp.com\/www.tvturk.com\/wp-content\/uploads\/2019\/02\/cuneyt-arkin-yesilcamin-kotu-adamlariyla-bulustu_80d672e.jpg?fit=1000%2C666\" src=\"https:\/\/i0.wp.com\/www.tvturk.com\/wp-content\/uploads\/2019\/02\/cuneyt-arkin-yesilcamin-kotu-adamlariyla-bulustu_80d672e.jpg?w=121&#038;h=81\" srcset=\"https:\/\/i0.wp.com\/www.tvturk.com\/wp-content\/uploads\/2019\/02\/cuneyt-arkin-yesilcamin-kotu-adamlariyla-bulustu_80d672e.jpg?w=1000 1000w, https:\/\/i0.wp.com\/www.tvturk.com\/wp-content\/uploads\/2019\/02\/cuneyt-arkin-yesilcamin-kotu-adamlariyla-bulustu_80d672e.jpg?resize=150%2C100 150w, https:\/\/i0.wp.com\/www.tvturk.com\/wp-content\/uploads\/2019\/02\/cuneyt-arkin-yesilcamin-kotu-adamlariyla-bulustu_80d672e.jpg?resize=300%2C200 300w, https:\/\/i0.wp.com\/www.tvturk.com\/wp-content\/uploads\/2019\/02\/cuneyt-arkin-yesilcamin-kotu-adamlariyla-bulustu_80d672e.jpg?resize=768%2C511 768w, https:\/\/i0.wp.com\/www.tvturk.com\/wp-content\/uploads\/2019\/02\/cuneyt-arkin-yesilcamin-kotu-adamlariyla-bulustu_80d672e.jpg?resize=170%2C113 170w, https:\/\/i0.wp.com\/www.tvturk.com\/wp-content\/uploads\/2019\/02\/cuneyt-arkin-yesilcamin-kotu-adamlariyla-bulustu_80d672e.jpg?resize=120%2C80 120w, https:\/\/i0.wp.com\/www.tvturk.com\/wp-content\/uploads\/2019\/02\/cuneyt-arkin-yesilcamin-kotu-adamlariyla-bulustu_80d672e.jpg?resize=80%2C55 80w\" width=\"121\" height=\"81\" loading=\"lazy\" data-original-width=\"121\" data-original-height=\"81\" itemprop=\"http:\/\/schema.org\/image\" title=\"C\u00fcneyt Ark\u0131n Ye\u015fil\u00e7am\u2019\u0131n \u2018k\u00f6t\u00fc adamlar\u0131yla\u2019 bulu\u015ftu\" alt=\"C\u00fcneyt Ark\u0131n Ye\u015fil\u00e7am\u2019\u0131n \u2018k\u00f6t\u00fc adamlar\u0131yla\u2019 bulu\u015ftu\" style=\"width: 121px; height: 81px;\" \/> <\/a> <\/div> <\/div> <!-- close group --> <div class=\"gallery-group images-1\" style=\"width: 125px; height: 85px;\" data-original-width=\"125\" data-original-height=\"85\" > <div class=\"tiled-gallery-item tiled-gallery-item-small\" itemprop=\"associatedMedia\" itemscope itemtype=\"http:\/\/schema.org\/ImageObject\"> <a href=\"http:\/\/www.tvturk.com\/index.php\/cuneyt-arkin-yesilcamin-kotu-adamlariyla-bulustu\/cuneyt-arkin-yesilcamin-kotu-adamlariyla-bulustu-8\/\" border=\"0\" itemprop=\"url\"> <meta itemprop=\"width\" content=\"121\"> <meta itemprop=\"height\" content=\"81\"> <img decoding=\"async\" class=\"\" data-attachment-id=\"19040\" data-orig-file=\"http:\/\/www.tvturk.com\/wp-content\/uploads\/2019\/02\/cuneyt-arkin-yesilcamin-kotu-adamlariyla-bulustu_57b1e12.jpg\" data-orig-size=\"1000,666\" data-comments-opened=\"\" data-image-meta=\"{&quot;aperture&quot;:&quot;0&quot;,&quot;credit&quot;:&quot;IHA&quot;,&quot;camera&quot;:&quot;&quot;,&quot;caption&quot;:&quot;T\\u00dcRK S\\u0130NEMASININ EFSANE \\u0130S\\u0130MLER\\u0130NDEN C\\u00dcNEYT ARKIN, YE\\u015e\\u0130L\\u00c7AM\\u2019IN K\\u00d6T\\u00dc ADAM ROLLER\\u0130YLE HAFIZALARDA KALAN ARKADA\\u015eLARIYLA YILLAR SONRA B\\u0130R ARAYA GELD\\u0130. KOVALAMACA SAHNES\\u0130YLE ALANA G\\u0130R\\u0130\\u015e YAPAN YE\\u015e\\u0130L\\u00c7AM OYUNCULARI, YAKLA\\u015eIK YARIM ASIR SONRA CANLANDIRDIKLARI SAHNEYLE \\u0130ZLEYENLER\\u0130 ADETA ESK\\u0130 G\\u00dcNLERE G\\u00d6T\\u00dcRD\\u00dc. (UFUK KIVIK\\\/\\u0130STANBUL-\\u0130HA)&quot;,&quot;created_timestamp&quot;:&quot;0&quot;,&quot;copyright&quot;:&quot;\\u0130HLAS HABER AJANSI, www.iha.com.tr&quot;,&quot;focal_length&quot;:&quot;0&quot;,&quot;iso&quot;:&quot;0&quot;,&quot;shutter_speed&quot;:&quot;0&quot;,&quot;title&quot;:&quot;C\\u00dcNEYT ARKIN YE\\u015e\\u0130L\\u00c7AM\\u2019IN \\u2018K\\u00d6T\\u00dc ADAMLARIYLA\\u2019 BULU\\u015eTU YE\\u015e\\u0130L\\u00c7AM\\u2019IN USTA OYUNCUSU C\\u00dcNEYT ARKIN, YILLAR SONRA ROL ARKADA\\u015eLARIYLA B\\u0130R ARAYA GELD\\u0130 C\\u00dcNEYT ARKIN: \\u201cROL ARKADA\\u015eLARIM S\\u0130NEMANIN ADSIZ KAHRAMANLARIDIR. BENS\\u0130Z F\\u0130LM \\u00c7EK\\u0130L\\u0130RD\\u0130 AMA \\u0130HSAN\\u2019SIZ F\\u0130LM \\u00c7EK\\u0130LMEZD\\u0130. S\\u0130ZLERDE \\u0130Y\\u0130 K\\u0130 VARDINIZ, YOKSA K\\u0130MLERLE KAVGA EDECEKT\\u0130M\\u201d&quot;,&quot;orientation&quot;:&quot;0&quot;}\" data-image-title=\"C\u00fcneyt Ark\u0131n Ye\u015fil\u00e7am\u2019\u0131n \u2018k\u00f6t\u00fc adamlar\u0131yla\u2019 bulu\u015ftu\" data-image-description=\"&lt;p&gt;C\u00fcneyt Ark\u0131n Ye\u015fil\u00e7am\u2019\u0131n \u2018k\u00f6t\u00fc adamlar\u0131yla\u2019 bulu\u015ftu&lt;\/p&gt; \" data-medium-file=\"https:\/\/i0.wp.com\/www.tvturk.com\/wp-content\/uploads\/2019\/02\/cuneyt-arkin-yesilcamin-kotu-adamlariyla-bulustu_57b1e12.jpg?fit=300%2C200\" data-large-file=\"https:\/\/i0.wp.com\/www.tvturk.com\/wp-content\/uploads\/2019\/02\/cuneyt-arkin-yesilcamin-kotu-adamlariyla-bulustu_57b1e12.jpg?fit=1000%2C666\" src=\"https:\/\/i0.wp.com\/www.tvturk.com\/wp-content\/uploads\/2019\/02\/cuneyt-arkin-yesilcamin-kotu-adamlariyla-bulustu_57b1e12.jpg?w=121&#038;h=81\" srcset=\"https:\/\/i0.wp.com\/www.tvturk.com\/wp-content\/uploads\/2019\/02\/cuneyt-arkin-yesilcamin-kotu-adamlariyla-bulustu_57b1e12.jpg?w=1000 1000w, https:\/\/i0.wp.com\/www.tvturk.com\/wp-content\/uploads\/2019\/02\/cuneyt-arkin-yesilcamin-kotu-adamlariyla-bulustu_57b1e12.jpg?resize=150%2C100 150w, https:\/\/i0.wp.com\/www.tvturk.com\/wp-content\/uploads\/2019\/02\/cuneyt-arkin-yesilcamin-kotu-adamlariyla-bulustu_57b1e12.jpg?resize=300%2C200 300w, https:\/\/i0.wp.com\/www.tvturk.com\/wp-content\/uploads\/2019\/02\/cuneyt-arkin-yesilcamin-kotu-adamlariyla-bulustu_57b1e12.jpg?resize=768%2C511 768w, https:\/\/i0.wp.com\/www.tvturk.com\/wp-content\/uploads\/2019\/02\/cuneyt-arkin-yesilcamin-kotu-adamlariyla-bulustu_57b1e12.jpg?resize=170%2C113 170w, https:\/\/i0.wp.com\/www.tvturk.com\/wp-content\/uploads\/2019\/02\/cuneyt-arkin-yesilcamin-kotu-adamlariyla-bulustu_57b1e12.jpg?resize=120%2C80 120w, https:\/\/i0.wp.com\/www.tvturk.com\/wp-content\/uploads\/2019\/02\/cuneyt-arkin-yesilcamin-kotu-adamlariyla-bulustu_57b1e12.jpg?resize=80%2C55 80w\" width=\"121\" height=\"81\" loading=\"lazy\" data-original-width=\"121\" data-original-height=\"81\" itemprop=\"http:\/\/schema.org\/image\" title=\"C\u00fcneyt Ark\u0131n Ye\u015fil\u00e7am\u2019\u0131n \u2018k\u00f6t\u00fc adamlar\u0131yla\u2019 bulu\u015ftu\" alt=\"C\u00fcneyt Ark\u0131n Ye\u015fil\u00e7am\u2019\u0131n \u2018k\u00f6t\u00fc adamlar\u0131yla\u2019 bulu\u015ftu\" style=\"width: 121px; height: 81px;\" \/> <\/a> <\/div> <\/div> <!-- close group --> <div class=\"gallery-group images-1\" style=\"width: 125px; height: 85px;\" data-original-width=\"125\" data-original-height=\"85\" > <div class=\"tiled-gallery-item tiled-gallery-item-small\" itemprop=\"associatedMedia\" itemscope itemtype=\"http:\/\/schema.org\/ImageObject\"> <a href=\"http:\/\/www.tvturk.com\/index.php\/cuneyt-arkin-yesilcamin-kotu-adamlariyla-bulustu\/cuneyt-arkin-yesilcamin-kotu-adamlariyla-bulustu-9\/\" border=\"0\" itemprop=\"url\"> <meta itemprop=\"width\" content=\"121\"> <meta itemprop=\"height\" content=\"81\"> <img decoding=\"async\" class=\"\" data-attachment-id=\"19041\" data-orig-file=\"http:\/\/www.tvturk.com\/wp-content\/uploads\/2019\/02\/cuneyt-arkin-yesilcamin-kotu-adamlariyla-bulustu_5d32157.jpg\" data-orig-size=\"1000,666\" data-comments-opened=\"\" data-image-meta=\"{&quot;aperture&quot;:&quot;0&quot;,&quot;credit&quot;:&quot;IHA&quot;,&quot;camera&quot;:&quot;&quot;,&quot;caption&quot;:&quot;T\\u00dcRK S\\u0130NEMASININ EFSANE \\u0130S\\u0130MLER\\u0130NDEN C\\u00dcNEYT ARKIN, YE\\u015e\\u0130L\\u00c7AM\\u2019IN K\\u00d6T\\u00dc ADAM ROLLER\\u0130YLE HAFIZALARDA KALAN ARKADA\\u015eLARIYLA YILLAR SONRA B\\u0130R ARAYA GELD\\u0130. KOVALAMACA SAHNES\\u0130YLE ALANA G\\u0130R\\u0130\\u015e YAPAN YE\\u015e\\u0130L\\u00c7AM OYUNCULARI, YAKLA\\u015eIK YARIM ASIR SONRA CANLANDIRDIKLARI SAHNEYLE \\u0130ZLEYENLER\\u0130 ADETA ESK\\u0130 G\\u00dcNLERE G\\u00d6T\\u00dcRD\\u00dc. (UFUK KIVIK\\\/\\u0130STANBUL-\\u0130HA)&quot;,&quot;created_timestamp&quot;:&quot;0&quot;,&quot;copyright&quot;:&quot;\\u0130HLAS HABER AJANSI, www.iha.com.tr&quot;,&quot;focal_length&quot;:&quot;0&quot;,&quot;iso&quot;:&quot;0&quot;,&quot;shutter_speed&quot;:&quot;0&quot;,&quot;title&quot;:&quot;C\\u00dcNEYT ARKIN YE\\u015e\\u0130L\\u00c7AM\\u2019IN \\u2018K\\u00d6T\\u00dc ADAMLARIYLA\\u2019 BULU\\u015eTU YE\\u015e\\u0130L\\u00c7AM\\u2019IN USTA OYUNCUSU C\\u00dcNEYT ARKIN, YILLAR SONRA ROL ARKADA\\u015eLARIYLA B\\u0130R ARAYA GELD\\u0130 C\\u00dcNEYT ARKIN: \\u201cROL ARKADA\\u015eLARIM S\\u0130NEMANIN ADSIZ KAHRAMANLARIDIR. BENS\\u0130Z F\\u0130LM \\u00c7EK\\u0130L\\u0130RD\\u0130 AMA \\u0130HSAN\\u2019SIZ F\\u0130LM \\u00c7EK\\u0130LMEZD\\u0130. S\\u0130ZLERDE \\u0130Y\\u0130 K\\u0130 VARDINIZ, YOKSA K\\u0130MLERLE KAVGA EDECEKT\\u0130M\\u201d&quot;,&quot;orientation&quot;:&quot;0&quot;}\" data-image-title=\"C\u00fcneyt Ark\u0131n Ye\u015fil\u00e7am\u2019\u0131n \u2018k\u00f6t\u00fc adamlar\u0131yla\u2019 bulu\u015ftu\" data-image-description=\"&lt;p&gt;C\u00fcneyt Ark\u0131n Ye\u015fil\u00e7am\u2019\u0131n \u2018k\u00f6t\u00fc adamlar\u0131yla\u2019 bulu\u015ftu&lt;\/p&gt; \" data-medium-file=\"https:\/\/i0.wp.com\/www.tvturk.com\/wp-content\/uploads\/2019\/02\/cuneyt-arkin-yesilcamin-kotu-adamlariyla-bulustu_5d32157.jpg?fit=300%2C200\" data-large-file=\"https:\/\/i0.wp.com\/www.tvturk.com\/wp-content\/uploads\/2019\/02\/cuneyt-arkin-yesilcamin-kotu-adamlariyla-bulustu_5d32157.jpg?fit=1000%2C666\" src=\"https:\/\/i0.wp.com\/www.tvturk.com\/wp-content\/uploads\/2019\/02\/cuneyt-arkin-yesilcamin-kotu-adamlariyla-bulustu_5d32157.jpg?w=121&#038;h=81\" srcset=\"https:\/\/i0.wp.com\/www.tvturk.com\/wp-content\/uploads\/2019\/02\/cuneyt-arkin-yesilcamin-kotu-adamlariyla-bulustu_5d32157.jpg?w=1000 1000w, https:\/\/i0.wp.com\/www.tvturk.com\/wp-content\/uploads\/2019\/02\/cuneyt-arkin-yesilcamin-kotu-adamlariyla-bulustu_5d32157.jpg?resize=150%2C100 150w, https:\/\/i0.wp.com\/www.tvturk.com\/wp-content\/uploads\/2019\/02\/cuneyt-arkin-yesilcamin-kotu-adamlariyla-bulustu_5d32157.jpg?resize=300%2C200 300w, https:\/\/i0.wp.com\/www.tvturk.com\/wp-content\/uploads\/2019\/02\/cuneyt-arkin-yesilcamin-kotu-adamlariyla-bulustu_5d32157.jpg?resize=768%2C511 768w, https:\/\/i0.wp.com\/www.tvturk.com\/wp-content\/uploads\/2019\/02\/cuneyt-arkin-yesilcamin-kotu-adamlariyla-bulustu_5d32157.jpg?resize=170%2C113 170w, https:\/\/i0.wp.com\/www.tvturk.com\/wp-content\/uploads\/2019\/02\/cuneyt-arkin-yesilcamin-kotu-adamlariyla-bulustu_5d32157.jpg?resize=120%2C80 120w, https:\/\/i0.wp.com\/www.tvturk.com\/wp-content\/uploads\/2019\/02\/cuneyt-arkin-yesilcamin-kotu-adamlariyla-bulustu_5d32157.jpg?resize=80%2C55 80w\" width=\"121\" height=\"81\" loading=\"lazy\" data-original-width=\"121\" data-original-height=\"81\" itemprop=\"http:\/\/schema.org\/image\" title=\"C\u00fcneyt Ark\u0131n Ye\u015fil\u00e7am\u2019\u0131n \u2018k\u00f6t\u00fc adamlar\u0131yla\u2019 bulu\u015ftu\" alt=\"C\u00fcneyt Ark\u0131n Ye\u015fil\u00e7am\u2019\u0131n \u2018k\u00f6t\u00fc adamlar\u0131yla\u2019 bulu\u015ftu\" style=\"width: 121px; height: 81px;\" \/> <\/a> <\/div> <\/div> <!-- close group --> <\/div> <!-- close row --> <\/div><\/p>\n","protected":false},"excerpt":{"rendered":"<p>T\u00dcRK S\u0130NEMASININ EFSANE \u0130S\u0130MLER\u0130NDEN C\u00dcNEYT ARKIN, YE\u015e\u0130L\u00c7AM\u2019IN K\u00d6T\u00dc ADAM ROLLER\u0130YLE HAFIZALARDA KALAN  ARKADA\u015eLARIYLA YILLAR SONRA B\u0130R ARAYA GELD\u0130. KOVALAMACA SAHNES\u0130YLE ALANA G\u0130R\u0130\u015e YAPAN YE\u015e\u0130L\u00c7AM OYUNCULARI, YAKLA\u015eIK YARIM ASIR SONRA CANLANDIRDIKLARI SAHNEYLE \u0130ZLEYENLER\u0130 ADETA ESK\u0130 G\u00dcNLERE G\u00d6T\u00dcRD\u00dc.<\/p>\n","protected":false},"author":1,"featured_media":19034,"comment_status":"closed","ping_status":"open","sticky":false,"template":"","format":"standard","meta":{"jetpack_post_was_ever_published":false,"_jetpack_newsletter_access":"","_jetpack_dont_email_post_to_subs":false,"_jetpack_newsletter_tier_id":0,"_jetpack_memberships_contains_paywalled_content":false,"_jetpack_memberships_contains_paid_content":false,"footnotes":"","jetpack_publicize_message":"","jetpack_publicize_feature_enabled":true,"jetpack_social_post_already_shared":false,"jetpack_social_options":{"image_generator_settings":{"template":"highway","default_image_id":0,"font":"","enabled":false},"version":2}},"categories":[656],"tags":[8562,7522,8560,389,8559,8561],"class_list":["post-19033","post","type-post","status-publish","format-standard","has-post-thumbnail","hentry","category-kultur-sanat","tag-kotu","tag-adamlariyla","tag-arkin","tag-bulustu","tag-cuneyt","tag-yesilcamin"],"jetpack_publicize_connections":[],"jetpack_featured_media_url":"https:\/\/i0.wp.com\/www.tvturk.com\/wp-content\/uploads\/2019\/02\/cuneyt-arkin-yesilcamin-kotu-adamlariyla-bulustu_db5e033.jpg?fit=1000%2C666","jetpack_sharing_enabled":true,"jetpack_shortlink":"https:\/\/wp.me\/paKIfm-4WZ","_links":{"self":[{"href":"http:\/\/www.tvturk.com\/index.php\/wp-json\/wp\/v2\/posts\/19033","targetHints":{"allow":["GET"]}}],"collection":[{"href":"http:\/\/www.tvturk.com\/index.php\/wp-json\/wp\/v2\/posts"}],"about":[{"href":"http:\/\/www.tvturk.com\/index.php\/wp-json\/wp\/v2\/types\/post"}],"author":[{"embeddable":true,"href":"http:\/\/www.tvturk.com\/index.php\/wp-json\/wp\/v2\/users\/1"}],"replies":[{"embeddable":true,"href":"http:\/\/www.tvturk.com\/index.php\/wp-json\/wp\/v2\/comments?post=19033"}],"version-history":[{"count":1,"href":"http:\/\/www.tvturk.com\/index.php\/wp-json\/wp\/v2\/posts\/19033\/revisions"}],"predecessor-version":[{"id":19042,"href":"http:\/\/www.tvturk.com\/index.php\/wp-json\/wp\/v2\/posts\/19033\/revisions\/19042"}],"wp:featuredmedia":[{"embeddable":true,"href":"http:\/\/www.tvturk.com\/index.php\/wp-json\/wp\/v2\/media\/19034"}],"wp:attachment":[{"href":"http:\/\/www.tvturk.com\/index.php\/wp-json\/wp\/v2\/media?parent=19033"}],"wp:term":[{"taxonomy":"category","embeddable":true,"href":"http:\/\/www.tvturk.com\/index.php\/wp-json\/wp\/v2\/categories?post=19033"},{"taxonomy":"post_tag","embeddable":true,"href":"http:\/\/www.tvturk.com\/index.php\/wp-json\/wp\/v2\/tags?post=19033"}],"curies":[{"name":"wp","href":"https:\/\/api.w.org\/{rel}","templated":true}]}}