{"id":190333,"date":"2019-08-05T12:16:41","date_gmt":"2019-08-05T09:16:41","guid":{"rendered":"http:\/\/www.tvturk.com\/index.php\/hoy-tur-ankarayi-renklendiriyor\/"},"modified":"2019-08-05T12:16:41","modified_gmt":"2019-08-05T09:16:41","slug":"hoy-tur-ankarayi-renklendiriyor","status":"publish","type":"post","link":"http:\/\/www.tvturk.com\/index.php\/hoy-tur-ankarayi-renklendiriyor\/","title":{"rendered":"Hoy-Tur Ankara\u2019y\u0131 renklendiriyor"},"content":{"rendered":"<p>\u00c7ankaya Belediyesinin d\u00fcnya \u015fampiyonu halk danslar\u0131 toplulu\u011fu Hoy-Tur, A\u011fustos\u2019un ilk haftas\u0131nda Ankara turnesine \u00e7\u0131kt\u0131. \u0130lk g\u00f6sterisini Ulus Atat\u00fcrk An\u0131t\u0131 \u00f6n\u00fcnde ger\u00e7ekle\u015ftiren topluluk hafta sonu da Alt\u0131nda\u011f Hamam\u00f6n\u00fc\u2019ne konuk oldu<\/p>\n<p>\u00c7ankaya Belediyesinin d\u00fcnya \u015fampiyonu halk danslar\u0131 toplulu\u011fu Hoy-Tur, bu y\u0131l 12 A\u011fustos\u2019ta 62\u2019ncisi d\u00fczenlenecek Fransa Confolens D\u00fcnya Danslar\u0131 ve M\u00fczi\u011fi Festivali \u00f6ncesinde Ankara turnesine \u00e7\u0131kt\u0131. Ba\u015fkentin \u00f6nemli meydanlar\u0131nda haz\u0131rlad\u0131\u011f\u0131 g\u00f6sterisiyle Ankaral\u0131larla bulu\u015fan topluluk, A\u011fustos ay\u0131n\u0131n ilk haftas\u0131nda \u00f6nce Ulus Atat\u00fcrk An\u0131t\u0131 \u00f6n\u00fcnde ba\u015fkentlilerle bulu\u015ftu. Bu y\u0131l sahneledikleri ve b\u00fcy\u00fck be\u011feni toplayan &#8220;Renkler&#8221; adl\u0131 g\u00f6steriyle Anadolu\u2019nun renklerini d\u00fcnya dans arenas\u0131na \u00e7\u0131karmaya haz\u0131rlanan Hoy-Tur, Ulus\u2019ta d\u00fczenledikleri g\u00f6steriyle Ankaral\u0131lar\u0131n b\u00fcy\u00fck be\u011fenisini kazand\u0131.<\/p>\n<p>Ankaral\u0131larla birlikte dans ettiler<\/p>\n<p>T\u00fcrkiye\u2019nin en b\u00fcy\u00fck halk danslar\u0131 topluluklar\u0131ndan biri olan Hoy-Tur, Ulus\u2019un ard\u0131ndan ikinci g\u00f6sterilerini ise Alt\u0131nda\u011f il\u00e7esi Hamam\u00f6n\u00fc Meydan\u0131\u2019nda ger\u00e7ekle\u015ftirdi. Hamam\u00f6n\u00fc\u2019nde Karadeniz r\u00fczgar\u0131 estiren topluluk, g\u00f6sterilerinin sonunda ise izleyicileri sahneye \u00e7\u0131kart\u0131p, ba\u015fkentlilerle Hamam\u00f6n\u00fc\u2019nde uzun bir halay olu\u015fturdu. Grubun Ankara turnesi 6 A\u011fustos Sal\u0131 g\u00fcn\u00fc Sincan Lale Meydan\u2019\u0131ndaki g\u00f6sterisiyle sona erecek.<\/p>\n","protected":false},"excerpt":{"rendered":"<p>\u00c7ANKAYA BELED\u0130YES\u0130N\u0130N D\u00dcNYA \u015eAMP\u0130YONU HALK DANSLARI TOPLULU\u011eU HOY-TUR, A\u011eUSTOS&#8217;UN \u0130LK HAFTASINDA ANKARA TURNES\u0130NE \u00c7IKTI. \u0130LK G\u00d6STER\u0130S\u0130N\u0130 ULUS ATAT\u00dcRK ANITI \u00d6N\u00dcNDE GER\u00c7EKLE\u015eT\u0130REN TOPLULUK HAFTA SONU DA ALTINDA\u011e HAMAM\u00d6N\u00dc&#8217;NE KONUK OLDU.<\/p>\n","protected":false},"author":1,"featured_media":190334,"comment_status":"closed","ping_status":"open","sticky":false,"template":"","format":"standard","meta":{"jetpack_post_was_ever_published":false,"_jetpack_newsletter_access":"","_jetpack_dont_email_post_to_subs":false,"_jetpack_newsletter_tier_id":0,"_jetpack_memberships_contains_paywalled_content":false,"_jetpack_memberships_contains_paid_content":false,"footnotes":"","jetpack_publicize_message":"","jetpack_publicize_feature_enabled":true,"jetpack_social_post_already_shared":true,"jetpack_social_options":{"image_generator_settings":{"template":"highway","default_image_id":0,"font":"","enabled":false},"version":2}},"categories":[1],"tags":[15139,47546,47547],"class_list":["post-190333","post","type-post","status-publish","format-standard","has-post-thumbnail","hentry","category-genel","tag-ankarayi","tag-hoy-tur","tag-renklendiriyor"],"jetpack_publicize_connections":[],"jetpack_featured_media_url":"https:\/\/i0.wp.com\/www.tvturk.com\/wp-content\/uploads\/2019\/08\/hoy-tur-ankarayi-renklendiriyor_2c21991.jpg?fit=1000%2C666","jetpack_sharing_enabled":true,"jetpack_shortlink":"https:\/\/wp.me\/paKIfm-NvT","_links":{"self":[{"href":"http:\/\/www.tvturk.com\/index.php\/wp-json\/wp\/v2\/posts\/190333","targetHints":{"allow":["GET"]}}],"collection":[{"href":"http:\/\/www.tvturk.com\/index.php\/wp-json\/wp\/v2\/posts"}],"about":[{"href":"http:\/\/www.tvturk.com\/index.php\/wp-json\/wp\/v2\/types\/post"}],"author":[{"embeddable":true,"href":"http:\/\/www.tvturk.com\/index.php\/wp-json\/wp\/v2\/users\/1"}],"replies":[{"embeddable":true,"href":"http:\/\/www.tvturk.com\/index.php\/wp-json\/wp\/v2\/comments?post=190333"}],"version-history":[{"count":0,"href":"http:\/\/www.tvturk.com\/index.php\/wp-json\/wp\/v2\/posts\/190333\/revisions"}],"wp:featuredmedia":[{"embeddable":true,"href":"http:\/\/www.tvturk.com\/index.php\/wp-json\/wp\/v2\/media\/190334"}],"wp:attachment":[{"href":"http:\/\/www.tvturk.com\/index.php\/wp-json\/wp\/v2\/media?parent=190333"}],"wp:term":[{"taxonomy":"category","embeddable":true,"href":"http:\/\/www.tvturk.com\/index.php\/wp-json\/wp\/v2\/categories?post=190333"},{"taxonomy":"post_tag","embeddable":true,"href":"http:\/\/www.tvturk.com\/index.php\/wp-json\/wp\/v2\/tags?post=190333"}],"curies":[{"name":"wp","href":"https:\/\/api.w.org\/{rel}","templated":true}]}}