{"id":190351,"date":"2019-08-05T12:32:17","date_gmt":"2019-08-05T09:32:17","guid":{"rendered":"http:\/\/www.tvturk.com\/index.php\/esi-3-cocugu-ile-birlikte-terk-etti-harabe-evde-yasama-tutunmaya-calisiyor\/"},"modified":"2019-08-05T12:32:17","modified_gmt":"2019-08-05T09:32:17","slug":"esi-3-cocugu-ile-birlikte-terk-etti-harabe-evde-yasama-tutunmaya-calisiyor","status":"publish","type":"post","link":"http:\/\/www.tvturk.com\/index.php\/esi-3-cocugu-ile-birlikte-terk-etti-harabe-evde-yasama-tutunmaya-calisiyor\/","title":{"rendered":"E\u015fi 3 \u00e7ocu\u011fu ile birlikte terk etti, harabe evde ya\u015fama tutunmaya \u00e7al\u0131\u015f\u0131yor"},"content":{"rendered":"<p>Siirt\u2019te ya\u015fayan 51 ya\u015f\u0131ndaki i\u015fitme engelli Recai Kurban\u2019\u0131n e\u015fi, 4 \u00e7ocu\u011fundan 3\u2019\u00fcn\u00fc alarak kendisini terk etti. Tek \u00e7ocu\u011fu ile y\u0131k\u0131lma tehlikesi bulunan evde ya\u015fam m\u00fccadelesi veren Kurban, yetkililerden yard\u0131m bekliyor.<\/p>\n<p>Siirt\u2019te ya\u015fayan 4 \u00e7ocuk babas\u0131 Recai Kurban\u2019\u0131n e\u015fi, ge\u00e7ti\u011fimiz y\u0131llarda 3 \u00e7ocu\u011funu alarak kendisini terk etti. \u0130\u015fitme engeli nedeni ile zor zamanlar ge\u00e7iren Kurban, bir \u00e7ocu\u011fu ile hayata tutunmaya \u00e7al\u0131\u015f\u0131yor. Y\u0131k\u0131lmaya y\u00fcz tutan evde her g\u00fcn \u00f6l\u00fcm\u00fc bekleyen Kurban, yetkililerden kendilerine yard\u0131m edilmesini bekliyor.<\/p>\n<p>Siirt, \u0130\u015fitme Engeliler Derne\u011fi \u00fcyelerinden Umut \u00d6zta\u015f\u2019\u0131n terc\u00fcme etmesi ile ileti\u015fime ge\u00e7ilen Kurban, y\u0131k\u0131lmak \u00fczere olan evde ya\u015fam m\u00fccadelesi verdiklerini s\u00f6yledi. Kurban, \u201cE\u015fim beni terk etti, 3 \u00e7ocu\u011fum \u015fu anda anneleri ile kal\u0131yor, ben ve bir \u00e7ocu\u011fum bu evde kal\u0131yoruz. \u00c7al\u0131\u015fam\u0131yorum. Herkesten yard\u0131m istiyorum. Kimse bana yard\u0131m etmedi, kimseye derdimi anlatam\u0131yorum. \u0130\u015fitme engelli oldu\u011fum i\u00e7in 3 \u00e7ocu\u011fum annesiyle kal\u0131yor. Ka\u00e7 senedir bu evde ya\u015f\u0131yorum. \u00c7ocu\u011fumla burada m\u00fccadele ediyorum. Onun i\u00e7in her \u015feyi yap\u0131yorum. Benim sesimin duyulmas\u0131n\u0131 ve yetkililerin bana yard\u0131m etmesini bekliyorum\u201d dedi.<\/p>\n","protected":false},"excerpt":{"rendered":"<p>S\u0130\u0130RT&#8217;TE YA\u015eAYAN 51 YA\u015eINDAK\u0130 \u0130\u015e\u0130TME ENGELL\u0130 RECA\u0130 KURBAN\u2019IN E\u015e\u0130, 4 \u00c7OCU\u011eUNDAN 3\u2019\u00dcN\u00dc ALARAK KEND\u0130S\u0130N\u0130 TERK ETT\u0130. TEK \u00c7OCU\u011eU \u0130LE YIKILMA TEHL\u0130KES\u0130 BULUNAN EVDE YA\u015eAM M\u00dcCADELES\u0130 VEREN KURBAN, YETK\u0130L\u0130LERDEN YARDIM BEKL\u0130YOR.<\/p>\n","protected":false},"author":1,"featured_media":190352,"comment_status":"closed","ping_status":"open","sticky":false,"template":"","format":"standard","meta":{"jetpack_post_was_ever_published":false,"_jetpack_newsletter_access":"","_jetpack_dont_email_post_to_subs":false,"_jetpack_newsletter_tier_id":0,"_jetpack_memberships_contains_paywalled_content":false,"_jetpack_memberships_contains_paid_content":false,"footnotes":"","jetpack_publicize_message":"","jetpack_publicize_feature_enabled":true,"jetpack_social_post_already_shared":true,"jetpack_social_options":{"image_generator_settings":{"template":"highway","default_image_id":0,"font":"","enabled":false},"version":2}},"categories":[1],"tags":[4714,3789,1422,3647,4703,207,30918,192,9869,26358,19435],"class_list":["post-190351","post","type-post","status-publish","format-standard","has-post-thumbnail","hentry","category-genel","tag-evde","tag-birlikte","tag-calisiyor","tag-cocugu","tag-esi","tag-etti","tag-harabe","tag-ile","tag-terk","tag-tutunmaya","tag-yasama"],"jetpack_publicize_connections":[],"jetpack_featured_media_url":"https:\/\/i0.wp.com\/www.tvturk.com\/wp-content\/uploads\/2019\/08\/esi-3-cocugu-ile-birlikte-terk-etti-harabe-evde-yasama-tutunmaya-calisiyor_238922b.jpg?fit=1000%2C666","jetpack_sharing_enabled":true,"jetpack_shortlink":"https:\/\/wp.me\/paKIfm-Nwb","_links":{"self":[{"href":"http:\/\/www.tvturk.com\/index.php\/wp-json\/wp\/v2\/posts\/190351","targetHints":{"allow":["GET"]}}],"collection":[{"href":"http:\/\/www.tvturk.com\/index.php\/wp-json\/wp\/v2\/posts"}],"about":[{"href":"http:\/\/www.tvturk.com\/index.php\/wp-json\/wp\/v2\/types\/post"}],"author":[{"embeddable":true,"href":"http:\/\/www.tvturk.com\/index.php\/wp-json\/wp\/v2\/users\/1"}],"replies":[{"embeddable":true,"href":"http:\/\/www.tvturk.com\/index.php\/wp-json\/wp\/v2\/comments?post=190351"}],"version-history":[{"count":0,"href":"http:\/\/www.tvturk.com\/index.php\/wp-json\/wp\/v2\/posts\/190351\/revisions"}],"wp:featuredmedia":[{"embeddable":true,"href":"http:\/\/www.tvturk.com\/index.php\/wp-json\/wp\/v2\/media\/190352"}],"wp:attachment":[{"href":"http:\/\/www.tvturk.com\/index.php\/wp-json\/wp\/v2\/media?parent=190351"}],"wp:term":[{"taxonomy":"category","embeddable":true,"href":"http:\/\/www.tvturk.com\/index.php\/wp-json\/wp\/v2\/categories?post=190351"},{"taxonomy":"post_tag","embeddable":true,"href":"http:\/\/www.tvturk.com\/index.php\/wp-json\/wp\/v2\/tags?post=190351"}],"curies":[{"name":"wp","href":"https:\/\/api.w.org\/{rel}","templated":true}]}}