{"id":190353,"date":"2019-08-05T12:32:38","date_gmt":"2019-08-05T09:32:38","guid":{"rendered":"http:\/\/www.tvturk.com\/index.php\/burhaniyede-ozel-sporcular-dunya-sampiyonu-oldu\/"},"modified":"2019-08-05T12:32:38","modified_gmt":"2019-08-05T09:32:38","slug":"burhaniyede-ozel-sporcular-dunya-sampiyonu-oldu","status":"publish","type":"post","link":"http:\/\/www.tvturk.com\/index.php\/burhaniyede-ozel-sporcular-dunya-sampiyonu-oldu\/","title":{"rendered":"Burhaniye\u2019de \u00f6zel sporcular d\u00fcnya \u015fampiyonu oldu"},"content":{"rendered":"<p>Burhaniye il\u00e7esinde,  01-04 A\u011fustos  tarihleri aras\u0131nda \u0130svi\u00e7re\u2019nin Notwill kentinde d\u00fczenlenen, IPC-Atletizm Gen\u00e7ler D\u00fcnya \u015eampiyonas\u0131\u2019na  kat\u0131lan \u00f6zel sporcu Muhsine Gezer ve Sevim Demircan d\u00fcnya \u015fampiyonlu\u011fu ile yurdu d\u00f6nd\u00fc. T\u00fcrk Milli Tak\u0131m\u0131\u2019nda yar\u0131\u015fan Gezer ve Demircan\u2019\u0131n ba\u015far\u0131lar\u0131 b\u00fcy\u00fck sevince neden olurken, ba\u015far\u0131l\u0131 sporcular Bal\u0131kesir ve Burhaniye\u2019nin gururu oldu.<\/p>\n<p>Burhaniyeli sporcular, antren\u00f6rleri Deniz Ereno\u011flu\u2019nun \u00f6nc\u00fcl\u00fc\u011f\u00fcnde, \u0130svi\u00e7re\u2019nin Notwill kentinde d\u00fczenlenen, IPC-Atletizm Gen\u00e7ler D\u00fcnya \u015eampiyonas\u0131\u2019nda destan yazd\u0131lar. Muhsine Gezer, U17 kategorisinde 400 metrede d\u00fcnya \u015fampiyonlu\u011funun ard\u0131ndan 1500 metrede de d\u00fcnya \u015fampiyonu olurken, Sevim Demircan ise 400 metrede d\u00fcnya \u00fc\u00e7\u00fcnc\u00fcs\u00fc oldu. Ba\u015far\u0131l\u0131 sporcular, yurda d\u00f6nerken, Bal\u0131kesir\u2019in ve Burhaniye\u2019nin gururu haline geldi. Ba\u015far\u0131l\u0131 sporcular\u0131 kutlayan Burhaniye Kaymakam\u0131 H\u00fcseyin \u00d6ner, \u201cBu sporcular\u0131m\u0131z daha \u00f6ncede b\u00fcy\u00fck ba\u015far\u0131lara imza att\u0131lar. Bu defa gene, uluslar aras\u0131  yar\u0131\u015fmada  \u00fclkemizin, ilimizin ve il\u00e7emizin sesini duyurdular.  Bu gen\u00e7lerimizi tebrik ediyorum. Antren\u00f6rleri Deniz Ereno\u011flu\u2019nu da tebrik ediyorum. Her zaman yanlar\u0131nda olaca\u011f\u0131z\u201d dedi.<\/p>\n","protected":false},"excerpt":{"rendered":"<p>MUHS\u0130NE GEZER VE SEV\u0130M DEM\u0130RCAN ANTREN\u00d6R DEN\u0130Z  ERENO\u011eLU \u0130LE<\/p>\n","protected":false},"author":1,"featured_media":190354,"comment_status":"closed","ping_status":"open","sticky":false,"template":"","format":"standard","meta":{"jetpack_post_was_ever_published":false,"_jetpack_newsletter_access":"","_jetpack_dont_email_post_to_subs":false,"_jetpack_newsletter_tier_id":0,"_jetpack_memberships_contains_paywalled_content":false,"_jetpack_memberships_contains_paid_content":false,"footnotes":"","jetpack_publicize_message":"","jetpack_publicize_feature_enabled":true,"jetpack_social_post_already_shared":true,"jetpack_social_options":{"image_generator_settings":{"template":"highway","default_image_id":0,"font":"","enabled":false},"version":2}},"categories":[657],"tags":[349,1073,4759,77,2415,3413],"class_list":["post-190353","post","type-post","status-publish","format-standard","has-post-thumbnail","hentry","category-spor","tag-dunya","tag-ozel","tag-burhaniyede","tag-oldu","tag-sampiyonu","tag-sporcular"],"jetpack_publicize_connections":[],"jetpack_featured_media_url":"https:\/\/i0.wp.com\/www.tvturk.com\/wp-content\/uploads\/2019\/08\/burhaniyede-ozel-sporcular-dunya-sampiyonu-oldu_65e080a.jpg?fit=1000%2C722","jetpack_sharing_enabled":true,"jetpack_shortlink":"https:\/\/wp.me\/paKIfm-Nwd","_links":{"self":[{"href":"http:\/\/www.tvturk.com\/index.php\/wp-json\/wp\/v2\/posts\/190353","targetHints":{"allow":["GET"]}}],"collection":[{"href":"http:\/\/www.tvturk.com\/index.php\/wp-json\/wp\/v2\/posts"}],"about":[{"href":"http:\/\/www.tvturk.com\/index.php\/wp-json\/wp\/v2\/types\/post"}],"author":[{"embeddable":true,"href":"http:\/\/www.tvturk.com\/index.php\/wp-json\/wp\/v2\/users\/1"}],"replies":[{"embeddable":true,"href":"http:\/\/www.tvturk.com\/index.php\/wp-json\/wp\/v2\/comments?post=190353"}],"version-history":[{"count":0,"href":"http:\/\/www.tvturk.com\/index.php\/wp-json\/wp\/v2\/posts\/190353\/revisions"}],"wp:featuredmedia":[{"embeddable":true,"href":"http:\/\/www.tvturk.com\/index.php\/wp-json\/wp\/v2\/media\/190354"}],"wp:attachment":[{"href":"http:\/\/www.tvturk.com\/index.php\/wp-json\/wp\/v2\/media?parent=190353"}],"wp:term":[{"taxonomy":"category","embeddable":true,"href":"http:\/\/www.tvturk.com\/index.php\/wp-json\/wp\/v2\/categories?post=190353"},{"taxonomy":"post_tag","embeddable":true,"href":"http:\/\/www.tvturk.com\/index.php\/wp-json\/wp\/v2\/tags?post=190353"}],"curies":[{"name":"wp","href":"https:\/\/api.w.org\/{rel}","templated":true}]}}