{"id":190381,"date":"2019-08-05T13:46:37","date_gmt":"2019-08-05T10:46:37","guid":{"rendered":"http:\/\/www.tvturk.com\/index.php\/tugsavdan-evleri-yikilma-asamasinda-olan-aileye-yardim\/"},"modified":"2019-08-05T13:46:37","modified_gmt":"2019-08-05T10:46:37","slug":"tugsavdan-evleri-yikilma-asamasinda-olan-aileye-yardim","status":"publish","type":"post","link":"http:\/\/www.tvturk.com\/index.php\/tugsavdan-evleri-yikilma-asamasinda-olan-aileye-yardim\/","title":{"rendered":"T\u00dcG\u015eAV\u2019dan evleri y\u0131k\u0131lma a\u015famas\u0131nda olan aileye yard\u0131m"},"content":{"rendered":"<p>Batman merkeze ba\u011fl\u0131 Yayl\u0131ca k\u00f6y\u00fcnde oturan, daha \u00f6nce evi ve ah\u0131r\u0131 \u00e7\u00f6kt\u00fc\u011f\u00fc i\u00e7in derme \u00e7atma bir evde ya\u015fayan 7 \u00e7ocuklu Bozkurt ailesine T\u00fcrkiye Gaziler ve \u015eehit Aileleri Vakf\u0131 yard\u0131m eli uzatt\u0131.<\/p>\n<p>\u00c7\u00f6ken evin yerine yeni bir ev yap\u0131lmas\u0131 amac\u0131yla vak\u0131f taraf\u0131ndan al\u0131nan briket, asmolin ve \u00e7imentolar aileye teslim edildi. Muzaffer Bozkurt, daha \u00f6nce defalarca resmi kurumlara ba\u015fvurmas\u0131na ra\u011fmen, herhangi bir yard\u0131m alamad\u0131\u011f\u0131n\u0131 belirterek yard\u0131mlar\u0131ndan dolay\u0131 T\u00fcrkiye Gaziler ve \u015eehit Aileleri Vakf\u0131 Batman \u015eube Ba\u015fkan\u0131 \u00d6mer Pekacar\u2019a te\u015fekk\u00fcr etti.<\/p>\n<p>Vak\u0131f Ba\u015fkan\u0131 \u00d6mer D\u00fcndar Pekacar da, &#8220;Bozkurt ailesi, tavan\u0131 \u00e7\u00f6kmesin diye tahtalarla tutturulan, pencereleri naylon ile kapat\u0131lmaya \u00e7al\u0131\u015f\u0131lan ama bu naylonlar\u0131n da y\u0131rt\u0131ld\u0131\u011f\u0131, her yerinde deliklerin ve oluklar\u0131n a\u00e7\u0131ld\u0131\u011f\u0131 bir evde ya\u015f\u0131yor. Ev \u00e7\u00f6kmek \u00fczere ve bu ev \u00e7\u00f6kerse sadece hasta bir baba, \u00e7aresiz bir anne ve g\u00fcnahs\u0131z 7 \u00e7ocuk \u00f6lmeyecek, insanl\u0131k onuru da \u00f6lecek. Her \u015feyi devletten beklemek yerine, gayriinsani \u015fartlarda ya\u015fayan Bozkurt ailesine biz destek olmaya \u00e7al\u0131\u015ft\u0131k. 9 n\u00fcfuslu ailenin ya\u015fayabilece\u011fi g\u00fczel bir evi in\u015fallah in\u015fa edece\u011fiz. Ancak evi yapmakla ailenin ihtiya\u00e7lar\u0131 bitmiyor. Hay\u0131rsever vatanda\u015flar\u0131m\u0131z\u0131, yoklu\u011fun en ac\u0131 halini ya\u015fayan Bozkurt ailesine sahip \u00e7\u0131kmaya davet ediyorum&#8221; dedi.<\/p>\n","protected":false},"excerpt":{"rendered":"<p>BATMAN MERKEZE BA\u011eLI YAYLICA K\u00d6Y\u00dcNDE OTURAN, DAHA \u00d6NCE EV\u0130 VE AHIRI \u00c7\u00d6KT\u00dc\u011e\u00dc \u0130\u00c7\u0130N DERME \u00c7ATMA B\u0130R EVDE YA\u015eAYAN 7 \u00c7OCUKLU BOZKURT A\u0130LES\u0130NE T\u00dcRK\u0130YE GAZ\u0130LER VE \u015eEH\u0130T A\u0130LELER\u0130 VAKFI YARDIM EL\u0130 UZATTI.<\/p>\n","protected":false},"author":1,"featured_media":190382,"comment_status":"closed","ping_status":"open","sticky":false,"template":"","format":"standard","meta":{"jetpack_post_was_ever_published":false,"_jetpack_newsletter_access":"","_jetpack_dont_email_post_to_subs":false,"_jetpack_newsletter_tier_id":0,"_jetpack_memberships_contains_paywalled_content":false,"_jetpack_memberships_contains_paid_content":false,"footnotes":"","jetpack_publicize_message":"","jetpack_publicize_feature_enabled":true,"jetpack_social_post_already_shared":true,"jetpack_social_options":{"image_generator_settings":{"template":"highway","default_image_id":0,"font":"","enabled":false},"version":2}},"categories":[1],"tags":[10251,16231,6595,572,33186,1736,11500],"class_list":["post-190381","post","type-post","status-publish","format-standard","has-post-thumbnail","hentry","category-genel","tag-aileye","tag-asamasinda","tag-evleri","tag-olan","tag-tugsavdan","tag-yardim","tag-yikilma"],"jetpack_publicize_connections":[],"jetpack_featured_media_url":"https:\/\/i0.wp.com\/www.tvturk.com\/wp-content\/uploads\/2019\/08\/tugsavdan-evleri-yikilma-asamasinda-olan-aileye-yardim_76c8e72.jpg?fit=1000%2C750","jetpack_sharing_enabled":true,"jetpack_shortlink":"https:\/\/wp.me\/paKIfm-NwF","_links":{"self":[{"href":"http:\/\/www.tvturk.com\/index.php\/wp-json\/wp\/v2\/posts\/190381","targetHints":{"allow":["GET"]}}],"collection":[{"href":"http:\/\/www.tvturk.com\/index.php\/wp-json\/wp\/v2\/posts"}],"about":[{"href":"http:\/\/www.tvturk.com\/index.php\/wp-json\/wp\/v2\/types\/post"}],"author":[{"embeddable":true,"href":"http:\/\/www.tvturk.com\/index.php\/wp-json\/wp\/v2\/users\/1"}],"replies":[{"embeddable":true,"href":"http:\/\/www.tvturk.com\/index.php\/wp-json\/wp\/v2\/comments?post=190381"}],"version-history":[{"count":0,"href":"http:\/\/www.tvturk.com\/index.php\/wp-json\/wp\/v2\/posts\/190381\/revisions"}],"wp:featuredmedia":[{"embeddable":true,"href":"http:\/\/www.tvturk.com\/index.php\/wp-json\/wp\/v2\/media\/190382"}],"wp:attachment":[{"href":"http:\/\/www.tvturk.com\/index.php\/wp-json\/wp\/v2\/media?parent=190381"}],"wp:term":[{"taxonomy":"category","embeddable":true,"href":"http:\/\/www.tvturk.com\/index.php\/wp-json\/wp\/v2\/categories?post=190381"},{"taxonomy":"post_tag","embeddable":true,"href":"http:\/\/www.tvturk.com\/index.php\/wp-json\/wp\/v2\/tags?post=190381"}],"curies":[{"name":"wp","href":"https:\/\/api.w.org\/{rel}","templated":true}]}}