{"id":190395,"date":"2019-08-05T14:01:43","date_gmt":"2019-08-05T11:01:43","guid":{"rendered":"http:\/\/www.tvturk.com\/index.php\/volkswagenin-sirket-yonetiminden-torbaliya-yatirim-yaniti\/"},"modified":"2019-08-05T14:01:43","modified_gmt":"2019-08-05T11:01:43","slug":"volkswagenin-sirket-yonetiminden-torbaliya-yatirim-yaniti","status":"publish","type":"post","link":"http:\/\/www.tvturk.com\/index.php\/volkswagenin-sirket-yonetiminden-torbaliya-yatirim-yaniti\/","title":{"rendered":"Volkswagen\u2019in \u015firket y\u00f6netiminden Torbal\u0131\u2019ya yat\u0131r\u0131m yan\u0131t\u0131"},"content":{"rendered":"<p>S\u0131k s\u0131k g\u00fcndem olan Volkswagen\u2019in olas\u0131 T\u00fcrkiye yat\u0131r\u0131m\u0131 i\u00e7in \u015firket y\u00f6netiminden bir yan\u0131t geldi. Torbal\u0131 Ticaret Odas\u0131 Ba\u015fkan\u0131 Olgun\u2019un davet mektubuna yan\u0131t veren \u015firketin \u00dcretim ve Lojistik\u2019ten Sorumlu Y\u00f6netim Kurulu \u00dcyesi Dr. Andreas Tostmann, &#8220;\u00c7e\u015fitli alternatif lokasyonlar\u0131, i\u00e7sel ve d\u0131\u015fsal teknik kriterleri ve stratejik bir bak\u0131\u015f \u00e7er\u00e7evesi i\u00e7inde incelemekteyiz. Karar al\u0131n\u0131r al\u0131nmaz teklifinize geri d\u00f6n\u00fc\u015f sa\u011flayaca\u011f\u0131z&#8221; dedi.<\/p>\n<p>Otomotiv end\u00fcstrisinin en b\u00fcy\u00fck markalar\u0131ndan biri olan Volkswagen, otomobillerini \u00fcretilece\u011fi yeni tesisi i\u00e7in Bulgaristan ile T\u00fcrkiye aras\u0131nda bir se\u00e7im yapaca\u011f\u0131 uzun s\u00fcredir konu\u015fuluyordu. \u015eirketin T\u00fcrkiye\u2019de yat\u0131r\u0131m yapaca\u011f\u0131n\u0131n duyulmas\u0131n\u0131n ard\u0131ndan ilk olarak Torbal\u0131\u2019daki Opel arazisi g\u00fcndeme gelmi\u015f, ard\u0131ndan Opel\u2019den \u201carazi sat\u0131l\u0131k de\u011fil\u201d a\u00e7\u0131klamas\u0131 yap\u0131lmas\u0131 \u00fczerine g\u00f6zler ba\u015fka alanlara \u00e7evrilmi\u015fti. Geli\u015fmeler \u00fczerine yo\u011fun bir lobi \u00e7al\u0131\u015fmas\u0131 yapan bu dev yat\u0131r\u0131m\u0131n Torbal\u0131\u2019ya yap\u0131lmas\u0131 i\u00e7in harekete ge\u00e7en Torbal\u0131 Ticaret Odas\u0131 Ba\u015fkan\u0131 Abdulvahap Olgun, Volkswagen\u2019e bir mektup yazd\u0131.<\/p>\n<p>\u0130\u015fte Torbal\u0131 i\u00e7in yat\u0131r\u0131m yan\u0131t\u0131<\/p>\n<p>VW Markas\u0131 Y\u00f6netim Kurulu \u00dcyesi Dr. Andreas Tostmann\u2019dan Torbal\u0131 Ticaret Odas\u0131 Ba\u015fkan\u0131 Olgun\u2019un davet mektubuna yan\u0131t geldi. Tostmann, Abdulvahap Olgun\u2019a hitaben g\u00f6nderdi\u011fi mektupta \u015fu ifadelere yer verdi:<\/p>\n<p>\u201cMektubunuz ve k\u0131ymetli davetiniz i\u00e7in \u00e7ok te\u015fekk\u00fcr ederim. Bizim i\u00e7in faydal\u0131 oldu\u011funu d\u00fc\u015f\u00fcnd\u00fc\u011f\u00fcm\u00fcz b\u00f6lgenizdeki yat\u0131r\u0131m olanaklar\u0131 ve b\u00f6lgenizin durumuyla ilgili vermi\u015f oldu\u011funuz bilgi i\u00e7in te\u015fekk\u00fcr ederiz. Lokasyon se\u00e7imimiz bir\u00e7ok a\u015famalardan ge\u00e7erek ger\u00e7ekle\u015fmektedir. Makro ekonomik geli\u015fmeler, pazar g\u00f6r\u00fc\u015fleri, tedarik\u00e7i yap\u0131s\u0131 gibi g\u00f6z \u00f6n\u00fcnde bulundu\u011fumuz bir\u00e7ok etken bulunmaktad\u0131r. \u015eu an bulundu\u011fumuz noktada \u00e7e\u015fitli alternatif lokasyonlar\u0131, i\u00e7sel ve d\u0131\u015fsal teknik kriterleriyle ve stratejik bir bak\u0131\u015f \u00e7er\u00e7evesi i\u00e7inde incelemekteyiz. Karar al\u0131n\u0131r al\u0131nmaz sizin teklifinize geri d\u00f6n\u00fc\u015f sa\u011flayaca\u011f\u0131z.\u201d<\/p>\n<p>&#8220;VW\u2019den gelen yan\u0131t, lobi \u00e7al\u0131\u015fmalar\u0131m\u0131z\u0131n bir sonucu oldu&#8221;<\/p>\n<p>Volkswagen \u00dcretim ve Lojistik\u2019ten sorumlu Y\u00f6netim Kurulu \u00dcyesi Dr. Andreas Tostmann\u2019dan gelen cevabi yaz\u0131n\u0131n kendileri i\u00e7in \u00e7ok k\u0131ymetli oldu\u011funu belirten TTO Ba\u015fkan\u0131 Olgun da, &#8220;Torbal\u0131\u2019n\u0131n yat\u0131r\u0131mlar i\u00e7in sahip oldu\u011fu potansiyeli her f\u0131rsatta dile getiriyoruz. Bu katk\u0131y\u0131 artt\u0131rmak hem de il\u00e7emizin potansiyelini daha \u00e7ok duyurmak i\u00e7in \u00e7al\u0131\u015f\u0131yoruz. Son olarak Opel, Torbal\u0131\u2019daki tesislerini Avrupa\u2019daki stratejik yedek par\u00e7a tedarik merkezi haline getirme karar\u0131 ald\u0131. Y\u0131llard\u0131r temennimiz, Opel\u2019in Torbal\u0131\u2019da kalmas\u0131yd\u0131. Ge\u00e7ti\u011fimiz hafta, davet yollad\u0131\u011f\u0131m\u0131z uluslararas\u0131 firmalardan Amerikan devi John Deere\u2019nin Torbal\u0131 yat\u0131r\u0131m\u0131n\u0131n m\u00fcjdesini verdik. \u015eimdi de enerjimizi Volkswagen\u2019in T\u00fcrkiye\u2019de yapaca\u011f\u0131 yat\u0131r\u0131mda Torbal\u0131\u2019y\u0131 se\u00e7mesi i\u00e7in kullan\u0131yoruz. VW\u2019den gelen yan\u0131t, lobi \u00e7al\u0131\u015fmalar\u0131m\u0131z\u0131n bir sonucu oldu. \u00d6ncelikli iste\u011fimiz bu yat\u0131r\u0131m\u0131n T\u00fcrkiye\u2019ye yap\u0131lmas\u0131. Ard\u0131ndan Torbal\u0131\u2019n\u0131n tercih edilmesi i\u00e7in \u00e7al\u0131\u015fmalara devam edece\u011fiz&#8221; dedi. dedi.<\/p>\n","protected":false},"excerpt":{"rendered":"<p>TORBALI T\u0130CARET ODASI BA\u015eKANI OLGUN\u2019UN (FOTO\u011eRAFTA) DAVET MEKTUBUNA YANIT VEREN \u015e\u0130RKET\u0130N \u00dcRET\u0130M VE LOJ\u0130ST\u0130K&#8217;TEN SORUMLU Y\u00d6NET\u0130M KURULU \u00dcYES\u0130 DR. ANDREAS TOSTMANN, &#8220;\u00c7E\u015e\u0130TL\u0130 ALTERNAT\u0130F LOKASYONLARI, \u0130\u00c7SEL VE DI\u015eSAL TEKN\u0130K KR\u0130TERLER\u0130 VE STRATEJ\u0130K B\u0130R BAKI\u015e \u00c7ER\u00c7EVES\u0130 \u0130\u00c7\u0130NDE \u0130NCELEMEKTEY\u0130Z. KARAR ALINIR ALINMAZ TEKL\u0130F\u0130N\u0130ZE GER\u0130 D\u00d6N\u00dc\u015e SA\u011eLAYACA\u011eIZ&#8221; DED\u0130.<\/p>\n","protected":false},"author":1,"featured_media":190396,"comment_status":"closed","ping_status":"open","sticky":false,"template":"","format":"standard","meta":{"jetpack_post_was_ever_published":false,"_jetpack_newsletter_access":"","_jetpack_dont_email_post_to_subs":false,"_jetpack_newsletter_tier_id":0,"_jetpack_memberships_contains_paywalled_content":false,"_jetpack_memberships_contains_paid_content":false,"footnotes":"","jetpack_publicize_message":"","jetpack_publicize_feature_enabled":true,"jetpack_social_post_already_shared":true,"jetpack_social_options":{"image_generator_settings":{"template":"highway","default_image_id":0,"font":"","enabled":false},"version":2}},"categories":[19],"tags":[17616,47562,46615,27835,470,2346],"class_list":["post-190395","post","type-post","status-publish","format-standard","has-post-thumbnail","hentry","category-ekonomi","tag-sirket","tag-torbaliya","tag-volkswagenin","tag-yaniti","tag-yatirim","tag-yonetiminden"],"jetpack_publicize_connections":[],"jetpack_featured_media_url":"https:\/\/i0.wp.com\/www.tvturk.com\/wp-content\/uploads\/2019\/08\/volkswagenin-sirket-yonetiminden-torbaliya-yatirim-yaniti_8ee069c.jpg?fit=820%2C1000","jetpack_sharing_enabled":true,"jetpack_shortlink":"https:\/\/wp.me\/paKIfm-NwT","_links":{"self":[{"href":"http:\/\/www.tvturk.com\/index.php\/wp-json\/wp\/v2\/posts\/190395","targetHints":{"allow":["GET"]}}],"collection":[{"href":"http:\/\/www.tvturk.com\/index.php\/wp-json\/wp\/v2\/posts"}],"about":[{"href":"http:\/\/www.tvturk.com\/index.php\/wp-json\/wp\/v2\/types\/post"}],"author":[{"embeddable":true,"href":"http:\/\/www.tvturk.com\/index.php\/wp-json\/wp\/v2\/users\/1"}],"replies":[{"embeddable":true,"href":"http:\/\/www.tvturk.com\/index.php\/wp-json\/wp\/v2\/comments?post=190395"}],"version-history":[{"count":0,"href":"http:\/\/www.tvturk.com\/index.php\/wp-json\/wp\/v2\/posts\/190395\/revisions"}],"wp:featuredmedia":[{"embeddable":true,"href":"http:\/\/www.tvturk.com\/index.php\/wp-json\/wp\/v2\/media\/190396"}],"wp:attachment":[{"href":"http:\/\/www.tvturk.com\/index.php\/wp-json\/wp\/v2\/media?parent=190395"}],"wp:term":[{"taxonomy":"category","embeddable":true,"href":"http:\/\/www.tvturk.com\/index.php\/wp-json\/wp\/v2\/categories?post=190395"},{"taxonomy":"post_tag","embeddable":true,"href":"http:\/\/www.tvturk.com\/index.php\/wp-json\/wp\/v2\/tags?post=190395"}],"curies":[{"name":"wp","href":"https:\/\/api.w.org\/{rel}","templated":true}]}}