{"id":190409,"date":"2019-08-05T14:02:44","date_gmt":"2019-08-05T11:02:44","guid":{"rendered":"http:\/\/www.tvturk.com\/index.php\/avrupa-ikincisi-olan-18-yas-alti-milli-takimi-yurda-dondu\/"},"modified":"2019-08-05T14:02:44","modified_gmt":"2019-08-05T11:02:44","slug":"avrupa-ikincisi-olan-18-yas-alti-milli-takimi-yurda-dondu","status":"publish","type":"post","link":"http:\/\/www.tvturk.com\/index.php\/avrupa-ikincisi-olan-18-yas-alti-milli-takimi-yurda-dondu\/","title":{"rendered":"Avrupa ikincisi olan 18 ya\u015f alt\u0131 Milli Tak\u0131m\u0131 yurda d\u00f6nd\u00fc"},"content":{"rendered":"<p>Yunanistan\u2019da d\u00fczenlenen 18 Ya\u015f Alt\u0131 Erkekler Avrupa Basketbol \u015eampiyonas\u0131 finalinde \u0130spanya\u2019ya 57-53 yenilerek Avrupa 2. olan T\u00fcrk Milli Tak\u0131m\u0131 \u0130stanbul\u2019a d\u00f6nd\u00fc. Milli Tak\u0131m Antren\u00f6r\u00fc Antren\u00f6r Dervi\u015f G\u00f6khan G\u00fcney, \u201cFinal ma\u00e7\u0131n\u0131n Letonya\u2019l\u0131 hakemi havaalan\u0131nda geldi ve bizden \u00f6z\u00fcr diledi\u201d dedi.<\/p>\n<p>Yunanistan\u2019da d\u00fczenlenen 18 Ya\u015f Alt\u0131 Erkekler Avrupa Basketbol \u015eampiyonas\u0131 finalinde \u0130spanya\u2019ya 57-53 yenilerek Avrupa 2. olan Basketbol Milli tak\u0131m\u0131 yurda d\u00f6nd\u00fc. Yunanistan\u2019\u0131n Selanik \u015fehrinden \u0130stanbul\u2019a gelen Milli tak\u0131m oyuncular\u0131n\u0131 ve hocalar\u0131n\u0131 \u0130stanbul Havaliman\u0131\u2019nda \u00e7i\u00e7eklerle kar\u015f\u0131lad\u0131lar. Kafileyle birlikte \u0130stanbul\u2019a gelen Basketbol Federasyonu CEO\u2019su \u00d6mer Onan, \u201c\u00c7ok gururluyuz. Turnuvan\u0131n ba\u015f\u0131ndan beri ayn\u0131 \u015fekilde oynad\u0131lar. Buraya hak ederek geldiler. Yani Fransa, Slovenya \u00fczerinde \u0130spanya ile oynad\u0131lar. Hak ettiler de biliyorsunuz zaten. 3. periyotun ba\u015f\u0131nda bir ara 8 say\u0131lara \u00e7\u0131kt\u0131 fark. Sonunda ya biraz heyecan yapt\u0131lar. Buradan A tak\u0131ma evrilecek oyuncular var o sinyali veriyorlar. Bir jenerasyon yakalamak \u00f6nemli. Bunlar bir sene sonra yine Avrupa \u015eampiyonas\u0131 oynayacak. Bizim tek amac\u0131m\u0131z buradan 4 veya 5 oyuncuyu A tak\u0131ma vermek. Hepsini tebrik ediyorum. Gurur duyuyoruz\u201d dedi.<\/p>\n<p>\u201cMa\u00e7\u0131n hakemi bizden \u00f6z\u00fcr diledi\u201d<\/p>\n<p>\u00c7ok kuvvetli bir gurupta m\u00fccadele ettiklerini s\u00f6yleyen Antren\u00f6r Dervi\u015f G\u00f6khan G\u00fcney, \u201c\u00c7ok kuvvetli bir gurupta m\u00fccadele ediyorduk \u0130ngiltere, S\u0131rbistan, Almanya \u0130ki galibiyet bir ma\u011flubiyetle bu guruptan averajla ikinci \u00e7\u0131kt\u0131k. Ondan sonra \u0130talya ile oynad\u0131k. Ondan sonra yar\u0131 finalde son Avrupa \u015eampiyonu ve D\u00fcnya ikincisi Fransa ile oynad\u0131k. \u00c7ok iyi bir ma\u00e7tan sonra onlar\u0131 yenme ba\u015far\u0131s\u0131 g\u00f6sterdik. Daha sonra \u0130spanya finali. Ma\u00e7a \u00e7ok iyi ba\u015flad\u0131k. Genelde herkes bizi daha favori olarak g\u00f6rd\u00fc. Daha tak\u0131m oldu\u011fumuzu d\u00fc\u015f\u00fcn\u00fcyorlard\u0131. \u0130yi de ba\u015flad\u0131k ama son periyottaki baz\u0131 hatalar\u0131m\u0131zdan, baz\u0131 tutukluklardan kazanamad\u0131k. Bakt\u0131\u011f\u0131n\u0131z zaman Avrupa ikincili\u011fi de iyi bir derece ama biz a\u00e7\u0131k\u00e7as\u0131 \u015fampiyon olamad\u0131\u011f\u0131m\u0131z i\u00e7in \u00fcz\u00fcl\u00fcyoruz. Son ana kadar hep m\u00fccadele ettiler. \u00c7o\u011fu ma\u00e7ta hep geriden geldik. Normalde hakem kararlar\u0131 hakk\u0131nda bu kadar konu\u015fulmaz ama \u015funun i\u00e7in konu\u015fabiliyorum, havaalan\u0131nda Letonya\u2019l\u0131 hakem geldi ve bizden \u00f6z\u00fcr diledi. Yani \u015fahsen geldi ve \u00f6z\u00fcr diledi. Yanl\u0131\u015f yapt\u0131\u011f\u0131n\u0131, yanl\u0131\u015f g\u00f6rd\u00fc\u011f\u00fcn\u00fc s\u00f6yledi. Ama biz de ona \u00e7ok ge\u00e7 oldu\u011funu s\u00f6yledik. \u00c7\u00fcnk\u00fc 3- 4 say\u0131yla biten bir ma\u00e7 vard\u0131. \u00c7ok kritikti. \u0130ki say\u0131 ma\u011fluptuk 14 saniye vard\u0131 ve top bize ge\u00e7mi\u015f olacakt\u0131. Sonra yanl\u0131\u015f \u00e7al\u0131nan bir tane Adem Bona\u2019n\u0131n blo\u011fu var. Ma\u00e7\u0131n i\u00e7inde oluyor b\u00f6yle hatalar. Hakemde sonu\u00e7ta insand\u0131r. Bahanelerin arkas\u0131na s\u0131\u011f\u0131nmamaya \u00e7al\u0131\u015f\u0131yoruz. Bizim yapt\u0131\u011f\u0131m\u0131z hatalardan kaybettik diyoruz ama final ma\u00e7\u0131 bu zaten, bu tarz hatalarda etkilemiyor de\u011fil\u201d \u015feklinde konu\u015ftu.<\/p>\n<p>\u201cTurnuvaya \u00e7ok iyi haz\u0131rland\u0131k\u201d<\/p>\n<p>Yaz boyunca turnuvaya \u00e7ok iyi haz\u0131rland\u0131klar\u0131n\u0131 s\u00f6yleyen Atakan Erdek, \u201dBiz bu turnuvaya \u00e7ok iyi haz\u0131rland\u0131k yaz boyunca. B\u00fct\u00fcn emeklerimizi bu turnuva i\u00e7in haz\u0131rlam\u0131\u015ft\u0131k. Yava\u015f yava\u015f ad\u0131mlarla finale kadar \u00e7\u0131kt\u0131k. Zorlu  rakiplerle oynad\u0131k.  S\u0131rbistan olsun Almanya olsun, Slovenler olsun, hepsiyle teker teker oynad\u0131k. G\u00fczelde bir turnuva ge\u00e7irdik. Finalde asl\u0131nda ilk yar\u0131 istedi\u011fimiz gibi top oynad\u0131k ama sonras\u0131nda bir konsantrasyon eksikli\u011fi oldu. \u0130spanya\u2019da \u00e7ok iyi top oynad\u0131. Bizim de hatalar\u0131m\u0131z vard\u0131 o son topa gelene kadar. Son topta da birka\u00e7 hata oldu orada ma\u00e7\u0131 \u00fc\u00e7 say\u0131 ile kaybettik\u201d dedi.<\/p>\n<p>Turnuvan\u0131n \u00e7ok iyi ge\u00e7ti\u011fini s\u00f6yleyen tak\u0131m kaptan\u0131 Mustafa Kurtuldum ise \u201cTurnuva \u00e7ok iyi ge\u00e7ti. \u0130yi bir tak\u0131m olduk. Ba\u015ftan sona kadar \u00e7ok iyi m\u00fccadele ettik ama sonunu getiremedik.  Ama tabii ki Avrupa ikincisi oldu\u011fumuz i\u00e7in de \u00e7ok mutluyuz\u201d ifadelerini kulland\u0131.<\/p>\n","protected":false},"excerpt":{"rendered":"<p>18 YA\u015e ALTI ERKEKLER AVRUPA BASKETBOL \u015eAMP\u0130YONASI F\u0130NAL\u0130NDE \u0130SPANYA&#8217;YA 57-53 YEN\u0130LEREK AVRUPA 2.&#8217;S\u0130 OLAN T\u00dcRK M\u0130LL\u0130 TAKIMI \u0130STANBUL\u2019A D\u00d6ND\u00dc.<\/p>\n","protected":false},"author":1,"featured_media":190410,"comment_status":"closed","ping_status":"open","sticky":false,"template":"","format":"standard","meta":{"jetpack_post_was_ever_published":false,"_jetpack_newsletter_access":"","_jetpack_dont_email_post_to_subs":false,"_jetpack_newsletter_tier_id":0,"_jetpack_memberships_contains_paywalled_content":false,"_jetpack_memberships_contains_paid_content":false,"footnotes":"","jetpack_publicize_message":"","jetpack_publicize_feature_enabled":true,"jetpack_social_post_already_shared":true,"jetpack_social_options":{"image_generator_settings":{"template":"highway","default_image_id":0,"font":"","enabled":false},"version":2}},"categories":[657],"tags":[1567,392,990,454,429,572,1462,5404,10458],"class_list":["post-190409","post","type-post","status-publish","format-standard","has-post-thumbnail","hentry","category-spor","tag-alti","tag-avrupa","tag-dondu","tag-ikincisi","tag-milli","tag-olan","tag-takimi","tag-yas","tag-yurda"],"jetpack_publicize_connections":[],"jetpack_featured_media_url":"https:\/\/i0.wp.com\/www.tvturk.com\/wp-content\/uploads\/2019\/08\/avrupa-ikincisi-olan-18-yas-alti-milli-takimi-yurda-dondu_6d850c8.jpg?fit=1000%2C695","jetpack_sharing_enabled":true,"jetpack_shortlink":"https:\/\/wp.me\/paKIfm-Nx7","_links":{"self":[{"href":"http:\/\/www.tvturk.com\/index.php\/wp-json\/wp\/v2\/posts\/190409","targetHints":{"allow":["GET"]}}],"collection":[{"href":"http:\/\/www.tvturk.com\/index.php\/wp-json\/wp\/v2\/posts"}],"about":[{"href":"http:\/\/www.tvturk.com\/index.php\/wp-json\/wp\/v2\/types\/post"}],"author":[{"embeddable":true,"href":"http:\/\/www.tvturk.com\/index.php\/wp-json\/wp\/v2\/users\/1"}],"replies":[{"embeddable":true,"href":"http:\/\/www.tvturk.com\/index.php\/wp-json\/wp\/v2\/comments?post=190409"}],"version-history":[{"count":0,"href":"http:\/\/www.tvturk.com\/index.php\/wp-json\/wp\/v2\/posts\/190409\/revisions"}],"wp:featuredmedia":[{"embeddable":true,"href":"http:\/\/www.tvturk.com\/index.php\/wp-json\/wp\/v2\/media\/190410"}],"wp:attachment":[{"href":"http:\/\/www.tvturk.com\/index.php\/wp-json\/wp\/v2\/media?parent=190409"}],"wp:term":[{"taxonomy":"category","embeddable":true,"href":"http:\/\/www.tvturk.com\/index.php\/wp-json\/wp\/v2\/categories?post=190409"},{"taxonomy":"post_tag","embeddable":true,"href":"http:\/\/www.tvturk.com\/index.php\/wp-json\/wp\/v2\/tags?post=190409"}],"curies":[{"name":"wp","href":"https:\/\/api.w.org\/{rel}","templated":true}]}}