{"id":190411,"date":"2019-08-05T14:16:18","date_gmt":"2019-08-05T11:16:18","guid":{"rendered":"http:\/\/www.tvturk.com\/index.php\/kosova-meclisi-22-agustosta-feshedilecek\/"},"modified":"2019-08-05T14:16:18","modified_gmt":"2019-08-05T11:16:18","slug":"kosova-meclisi-22-agustosta-feshedilecek","status":"publish","type":"post","link":"http:\/\/www.tvturk.com\/index.php\/kosova-meclisi-22-agustosta-feshedilecek\/","title":{"rendered":"Kosova Meclisi 22 A\u011fustos\u2019ta feshedilecek"},"content":{"rendered":"<p>Meclis Ba\u015fkan\u0131 Kadri Veseli\u2019nin ba\u015fkanl\u0131\u011f\u0131nda toplanan Kosova Meclisi Ba\u015fkanl\u0131k Kurulu, meclisin 22 A\u011fustos tarihinde feshedilmesini kararla\u015ft\u0131rd\u0131.<\/p>\n<p>Belirtilen tarihte meclis genel kurulu toplanacak ve meclis feshedilecek. Meclis Ba\u015fkanl\u0131k Kurulu toplant\u0131s\u0131n\u0131n ard\u0131ndan medyaya a\u00e7\u0131klama yapan Veseli, meclisin feshedilmesi i\u00e7in 22 A\u011fustos tarihinin Avrupa Birli\u011fi\u2019nin (AB) talebi \u00fczerine se\u00e7ildi\u011fini belirtti. AB\u2019nin, erken genel se\u00e7imleri takip etmek i\u00e7in gerekli haz\u0131rl\u0131k yapmalar\u0131 maksad\u0131yla zamana ihtiya\u00e7 duyduklar\u0131 y\u00f6n\u00fcnde a\u00e7\u0131klama yapt\u0131\u011f\u0131n\u0131 kaydeden Veseli, Kosova\u2019da erken parlamento se\u00e7imlerinin Eyl\u00fcl\u2019\u00fcn sonu ya da Ekim ay\u0131n\u0131n ba\u015flar\u0131nda d\u00fczenlenece\u011fini s\u00f6zlerine ekledi.<\/p>\n<p>Meclis Parlamento Grup Ba\u015fkanlar\u0131 da yapt\u0131klar\u0131 a\u00e7\u0131klamalarda, 22 A\u011fustos tarihi hakk\u0131nda g\u00f6r\u00fc\u015f birli\u011fine vard\u0131klar\u0131n\u0131 belirtti.<\/p>\n","protected":false},"excerpt":{"rendered":"<p>KOSOVA MECL\u0130S\u0130 22 A\u011eUSTOS&#8217;TA FESHED\u0130LECEK<\/p>\n","protected":false},"author":1,"featured_media":190412,"comment_status":"closed","ping_status":"open","sticky":false,"template":"","format":"standard","meta":{"jetpack_post_was_ever_published":false,"_jetpack_newsletter_access":"","_jetpack_dont_email_post_to_subs":false,"_jetpack_newsletter_tier_id":0,"_jetpack_memberships_contains_paywalled_content":false,"_jetpack_memberships_contains_paid_content":false,"footnotes":"","jetpack_publicize_message":"","jetpack_publicize_feature_enabled":true,"jetpack_social_post_already_shared":true,"jetpack_social_options":{"image_generator_settings":{"template":"highway","default_image_id":0,"font":"","enabled":false},"version":2}},"categories":[10],"tags":[34538,47567,5347,290],"class_list":["post-190411","post","type-post","status-publish","format-standard","has-post-thumbnail","hentry","category-dunya","tag-agustosta","tag-feshedilecek","tag-kosova","tag-meclisi"],"jetpack_publicize_connections":[],"jetpack_featured_media_url":"https:\/\/i0.wp.com\/www.tvturk.com\/wp-content\/uploads\/2019\/08\/kosova-meclisi-22-agustosta-feshedilecek_de74a8f.jpg?fit=1000%2C750","jetpack_sharing_enabled":true,"jetpack_shortlink":"https:\/\/wp.me\/paKIfm-Nx9","_links":{"self":[{"href":"http:\/\/www.tvturk.com\/index.php\/wp-json\/wp\/v2\/posts\/190411","targetHints":{"allow":["GET"]}}],"collection":[{"href":"http:\/\/www.tvturk.com\/index.php\/wp-json\/wp\/v2\/posts"}],"about":[{"href":"http:\/\/www.tvturk.com\/index.php\/wp-json\/wp\/v2\/types\/post"}],"author":[{"embeddable":true,"href":"http:\/\/www.tvturk.com\/index.php\/wp-json\/wp\/v2\/users\/1"}],"replies":[{"embeddable":true,"href":"http:\/\/www.tvturk.com\/index.php\/wp-json\/wp\/v2\/comments?post=190411"}],"version-history":[{"count":0,"href":"http:\/\/www.tvturk.com\/index.php\/wp-json\/wp\/v2\/posts\/190411\/revisions"}],"wp:featuredmedia":[{"embeddable":true,"href":"http:\/\/www.tvturk.com\/index.php\/wp-json\/wp\/v2\/media\/190412"}],"wp:attachment":[{"href":"http:\/\/www.tvturk.com\/index.php\/wp-json\/wp\/v2\/media?parent=190411"}],"wp:term":[{"taxonomy":"category","embeddable":true,"href":"http:\/\/www.tvturk.com\/index.php\/wp-json\/wp\/v2\/categories?post=190411"},{"taxonomy":"post_tag","embeddable":true,"href":"http:\/\/www.tvturk.com\/index.php\/wp-json\/wp\/v2\/tags?post=190411"}],"curies":[{"name":"wp","href":"https:\/\/api.w.org\/{rel}","templated":true}]}}