{"id":190421,"date":"2019-08-05T14:16:51","date_gmt":"2019-08-05T11:16:51","guid":{"rendered":"http:\/\/www.tvturk.com\/index.php\/kurban-bayraminda-cevre-hassasiyeti\/"},"modified":"2019-08-05T14:16:51","modified_gmt":"2019-08-05T11:16:51","slug":"kurban-bayraminda-cevre-hassasiyeti","status":"publish","type":"post","link":"http:\/\/www.tvturk.com\/index.php\/kurban-bayraminda-cevre-hassasiyeti\/","title":{"rendered":"\u2018kurban bayram\u0131nda \u00e7evre hassasiyeti"},"content":{"rendered":"<p>Bursa B\u00fcy\u00fck\u015fehir Belediye Ba\u015fkan\u0131 Alinur Akta\u015f, yakla\u015f\u0131rken \u0130sabey Kurban Pazar\u0131\u2019nda incelemelerde bulundu.<\/p>\n<p>Ba\u015fkan Alinur Akta\u015f, Y\u0131ld\u0131r\u0131m Belediye Ba\u015fkan\u0131 Oktay Y\u0131lmaz ile birlikte \u0130sabey Kurban Kurban Pazar\u0131\u2019nda incelemelerde bulundu. Ba\u015fkan Akta\u015f, ilgiyle kar\u015f\u0131land\u0131\u011f\u0131 pazarda, esnafla ve kurbanl\u0131k almaya gelen vatanda\u015flarla sohbet etti. \u201cPazarl\u0131k s\u00fcnnettir\u201d diyerek yap\u0131lan pazarl\u0131klara kat\u0131lan Akta\u015f, kurban bayram\u0131na say\u0131l\u0131 g\u00fcnler kala bayram tela\u015fesinin de artt\u0131\u011f\u0131n\u0131 s\u00f6yledi.<\/p>\n<p>17 il\u00e7ede 20 kurban pazar\u0131<\/p>\n<p>Bursal\u0131lar\u0131n \u2018kurban bayram\u0131n\u0131 tebrik eden Ba\u015fkan Akta\u015f, \u0130sabey Kurban Pazar\u0131\u2019n\u0131n Bursa\u2019daki en b\u00fcy\u00fck pazarlardan biri oldu\u011funu s\u00f6yleyerek, \u201cBursa\u2019da 17 il\u00e7ede 20 kurban pazar\u0131 kuruluyor. Bu 20 pazarda 30 bin civar\u0131 b\u00fcy\u00fckba\u015f, 60 bin civar\u0131 k\u00fc\u00e7\u00fckba\u015f hayvan bulunuyor. Osmangazi, Y\u0131ld\u0131r\u0131m, Nil\u00fcfer ve Gemlik gibi il\u00e7eler ba\u015fta olmak \u00fczere 13 il\u00e7ede toplam 118 kurban kesim yeri bulunuyor. Bursa Tar\u0131m \u0130l M\u00fcd\u00fcrl\u00fc\u011f\u00fc taraf\u0131ndan hayvanlar\u0131n kulak, k\u00fcpe, pasaport ve raporlar\u0131 kontrol ediliyor, il\u00e7e belediyeleri de hayvanlar\u0131n gebeliklerini ve sa\u011fl\u0131k kontrollerini takip ediyor. Bursa B\u00fcy\u00fck\u015fehir Belediyesi Veteriner Hizmetleri \u015eube M\u00fcd\u00fcrl\u00fc\u011f\u00fc\u2019m\u00fcz, karasinek ve sivrisinek (vekt\u00f6r) m\u00fccadelesini ger\u00e7ekle\u015ftiriyor\u201d diye konu\u015ftu.<\/p>\n<p>Kurban kesimleri ve at\u0131k bertaraf\u0131n\u0131n sa\u011fl\u0131kl\u0131 yap\u0131labilmesi i\u00e7in vatanda\u015flar\u0131 dikkatli olmaya \u00e7a\u011f\u0131ran Ba\u015fkan Akta\u015f, \u201cKurban bayram\u0131 \u00f6ncesinde sa\u011fl\u0131kl\u0131 ve kesime uygun kurbanl\u0131klar\u0131n sat\u0131\u015f\u0131 i\u00e7in t\u00fcm birimlerle \u00e7al\u0131\u015farak vatanda\u015flar\u0131m\u0131za hizmet veriyoruz. Bu ibadetin sa\u011fl\u0131kl\u0131 yap\u0131lmas\u0131 i\u00e7in de kurban at\u0131klar\u0131n\u0131n bertar\u00e2f\u0131 ile ilgili vatanda\u015flar\u0131m\u0131z\u0131n dikkatli olmas\u0131n\u0131 \u00f6nemsiyoruz. Pazar, son hafta daha da hareketlenecektir. Allah, herkesin kurban\u0131n\u0131 kabul etsin\u201d dedi.<\/p>\n<p>Ba\u015fkan Akta\u015f, kurban pazarlar\u0131n\u0131n Bakanl\u0131k karar\u0131yla 15 g\u00fcn \u00f6nce ba\u015flad\u0131\u011f\u0131n\u0131, ancak pazar\u0131n daha erken yani yakla\u015f\u0131k 1 ay \u00f6nce ba\u015flamas\u0131 i\u00e7in gelen taleplerin de ilgili yerlere iletilece\u011fini s\u00f6zlerine ekledi.<\/p>\n","protected":false},"excerpt":{"rendered":"<p>BURSA B\u00dcY\u00dcK\u015eEH\u0130R BELED\u0130YE BA\u015eKANI AL\u0130NUR AKTA\u015e, YAKLA\u015eIRKEN \u0130SABEY KURBAN PAZARI\u2019NDA \u0130NCELEMELERDE BULUNDU.<\/p>\n","protected":false},"author":1,"featured_media":190422,"comment_status":"closed","ping_status":"open","sticky":false,"template":"","format":"standard","meta":{"jetpack_post_was_ever_published":false,"_jetpack_newsletter_access":"","_jetpack_dont_email_post_to_subs":false,"_jetpack_newsletter_tier_id":0,"_jetpack_memberships_contains_paywalled_content":false,"_jetpack_memberships_contains_paid_content":false,"footnotes":"","jetpack_publicize_message":"","jetpack_publicize_feature_enabled":true,"jetpack_social_post_already_shared":true,"jetpack_social_options":{"image_generator_settings":{"template":"highway","default_image_id":0,"font":"","enabled":false},"version":2}},"categories":[1],"tags":[2636,24243,21009,20956],"class_list":["post-190421","post","type-post","status-publish","format-standard","has-post-thumbnail","hentry","category-genel","tag-cevre","tag-bayraminda","tag-hassasiyeti","tag-kurban"],"jetpack_publicize_connections":[],"jetpack_featured_media_url":"https:\/\/i0.wp.com\/www.tvturk.com\/wp-content\/uploads\/2019\/08\/kurban-bayraminda-cevre-hassasiyeti_5079354.jpg?fit=1000%2C666","jetpack_sharing_enabled":true,"jetpack_shortlink":"https:\/\/wp.me\/paKIfm-Nxj","_links":{"self":[{"href":"http:\/\/www.tvturk.com\/index.php\/wp-json\/wp\/v2\/posts\/190421","targetHints":{"allow":["GET"]}}],"collection":[{"href":"http:\/\/www.tvturk.com\/index.php\/wp-json\/wp\/v2\/posts"}],"about":[{"href":"http:\/\/www.tvturk.com\/index.php\/wp-json\/wp\/v2\/types\/post"}],"author":[{"embeddable":true,"href":"http:\/\/www.tvturk.com\/index.php\/wp-json\/wp\/v2\/users\/1"}],"replies":[{"embeddable":true,"href":"http:\/\/www.tvturk.com\/index.php\/wp-json\/wp\/v2\/comments?post=190421"}],"version-history":[{"count":0,"href":"http:\/\/www.tvturk.com\/index.php\/wp-json\/wp\/v2\/posts\/190421\/revisions"}],"wp:featuredmedia":[{"embeddable":true,"href":"http:\/\/www.tvturk.com\/index.php\/wp-json\/wp\/v2\/media\/190422"}],"wp:attachment":[{"href":"http:\/\/www.tvturk.com\/index.php\/wp-json\/wp\/v2\/media?parent=190421"}],"wp:term":[{"taxonomy":"category","embeddable":true,"href":"http:\/\/www.tvturk.com\/index.php\/wp-json\/wp\/v2\/categories?post=190421"},{"taxonomy":"post_tag","embeddable":true,"href":"http:\/\/www.tvturk.com\/index.php\/wp-json\/wp\/v2\/tags?post=190421"}],"curies":[{"name":"wp","href":"https:\/\/api.w.org\/{rel}","templated":true}]}}