{"id":190447,"date":"2019-08-05T14:46:53","date_gmt":"2019-08-05T11:46:53","guid":{"rendered":"http:\/\/www.tvturk.com\/index.php\/iki-koy-arasinda-asfalt-krizi\/"},"modified":"2019-08-05T14:46:53","modified_gmt":"2019-08-05T11:46:53","slug":"iki-koy-arasinda-asfalt-krizi","status":"publish","type":"post","link":"http:\/\/www.tvturk.com\/index.php\/iki-koy-arasinda-asfalt-krizi\/","title":{"rendered":"\u0130ki k\u00f6y aras\u0131nda asfalt krizi"},"content":{"rendered":"<p>\u00c7orum\u2019un \u0130skilip il\u00e7esinde Ak\u00e7asu k\u00f6y\u00fc ve mahallesi olan Hasanfak\u0131\u2019y\u0131 birbirine ba\u011flayan yolda ba\u015flat\u0131lan asfalt \u00e7al\u0131\u015fmas\u0131 iki k\u00f6y\u00fc kar\u015f\u0131 kar\u015f\u0131ya getirdi.<\/p>\n<p>Edinilen bilgilere g\u00f6re, \u0130l \u00d6zel idaresince 4 kilometre uzunlu\u011funda Ak\u00e7asu-Hasanfak\u0131 yolu 2019 y\u0131l\u0131 yat\u0131r\u0131m program\u0131na ald\u0131. Bu kapsamda 4 kilometre uzunlu\u011fundaki yolun bu y\u0131l 2.5 kilometrelik k\u0131sm\u0131n\u0131n yap\u0131lmas\u0131 planland\u0131.<\/p>\n<p>Yol yap\u0131m \u00e7al\u0131\u015fmalar\u0131na Hasafak\u0131 Mahallesi\u2019nden ba\u015flanaca\u011f\u0131n\u0131n duyulmas\u0131 \u00fczerine Ak\u00e7asu k\u00f6y\u00fc sakinleri i\u015f makinelerinin ge\u00e7i\u015fine izin vermedi. Bunun \u00fczerine her iki k\u00f6y\u00fcn sakinleri aras\u0131nda tart\u0131\u015fmalar ya\u015fand\u0131. Yetkililerin devreye girmesi \u00fczerine ya\u015fanan tart\u0131\u015fmalar sona erdi.<\/p>\n<p>K\u00f6yl\u00fcler, asfalt\u0131n Ak\u00e7asu veya Hasanfak\u0131\u2019ya yap\u0131lmas\u0131 gibi bir dertlerinin olmad\u0131\u011f\u0131n\u0131 belirterek, \u201cBizim mahalle ve k\u00f6y ayr\u0131m\u0131m\u0131z yok. Oraya yap\u0131ls\u0131n buraya yap\u0131lmas\u0131n veya buraya yap\u0131ls\u0131n oraya yap\u0131lmas\u0131n onu da istemiyoruz. Yap\u0131m \u00e7al\u0131\u015fmalar\u0131na nereden ba\u015flanacak bir belirsizlik var. Asfalt \u00e7al\u0131\u015fmalar\u0131 sondan ba\u015fa m\u0131 gelir yoksa ba\u015ftan sona do\u011fru ilerler. Ak\u00e7asu k\u00f6y\u00fcnden ba\u015flansa di\u011fer taraf raz\u0131 de\u011fil, Hasanfak\u0131\u2019dan ba\u015flansa Ak\u00e7asu sakinleri raz\u0131 de\u011fil. Ya tamamen yap\u0131ls\u0131n ya da hi\u00e7 yap\u0131lmas\u0131n\u201d ifadelerini kulland\u0131.<\/p>\n","protected":false},"excerpt":{"rendered":"<p>\u00c7ORUM\u2019UN \u0130SK\u0130L\u0130P \u0130L\u00c7ES\u0130NDE AK\u00c7ASU K\u00d6Y\u00dc VE MAHALLES\u0130 OLAN HASANFAKI\u2019YI B\u0130RB\u0130R\u0130NE BA\u011eLAYAN YOLDA BA\u015eLATILAN ASFALT \u00c7ALI\u015eMASI \u0130K\u0130 K\u00d6Y\u00dc KAR\u015eI KAR\u015eIYA GET\u0130RD\u0130.<\/p>\n","protected":false},"author":1,"featured_media":190448,"comment_status":"closed","ping_status":"open","sticky":false,"template":"","format":"standard","meta":{"jetpack_post_was_ever_published":false,"_jetpack_newsletter_access":"","_jetpack_dont_email_post_to_subs":false,"_jetpack_newsletter_tier_id":0,"_jetpack_memberships_contains_paywalled_content":false,"_jetpack_memberships_contains_paid_content":false,"footnotes":"","jetpack_publicize_message":"","jetpack_publicize_feature_enabled":true,"jetpack_social_post_already_shared":true,"jetpack_social_options":{"image_generator_settings":{"template":"highway","default_image_id":0,"font":"","enabled":false},"version":2}},"categories":[1],"tags":[1882,5096,1220,1703,2121],"class_list":["post-190447","post","type-post","status-publish","format-standard","has-post-thumbnail","hentry","category-genel","tag-arasinda","tag-asfalt","tag-iki","tag-koy","tag-krizi"],"jetpack_publicize_connections":[],"jetpack_featured_media_url":"https:\/\/i0.wp.com\/www.tvturk.com\/wp-content\/uploads\/2019\/08\/iki-koy-arasinda-asfalt-krizi_59ddf11.jpg?fit=1000%2C562","jetpack_sharing_enabled":true,"jetpack_shortlink":"https:\/\/wp.me\/paKIfm-NxJ","_links":{"self":[{"href":"http:\/\/www.tvturk.com\/index.php\/wp-json\/wp\/v2\/posts\/190447","targetHints":{"allow":["GET"]}}],"collection":[{"href":"http:\/\/www.tvturk.com\/index.php\/wp-json\/wp\/v2\/posts"}],"about":[{"href":"http:\/\/www.tvturk.com\/index.php\/wp-json\/wp\/v2\/types\/post"}],"author":[{"embeddable":true,"href":"http:\/\/www.tvturk.com\/index.php\/wp-json\/wp\/v2\/users\/1"}],"replies":[{"embeddable":true,"href":"http:\/\/www.tvturk.com\/index.php\/wp-json\/wp\/v2\/comments?post=190447"}],"version-history":[{"count":0,"href":"http:\/\/www.tvturk.com\/index.php\/wp-json\/wp\/v2\/posts\/190447\/revisions"}],"wp:featuredmedia":[{"embeddable":true,"href":"http:\/\/www.tvturk.com\/index.php\/wp-json\/wp\/v2\/media\/190448"}],"wp:attachment":[{"href":"http:\/\/www.tvturk.com\/index.php\/wp-json\/wp\/v2\/media?parent=190447"}],"wp:term":[{"taxonomy":"category","embeddable":true,"href":"http:\/\/www.tvturk.com\/index.php\/wp-json\/wp\/v2\/categories?post=190447"},{"taxonomy":"post_tag","embeddable":true,"href":"http:\/\/www.tvturk.com\/index.php\/wp-json\/wp\/v2\/tags?post=190447"}],"curies":[{"name":"wp","href":"https:\/\/api.w.org\/{rel}","templated":true}]}}