{"id":190449,"date":"2019-08-05T14:47:28","date_gmt":"2019-08-05T11:47:28","guid":{"rendered":"http:\/\/www.tvturk.com\/index.php\/trabzonsporun-yeni-sponsoru-vestel\/"},"modified":"2019-08-05T14:47:28","modified_gmt":"2019-08-05T11:47:28","slug":"trabzonsporun-yeni-sponsoru-vestel","status":"publish","type":"post","link":"http:\/\/www.tvturk.com\/index.php\/trabzonsporun-yeni-sponsoru-vestel\/","title":{"rendered":"Trabzonspor\u2019un yeni sponsoru Vestel"},"content":{"rendered":"<p>1995-1999 y\u0131llar\u0131 aras\u0131nda Trabzonspor\u2019a forma ana sponsoru olan Vestel ile bordo-mavililer yeniden bulu\u015ftu. \u0130stanbul\u2019da d\u00fczenlenen imza t\u00f6reninde konu\u015fan Trabzonspor Ba\u015fkan\u0131 Ahmet A\u011fao\u011flu, \u201cK\u00f6kleri 20-21 y\u0131l \u00f6ncesine uzanan bu birlikteli\u011fi gelece\u011fe ta\u015f\u0131maktan b\u00fcy\u00fck mutluluk duyuyorum\u201d dedi.<\/p>\n<p>Vestel, T\u00fcrkiye\u2019nin en k\u00f6kl\u00fc futbol kul\u00fcplerinden biri olan Trabzonspor\u2019a forma sponsoru oldu. 1995-1999 y\u0131llar\u0131 aras\u0131nda da bordo-mavililere sponsor olan Vestel, 24 y\u0131l sonra yeniden Trabzonspor\u2019la i\u015f birli\u011fi yapt\u0131. \u0130stanbul\u2019da ger\u00e7ekle\u015ftirilen imza t\u00f6renine Trabzonspor Kul\u00fcb\u00fc Ba\u015fkan\u0131 Ahmet A\u011fao\u011flu ve Vestel CEO\u2019su Turan Erdo\u011fan kat\u0131ld\u0131. Vestel ile yapt\u0131klar\u0131 i\u015f birli\u011finin 3 y\u0131l\u0131 kapsad\u0131\u011f\u0131n\u0131 dile getiren Ahmet A\u011fao\u011flu anla\u015fman\u0131n Trabzonspor\u2019un y\u00fckseli\u015fine h\u0131z kataca\u011f\u0131 vurgusunu yapt\u0131. A\u011fao\u011flu, \u201cBir kul\u00fcp i\u00e7in, bir camia i\u00e7in formas\u0131, formas\u0131n\u0131n renkleri kadar, formas\u0131n\u0131n g\u00f6\u011fs\u00fcnde ta\u015f\u0131d\u0131\u011f\u0131 isim de \u00e7ok \u00f6nemlidir. Bizim kul\u00fcp tarihimizde \u2018Vestel\u2019 isminin g\u00fczel bir hat\u0131ras\u0131 var. 1990\u2019l\u0131 y\u0131llar\u0131n ikinci yar\u0131s\u0131nda, tak\u0131m\u0131m\u0131z\u0131n ba\u015far\u0131l\u0131 bir grafik sergiledi\u011fi, iddias\u0131n\u0131 s\u00fcrd\u00fcr\u00fcp hep yar\u0131\u015f\u0131n i\u00e7inde kald\u0131\u011f\u0131, Avrupa kupalar\u0131na kat\u0131ld\u0131\u011f\u0131 ve T\u00fcrkiye\u2019de de kupa kald\u0131rd\u0131\u011f\u0131 bir d\u00f6nemde, g\u00f6\u011fs\u00fcm\u00fczde Vestel markas\u0131 vard\u0131. \u015eimdi yine ve daha da y\u00fckselerek sadece ulusal de\u011fil uluslararas\u0131 arenada da ba\u015far\u0131lar kazanaca\u011f\u0131m\u0131z bir d\u00f6nemin perdesini aral\u0131yoruz. \u0130nan\u0131yorum ki bu i\u015f birli\u011fi, her iki tarafa da \u015fans getirecektir. Ben \u015fahsen, k\u00f6kleri 20-21 y\u0131l \u00f6ncesine uzanan bu birlikteli\u011fi gelece\u011fe ta\u015f\u0131maktan b\u00fcy\u00fck mutluluk duyuyorum\u201d diye konu\u015ftu.<\/p>\n<p>Vestelli ilk ma\u00e7 Prag\u2019ta<\/p>\n<p>Trabzonspor Ba\u015fkan\u0131 Ahmet A\u011fao\u011flu, Vestel forma sponsorlu\u011fundaki ilk ma\u00e7a Avrupa\u2019daki ilk s\u0131nav olan Sparta Prag m\u00fccadelesiyle \u00e7\u0131kacaklar\u0131n\u0131 belirtirken, Vestel CEO\u2019su Turan Erdo\u011fan da \u015eenol G\u00fcne\u015f Stad\u0131\u2019nda bir Vestel trib\u00fcn\u00fc olaca\u011f\u0131n\u0131 a\u00e7\u0131klad\u0131.<\/p>\n","protected":false},"excerpt":{"rendered":"<p>1995-1999 YILLARI ARASINDA TRABZONSPOR\u2019A FORMA ANA SPONSORU OLAN VESTEL \u0130LE BORDO-MAV\u0130L\u0130LER YEN\u0130DEN BULU\u015eTU.<\/p>\n","protected":false},"author":1,"featured_media":190450,"comment_status":"closed","ping_status":"open","sticky":false,"template":"","format":"standard","meta":{"jetpack_post_was_ever_published":false,"_jetpack_newsletter_access":"","_jetpack_dont_email_post_to_subs":false,"_jetpack_newsletter_tier_id":0,"_jetpack_memberships_contains_paywalled_content":false,"_jetpack_memberships_contains_paid_content":false,"footnotes":"","jetpack_publicize_message":"","jetpack_publicize_feature_enabled":true,"jetpack_social_post_already_shared":true,"jetpack_social_options":{"image_generator_settings":{"template":"highway","default_image_id":0,"font":"","enabled":false},"version":2}},"categories":[657],"tags":[6118,18454,8676,87],"class_list":["post-190449","post","type-post","status-publish","format-standard","has-post-thumbnail","hentry","category-spor","tag-sponsoru","tag-trabzonsporun","tag-vestel","tag-yeni"],"jetpack_publicize_connections":[],"jetpack_featured_media_url":"https:\/\/i0.wp.com\/www.tvturk.com\/wp-content\/uploads\/2019\/08\/trabzonsporun-yeni-sponsoru-vestel_0e7bafa.jpg?fit=1000%2C647","jetpack_sharing_enabled":true,"jetpack_shortlink":"https:\/\/wp.me\/paKIfm-NxL","_links":{"self":[{"href":"http:\/\/www.tvturk.com\/index.php\/wp-json\/wp\/v2\/posts\/190449","targetHints":{"allow":["GET"]}}],"collection":[{"href":"http:\/\/www.tvturk.com\/index.php\/wp-json\/wp\/v2\/posts"}],"about":[{"href":"http:\/\/www.tvturk.com\/index.php\/wp-json\/wp\/v2\/types\/post"}],"author":[{"embeddable":true,"href":"http:\/\/www.tvturk.com\/index.php\/wp-json\/wp\/v2\/users\/1"}],"replies":[{"embeddable":true,"href":"http:\/\/www.tvturk.com\/index.php\/wp-json\/wp\/v2\/comments?post=190449"}],"version-history":[{"count":0,"href":"http:\/\/www.tvturk.com\/index.php\/wp-json\/wp\/v2\/posts\/190449\/revisions"}],"wp:featuredmedia":[{"embeddable":true,"href":"http:\/\/www.tvturk.com\/index.php\/wp-json\/wp\/v2\/media\/190450"}],"wp:attachment":[{"href":"http:\/\/www.tvturk.com\/index.php\/wp-json\/wp\/v2\/media?parent=190449"}],"wp:term":[{"taxonomy":"category","embeddable":true,"href":"http:\/\/www.tvturk.com\/index.php\/wp-json\/wp\/v2\/categories?post=190449"},{"taxonomy":"post_tag","embeddable":true,"href":"http:\/\/www.tvturk.com\/index.php\/wp-json\/wp\/v2\/tags?post=190449"}],"curies":[{"name":"wp","href":"https:\/\/api.w.org\/{rel}","templated":true}]}}