{"id":190455,"date":"2019-08-05T15:02:39","date_gmt":"2019-08-05T12:02:39","guid":{"rendered":"http:\/\/www.tvturk.com\/index.php\/muammer-yildirim-a-milli-takima-yeniden-gitmek-istiyorum\/"},"modified":"2019-08-05T15:02:39","modified_gmt":"2019-08-05T12:02:39","slug":"muammer-yildirim-a-milli-takima-yeniden-gitmek-istiyorum","status":"publish","type":"post","link":"http:\/\/www.tvturk.com\/index.php\/muammer-yildirim-a-milli-takima-yeniden-gitmek-istiyorum\/","title":{"rendered":"Muammer Y\u0131ld\u0131r\u0131m: \u201cA Milli Tak\u0131m\u2019a yeniden gitmek istiyorum\u201d"},"content":{"rendered":"<p>Sivasspor\u2019un tecr\u00fcbeli file bek\u00e7isi Muammer Y\u0131ld\u0131r\u0131m, yeniden A Milli Tak\u0131m\u2019da g\u00f6rev almak istedi\u011fini s\u00f6yledi.<\/p>\n<p>Demir Grup Sivasspor\u2019un ba\u015far\u0131l\u0131 kalecisi Muammer Y\u0131ld\u0131r\u0131m, ligin ilk haftas\u0131nda oynayacaklar\u0131 Be\u015fikta\u015f ma\u00e7\u0131n\u0131, kamp s\u00fcrecini ve hedeflerine ili\u015fkin \u0130hlas Haber Ajans\u0131\u2019na (\u0130HA) a\u00e7\u0131klamalarda bulundu. Y\u0131ld\u0131r\u0131m, Bolu ve Hollanda kamplar\u0131n\u0131n \u00e7ok iyi ge\u00e7ti\u011fini belirterek, \u201cLigin ilk ma\u00e7\u0131nda Be\u015fikta\u015f rakibimiz. Evimizde oynuyoruz. Be\u015fikta\u015f b\u00fcy\u00fck bir tak\u0131m sonu\u00e7ta ama evimizde oynuyoruz ve bu bizim i\u00e7in avantaj. Sezona iyi haz\u0131rland\u0131k, kamplar iyi ge\u00e7ti, haz\u0131rl\u0131k ma\u00e7lar\u0131 iyi ge\u00e7ti kendi ad\u0131m\u0131za. Aram\u0131za kat\u0131lacak arkada\u015flar\u0131m\u0131z da var. Transfer yapmam\u0131z gerekiyor. Hocam\u0131z da bunu belirtiyor zaten. Antrenmanlar \u00e7ok iyi ge\u00e7ti. Tak\u0131m arkada\u015fl\u0131\u011f\u0131 zaten burada \u00e7ok iyi. Yeni gelen oyuncu hemen ilk g\u00fcnde kayna\u015f\u0131yor. \u00d6nceki oyuncular \u00e7ok iyiler ve s\u0131cak kanl\u0131lar. \u00c7ok iyi \u00e7al\u0131\u015ft\u0131k, \u00e7ok iyi haz\u0131rland\u0131k ve ilk ma\u00e7ta rakibimiz Be\u015fikta\u015f. Ondan \u00f6nce Fenerbah\u00e7e ile kupa ma\u00e7\u0131m\u0131z var. Bence Fenerbah\u00e7e ma\u00e7\u0131, Be\u015fikta\u015f m\u00fccadelesi i\u00e7in \u00e7ok iyi bir haz\u0131rl\u0131k ma\u00e7\u0131 olacak. Bizim a\u00e7\u0131m\u0131zdan iyi olacak. \u0130n\u015fallah Fenerbah\u00e7e ma\u00e7\u0131n\u0131 da kazanmak istiyoruz. Daha moralli girmek istiyoruz lige. 3 puanla lige ba\u015flayaca\u011f\u0131z diye umut ediyorum. Dedi\u011fimizi yapaca\u011f\u0131z\u201d ifadelerini kulland\u0131.<\/p>\n<p>\u201cHedefimiz yukar\u0131lara oynamak\u201d<\/p>\n<p>Sivasspor\u2019daki hedeflerini de a\u00e7\u0131klayan Muammer Y\u0131ld\u0131r\u0131m, \u015funlar\u0131 s\u00f6yledi:<\/p>\n<p>\u201cHerkesin hedefi olmas\u0131 gerekiyor. Sivas halk\u0131 ve kul\u00fcb\u00fc hedefi hak ediyor zaten. Bizim hedefimiz yukar\u0131lara oynamak. Tek tek ma\u00e7lara bak\u0131p, o ma\u00e7tan \u00e7\u0131karaca\u011f\u0131m\u0131z en iyi puanlarla ayr\u0131lmak. Ma\u00e7 ma\u00e7 ilerleyip hedefimiz ligi yukar\u0131larda bitirmek.\u201d<\/p>\n<p>\u201cHedefim yine A Milli Tak\u0131m\u201d<\/p>\n<p>Y\u0131ld\u0131r\u0131m, son olarak yeniden A Milli Tak\u0131m\u2019da g\u00f6rev almak istedi\u011finin alt\u0131n\u0131 \u00e7izerek, \u201cA Milli Tak\u0131m\u2019\u0131 tekrar d\u00fc\u015f\u00fcn\u00fcyorum. Herkesin bir hedefi vard\u0131r ve bu hedefini devam ettirmek ister. Ben milli tak\u0131mda oynad\u0131\u011f\u0131m d\u00f6nemlerde \u00e7ok mutluydum. \u00d6ncelikle bulundu\u011fum yerde iyi oynay\u0131p tekrardan oraya gitmek istiyorum\u201d \u015feklinde konu\u015ftu.<\/p>\n","protected":false},"excerpt":{"rendered":"<p>DEM\u0130R GRUP S\u0130VASSPOR\u2019UN F\u0130LE BEK\u00c7\u0130LER\u0130NDEN MUAMMER YILDIRIM, HEDEF\u0130N\u0130N TEKRARDAN M\u0130LL\u0130 TAKIMA G\u0130TMEK OLDU\u011eUNU S\u00d6YLED\u0130.<\/p>\n","protected":false},"author":1,"featured_media":190456,"comment_status":"closed","ping_status":"open","sticky":false,"template":"","format":"standard","meta":{"jetpack_post_was_ever_published":false,"_jetpack_newsletter_access":"","_jetpack_dont_email_post_to_subs":false,"_jetpack_newsletter_tier_id":0,"_jetpack_memberships_contains_paywalled_content":false,"_jetpack_memberships_contains_paid_content":false,"footnotes":"","jetpack_publicize_message":"","jetpack_publicize_feature_enabled":true,"jetpack_social_post_already_shared":true,"jetpack_social_options":{"image_generator_settings":{"template":"highway","default_image_id":0,"font":"","enabled":false},"version":2}},"categories":[657],"tags":[9064,7375,12605,429,30957,3379,720,376],"class_list":["post-190455","post","type-post","status-publish","format-standard","has-post-thumbnail","hentry","category-spor","tag-a","tag-gitmek","tag-istiyorum","tag-milli","tag-muammer","tag-takima","tag-yeniden","tag-yildirim"],"jetpack_publicize_connections":[],"jetpack_featured_media_url":"https:\/\/i0.wp.com\/www.tvturk.com\/wp-content\/uploads\/2019\/08\/muammer-yildirim-a-milli-takima-yeniden-gitmek-istiyorum_c87f273.jpg?fit=1000%2C666","jetpack_sharing_enabled":true,"jetpack_shortlink":"https:\/\/wp.me\/paKIfm-NxR","_links":{"self":[{"href":"http:\/\/www.tvturk.com\/index.php\/wp-json\/wp\/v2\/posts\/190455","targetHints":{"allow":["GET"]}}],"collection":[{"href":"http:\/\/www.tvturk.com\/index.php\/wp-json\/wp\/v2\/posts"}],"about":[{"href":"http:\/\/www.tvturk.com\/index.php\/wp-json\/wp\/v2\/types\/post"}],"author":[{"embeddable":true,"href":"http:\/\/www.tvturk.com\/index.php\/wp-json\/wp\/v2\/users\/1"}],"replies":[{"embeddable":true,"href":"http:\/\/www.tvturk.com\/index.php\/wp-json\/wp\/v2\/comments?post=190455"}],"version-history":[{"count":0,"href":"http:\/\/www.tvturk.com\/index.php\/wp-json\/wp\/v2\/posts\/190455\/revisions"}],"wp:featuredmedia":[{"embeddable":true,"href":"http:\/\/www.tvturk.com\/index.php\/wp-json\/wp\/v2\/media\/190456"}],"wp:attachment":[{"href":"http:\/\/www.tvturk.com\/index.php\/wp-json\/wp\/v2\/media?parent=190455"}],"wp:term":[{"taxonomy":"category","embeddable":true,"href":"http:\/\/www.tvturk.com\/index.php\/wp-json\/wp\/v2\/categories?post=190455"},{"taxonomy":"post_tag","embeddable":true,"href":"http:\/\/www.tvturk.com\/index.php\/wp-json\/wp\/v2\/tags?post=190455"}],"curies":[{"name":"wp","href":"https:\/\/api.w.org\/{rel}","templated":true}]}}