{"id":190457,"date":"2019-08-05T15:16:36","date_gmt":"2019-08-05T12:16:36","guid":{"rendered":"http:\/\/www.tvturk.com\/index.php\/bursa-valiliginden-yangini-aciklamasi\/"},"modified":"2019-08-05T15:16:36","modified_gmt":"2019-08-05T12:16:36","slug":"bursa-valiliginden-yangini-aciklamasi","status":"publish","type":"post","link":"http:\/\/www.tvturk.com\/index.php\/bursa-valiliginden-yangini-aciklamasi\/","title":{"rendered":"Bursa Valili\u011fi\u2019nden yang\u0131n\u0131 a\u00e7\u0131klamas\u0131"},"content":{"rendered":"<p>Bursa\u2019n\u0131n Orhaneli il\u00e7esinde \u00e7\u0131kan orman yang\u0131n\u0131n\u0131 s\u00f6nd\u00fcrmek i\u00e7in havadan ve karadan \u00e7al\u0131\u015fmalar s\u00fcr\u00fcrken, Bursa Valili\u011fi\u2019nden a\u00e7\u0131klama geldi.<\/p>\n<p>A\u00e7\u0131klamada, &#8220;Orhaneli ile Mustafakemalpa\u015fa aras\u0131nda bulunan \u00c7ivili yak\u0131nlar\u0131ndaki ormanl\u0131k alanda bug\u00fcn saat 09:30 civar\u0131nda 5 ayr\u0131 noktada ayr\u0131 ayr\u0131 zamanlarda orman yang\u0131n\u0131 \u00e7\u0131kt\u0131. Yang\u0131n \u015fu an 9 ayr\u0131 noktada devam etmektedir. B\u00f6lgeye Orman B\u00f6lge M\u00fcd\u00fcrl\u00fc\u011f\u00fc, AFAD M\u00fcd\u00fcrl\u00fc\u011f\u00fc ve itfaiye ekipleri y\u00f6nlendirilmi\u015ftir. Ayr\u0131ca 5 helikopter de s\u00f6nd\u00fcrme \u00e7al\u0131\u015fmalar\u0131na e\u015flik etmekte ve 2 helikopterin daha en k\u0131sa zamanda \u00e7al\u0131\u015fmalara kat\u0131lmas\u0131 sa\u011flanacakt\u0131r. B\u00fct\u00fcn imkanlar seferber edilmektedir. Yang\u0131n\u0131n nas\u0131l \u00e7\u0131kt\u0131\u011f\u0131 ara\u015ft\u0131r\u0131l\u0131yor&#8221; denildi.<\/p>\n","protected":false},"excerpt":{"rendered":"<p>BURSA&#8217;NIN ORHANEL\u0130 \u0130L\u00c7ES\u0130NDE \u00c7IKAN ORMAN YANGINI S\u00d6ND\u00dcRMEK \u0130\u00c7\u0130N HAVADAN VE KARADAN \u00c7ALI\u015eMALAR S\u00dcR\u00dcRKEN BURSA VAL\u0130L\u0130\u011e\u0130&#8217;NDEN A\u00c7IKLAMA GELD\u0130.<\/p>\n","protected":false},"author":1,"featured_media":190458,"comment_status":"closed","ping_status":"open","sticky":false,"template":"","format":"standard","meta":{"jetpack_post_was_ever_published":false,"_jetpack_newsletter_access":"","_jetpack_dont_email_post_to_subs":false,"_jetpack_newsletter_tier_id":0,"_jetpack_memberships_contains_paywalled_content":false,"_jetpack_memberships_contains_paid_content":false,"footnotes":"","jetpack_publicize_message":"","jetpack_publicize_feature_enabled":true,"jetpack_social_post_already_shared":true,"jetpack_social_options":{"image_generator_settings":{"template":"highway","default_image_id":0,"font":"","enabled":false},"version":2}},"categories":[1],"tags":[1072,4479,306,2115],"class_list":["post-190457","post","type-post","status-publish","format-standard","has-post-thumbnail","hentry","category-genel","tag-aciklamasi","tag-bursa","tag-valiliginden","tag-yangini"],"jetpack_publicize_connections":[],"jetpack_featured_media_url":"https:\/\/i0.wp.com\/www.tvturk.com\/wp-content\/uploads\/2019\/08\/bursa-valiliginden-yangini-aciklamasi_2e9a68c.jpg?fit=1000%2C666","jetpack_sharing_enabled":true,"jetpack_shortlink":"https:\/\/wp.me\/paKIfm-NxT","_links":{"self":[{"href":"http:\/\/www.tvturk.com\/index.php\/wp-json\/wp\/v2\/posts\/190457","targetHints":{"allow":["GET"]}}],"collection":[{"href":"http:\/\/www.tvturk.com\/index.php\/wp-json\/wp\/v2\/posts"}],"about":[{"href":"http:\/\/www.tvturk.com\/index.php\/wp-json\/wp\/v2\/types\/post"}],"author":[{"embeddable":true,"href":"http:\/\/www.tvturk.com\/index.php\/wp-json\/wp\/v2\/users\/1"}],"replies":[{"embeddable":true,"href":"http:\/\/www.tvturk.com\/index.php\/wp-json\/wp\/v2\/comments?post=190457"}],"version-history":[{"count":0,"href":"http:\/\/www.tvturk.com\/index.php\/wp-json\/wp\/v2\/posts\/190457\/revisions"}],"wp:featuredmedia":[{"embeddable":true,"href":"http:\/\/www.tvturk.com\/index.php\/wp-json\/wp\/v2\/media\/190458"}],"wp:attachment":[{"href":"http:\/\/www.tvturk.com\/index.php\/wp-json\/wp\/v2\/media?parent=190457"}],"wp:term":[{"taxonomy":"category","embeddable":true,"href":"http:\/\/www.tvturk.com\/index.php\/wp-json\/wp\/v2\/categories?post=190457"},{"taxonomy":"post_tag","embeddable":true,"href":"http:\/\/www.tvturk.com\/index.php\/wp-json\/wp\/v2\/tags?post=190457"}],"curies":[{"name":"wp","href":"https:\/\/api.w.org\/{rel}","templated":true}]}}